{"id":27173,"date":"2026-04-29T21:24:37","date_gmt":"2026-04-29T19:24:37","guid":{"rendered":"https:\/\/monde25.info\/index.php\/2026\/04\/29\/une-religieuse-francaise-violemment-agressee-a-jerusalem-ou-est-la-solidarite-judeo-chretienne\/"},"modified":"2026-04-29T21:24:37","modified_gmt":"2026-04-29T19:24:37","slug":"une-religieuse-francaise-violemment-agressee-a-jerusalem-ou-est-la-solidarite-judeo-chretienne","status":"publish","type":"post","link":"https:\/\/monde25.info\/index.php\/2026\/04\/29\/une-religieuse-francaise-violemment-agressee-a-jerusalem-ou-est-la-solidarite-judeo-chretienne\/","title":{"rendered":"Une religieuse fran\u00e7aise violemment agress\u00e9e \u00e0 J\u00e9rusalem : o\u00f9 est la solidarit\u00e9 jud\u00e9o-chr\u00e9tienne ?"},"content":{"rendered":"<p> <br \/>\n<\/p>\n<div>\n<p><span class=\"css-1jxf684 r-bcqeeo r-1ttztb7 r-qvutc0 r-poiln3 r-1adg3ll r-1g7jtus r-1x3r274\"><span class=\"css-1jxf684 r-bcqeeo r-1ttztb7 r-qvutc0 r-poiln3\"><span class=\"css-1jxf684 r-bcqeeo r-1ttztb7 r-qvutc0 r-poiln3 r-1x3r274\"><span class=\"dropcap \" style=\"background-color: #ffffff; color: #000000; border-color: #ffffff;\"><strong>U<\/strong><\/span>ne s\u0153ur fran\u00e7aise, chercheuse \u00e0 l\u2019\u00c9cole biblique de J\u00e9rusalem, a \u00e9t\u00e9 agress\u00e9e gratuitement lundi pr\u00e8s du C\u00e9nacle. L\u2019acte, qualifi\u00e9 de violence sectaire, a choqu\u00e9 la communaut\u00e9 chr\u00e9tienne. Elle a \u00e9t\u00e9 pouss\u00e9e et frapp\u00e9e sans raison apparente. <\/span><\/span><\/span><\/p>\n<p><span class=\"css-1jxf684 r-bcqeeo r-1ttztb7 r-qvutc0 r-poiln3 r-1adg3ll r-1g7jtus r-1x3r274\"><span class=\"css-1jxf684 r-bcqeeo r-1ttztb7 r-qvutc0 r-poiln3\"><span class=\"css-1jxf684 r-bcqeeo r-1ttztb7 r-qvutc0 r-poiln3 r-1x3r274\">Le p\u00e8re Olivier Poquillon, directeur de l\u2019EBAF, a condamn\u00e9 fermement cette attaque. La France a r\u00e9agi via son consulat. Elle exige justice et un prompt r\u00e9tablissement pour la victime.<\/span><\/span><\/span><\/p>\n<hr\/>\n<p><span class=\"css-1jxf684 r-bcqeeo r-1ttztb7 r-qvutc0 r-poiln3 r-1adg3ll r-1g7jtus r-1x3r274\"><span class=\"css-1jxf684 r-bcqeeo r-1ttztb7 r-qvutc0 r-poiln3\"><span class=\"css-1jxf684 r-bcqeeo r-1ttztb7 r-qvutc0 r-poiln3 r-1x3r274\"><img loading=\"lazy\" data-recalc-dims=\"1\" decoding=\"async\" data-attachment-id=\"6066112\" data-permalink=\"https:\/\/www.lelibrepenseur.org\/une-religieuse-francaise-violemment-agressee-a-jerusalem-ou-est-la-solidarite-judeo-chretienne\/religieuse-francaise-violemment-agressee-a-jerusalem\/\" data-orig-file=\"https:\/\/i0.wp.com\/www.lelibrepenseur.org\/wp-content\/uploads\/2026\/04\/religieuse-francaise-violemment-agressee-a-Jerusalem.jpg?fit=999%2C1576&amp;ssl=1\" data-orig-size=\"999,1576\" data-comments-opened=\"1\" data-image-meta=\"{&quot;aperture&quot;:&quot;0&quot;,&quot;credit&quot;:&quot;&quot;,&quot;camera&quot;:&quot;&quot;,&quot;caption&quot;:&quot;&quot;,&quot;created_timestamp&quot;:&quot;0&quot;,&quot;copyright&quot;:&quot;&quot;,&quot;focal_length&quot;:&quot;0&quot;,&quot;iso&quot;:&quot;0&quot;,&quot;shutter_speed&quot;:&quot;0&quot;,&quot;title&quot;:&quot;&quot;,&quot;orientation&quot;:&quot;0&quot;}\" data-image-title=\"religieuse fran\u00e7aise violemment agress\u00e9e \u00e0 J\u00e9rusalem\" data-image-description=\"\" data-image-caption=\"\" data-medium-file=\"https:\/\/i0.wp.com\/www.lelibrepenseur.org\/wp-content\/uploads\/2026\/04\/religieuse-francaise-violemment-agressee-a-Jerusalem.jpg?fit=190%2C300&amp;ssl=1\" data-large-file=\"https:\/\/i0.wp.com\/www.lelibrepenseur.org\/wp-content\/uploads\/2026\/04\/religieuse-francaise-violemment-agressee-a-Jerusalem.jpg?fit=649%2C1024&amp;ssl=1\" class=\" wp-image-6066112 aligncenter\" src=\"https:\/\/i0.wp.com\/www.lelibrepenseur.org\/wp-content\/uploads\/2026\/04\/religieuse-francaise-violemment-agressee-a-Jerusalem.jpg?resize=370%2C584&amp;ssl=1\" alt=\"\" width=\"370\" height=\"584\" srcset=\"https:\/\/i0.wp.com\/www.lelibrepenseur.org\/wp-content\/uploads\/2026\/04\/religieuse-francaise-violemment-agressee-a-Jerusalem.jpg?w=999&amp;ssl=1 999w, https:\/\/i0.wp.com\/www.lelibrepenseur.org\/wp-content\/uploads\/2026\/04\/religieuse-francaise-violemment-agressee-a-Jerusalem.jpg?resize=190%2C300&amp;ssl=1 190w, https:\/\/i0.wp.com\/www.lelibrepenseur.org\/wp-content\/uploads\/2026\/04\/religieuse-francaise-violemment-agressee-a-Jerusalem.jpg?resize=649%2C1024&amp;ssl=1 649w, https:\/\/i0.wp.com\/www.lelibrepenseur.org\/wp-content\/uploads\/2026\/04\/religieuse-francaise-violemment-agressee-a-Jerusalem.jpg?resize=768%2C1212&amp;ssl=1 768w, https:\/\/i0.wp.com\/www.lelibrepenseur.org\/wp-content\/uploads\/2026\/04\/religieuse-francaise-violemment-agressee-a-Jerusalem.jpg?resize=974%2C1536&amp;ssl=1 974w, https:\/\/i0.wp.com\/www.lelibrepenseur.org\/wp-content\/uploads\/2026\/04\/religieuse-francaise-violemment-agressee-a-Jerusalem.jpg?resize=15%2C24&amp;ssl=1 15w, https:\/\/i0.wp.com\/www.lelibrepenseur.org\/wp-content\/uploads\/2026\/04\/religieuse-francaise-violemment-agressee-a-Jerusalem.jpg?resize=23%2C36&amp;ssl=1 23w, https:\/\/i0.wp.com\/www.lelibrepenseur.org\/wp-content\/uploads\/2026\/04\/religieuse-francaise-violemment-agressee-a-Jerusalem.jpg?resize=30%2C48&amp;ssl=1 30w, https:\/\/i0.wp.com\/www.lelibrepenseur.org\/wp-content\/uploads\/2026\/04\/religieuse-francaise-violemment-agressee-a-Jerusalem.jpg?resize=600%2C947&amp;ssl=1 600w, https:\/\/i0.wp.com\/www.lelibrepenseur.org\/wp-content\/uploads\/2026\/04\/religieuse-francaise-violemment-agressee-a-Jerusalem.jpg?resize=750%2C1183&amp;ssl=1 750w\" sizes=\"auto, (max-width: 370px) 100vw, 370px\" data-pagespeed-url-hash=\"2670823844\" data-pagespeed-onload=\"pagespeed.CriticalImages.checkImageForCriticality(this);\" onload=\"var elem=this;if (this==window) elem=document.body;elem.setAttribute('data-pagespeed-loaded', 1)\"\/><br \/><\/span><\/span><\/span><\/p>\n<hr\/>\n<p><span class=\"css-1jxf684 r-bcqeeo r-1ttztb7 r-qvutc0 r-poiln3 r-1adg3ll r-1g7jtus r-1x3r274\"><span class=\"css-1jxf684 r-bcqeeo r-1ttztb7 r-qvutc0 r-poiln3\"><span class=\"css-1jxf684 r-bcqeeo r-1ttztb7 r-qvutc0 r-poiln3 r-1x3r274\">Pourtant, le silence de certains d\u00e9fenseurs des chr\u00e9tiens d\u2019Orient interroge. <\/span><\/span><\/span><span class=\"css-1jxf684 r-bcqeeo r-1ttztb7 r-qvutc0 r-poiln3 r-1adg3ll r-1g7jtus r-1x3r274\"><span class=\"css-1jxf684 r-bcqeeo r-1ttztb7 r-qvutc0 r-poiln3\"><span class=\"css-1jxf684 r-bcqeeo r-1ttztb7 r-qvutc0 r-poiln3 r-1x3r274\"><strong>Sarah Knafo<\/strong>, responsable d\u2019une association de protection des chr\u00e9tiens, n\u2019a pas communiqu\u00e9 sur cet incident. Elle r\u00e9agit pourtant vite face aux pers\u00e9cutions islamistes, m\u00eame tr\u00e8s vite. Ce mutisme s\u00e9lectif r\u00e9v\u00e8le un double standard troublant. Imaginez une seconde si l\u2019agresseur s\u2019appelait Karim ou Madjid\u2026<\/span><\/span><\/span><\/p>\n<p><span class=\"css-1jxf684 r-bcqeeo r-1ttztb7 r-qvutc0 r-poiln3 r-1adg3ll r-1g7jtus r-1x3r274\"><span class=\"css-1jxf684 r-bcqeeo r-1ttztb7 r-qvutc0 r-poiln3\"><span class=\"css-1jxf684 r-bcqeeo r-1ttztb7 r-qvutc0 r-poiln3 r-1x3r274\">Les tensions entre extr\u00e9mistes juifs et chr\u00e9tiens \u00e0 J\u00e9rusalem existent depuis longtemps. Crachats, insultes et agressions ponctuelles se r\u00e9p\u00e8tent. C<\/span><\/span><\/span><span class=\"css-1jxf684 r-bcqeeo r-1ttztb7 r-qvutc0 r-poiln3 r-1adg3ll r-1g7jtus r-1x3r274\"><span class=\"css-1jxf684 r-bcqeeo r-1ttztb7 r-qvutc0 r-poiln3\"><span class=\"css-1jxf684 r-bcqeeo r-1ttztb7 r-qvutc0 r-poiln3 r-1x3r274\">es incidents soulignent les limites d\u2019une coexistence r\u00e9elle avec des messianiste supr\u00e9macistes cingl\u00e9s. <\/span><\/span><\/span><\/p>\n<p><span class=\"css-1jxf684 r-bcqeeo r-1ttztb7 r-qvutc0 r-poiln3 r-1adg3ll r-1g7jtus r-1x3r274\"><span class=\"css-1jxf684 r-bcqeeo r-1ttztb7 r-qvutc0 r-poiln3\"><span class=\"css-1jxf684 r-bcqeeo r-1ttztb7 r-qvutc0 r-poiln3 r-1x3r274\">La fameuse civilisation jud\u00e9o-chr\u00e9tienne semble bien fragile sur le terrain. C\u2019est un concept m\u00e9diatique, une escroquerie path\u00e9tiques diffus\u00e9e par des <em>sayanim<\/em> aussi ridicules que stupides. On attend avec impatience les commentaires savant de Michou Onfray et son copain Zemmour\u2026<\/span><\/span><\/span><\/p>\n<\/div>\n<p><br \/>\n<br \/><a href=\"https:\/\/www.lelibrepenseur.org\/une-religieuse-francaise-violemment-agressee-a-jerusalem-ou-est-la-solidarite-judeo-chretienne\/\" target=\"_blank\"\">Source link <\/a><\/p>\n","protected":false},"excerpt":{"rendered":"<p>Une s\u0153ur fran\u00e7aise, chercheuse \u00e0 l\u2019\u00c9cole biblique de J\u00e9rusalem, a \u00e9t\u00e9 agress\u00e9e gratuitement lundi pr\u00e8s du C\u00e9nacle. L\u2019acte, qualifi\u00e9 de violence sectaire, a choqu\u00e9 la communaut\u00e9 chr\u00e9tienne. Elle a \u00e9t\u00e9&hellip; <\/p>\n","protected":false},"author":1,"featured_media":0,"comment_status":"open","ping_status":"open","sticky":false,"template":"","format":"standard","meta":{"footnotes":""},"categories":[1],"tags":[],"class_list":["post-27173","post","type-post","status-publish","format-standard","hentry","category-non-classe"],"_links":{"self":[{"href":"https:\/\/monde25.info\/index.php\/wp-json\/wp\/v2\/posts\/27173","targetHints":{"allow":["GET"]}}],"collection":[{"href":"https:\/\/monde25.info\/index.php\/wp-json\/wp\/v2\/posts"}],"about":[{"href":"https:\/\/monde25.info\/index.php\/wp-json\/wp\/v2\/types\/post"}],"author":[{"embeddable":true,"href":"https:\/\/monde25.info\/index.php\/wp-json\/wp\/v2\/users\/1"}],"replies":[{"embeddable":true,"href":"https:\/\/monde25.info\/index.php\/wp-json\/wp\/v2\/comments?post=27173"}],"version-history":[{"count":0,"href":"https:\/\/monde25.info\/index.php\/wp-json\/wp\/v2\/posts\/27173\/revisions"}],"wp:attachment":[{"href":"https:\/\/monde25.info\/index.php\/wp-json\/wp\/v2\/media?parent=27173"}],"wp:term":[{"taxonomy":"category","embeddable":true,"href":"https:\/\/monde25.info\/index.php\/wp-json\/wp\/v2\/categories?post=27173"},{"taxonomy":"post_tag","embeddable":true,"href":"https:\/\/monde25.info\/index.php\/wp-json\/wp\/v2\/tags?post=27173"}],"curies":[{"name":"wp","href":"https:\/\/api.w.org\/{rel}","templated":true}]}}