{"id":27185,"date":"2026-04-30T07:18:38","date_gmt":"2026-04-30T05:18:38","guid":{"rendered":"https:\/\/monde25.info\/index.php\/2026\/04\/30\/trump-critique-berlin-sur-la-guerre-contre-liran-et-defend-laxe-americano-israelien-rt-en-francais\/"},"modified":"2026-04-30T07:18:38","modified_gmt":"2026-04-30T05:18:38","slug":"trump-critique-berlin-sur-la-guerre-contre-liran-et-defend-laxe-americano-israelien-rt-en-francais","status":"publish","type":"post","link":"https:\/\/monde25.info\/index.php\/2026\/04\/30\/trump-critique-berlin-sur-la-guerre-contre-liran-et-defend-laxe-americano-israelien-rt-en-francais\/","title":{"rendered":"Trump critique Berlin sur la guerre contre l\u2019Iran et d\u00e9fend l\u2019axe am\u00e9ricano-isra\u00e9lien \u2014 RT en fran\u00e7ais"},"content":{"rendered":"<p> <br \/>\n<br \/><img decoding=\"async\" src=\"https:\/\/mf.b37mrtl.ru\/french\/images\/2026.04\/thumbnail\/69f1d46c6f7ccc059d5bdc93.jpg\" \/><\/p>\n<div>\n<p class=\"text__summary\">\n                                        Donald Trump critique durement l\u2019Allemagne et d\u00e9fend la guerre contre l\u2019Iran comme n\u00e9cessaire, tandis que Friedrich Merz met en garde contre les risques d\u2019enlisement militaire et diplomatique. Cette passe d\u2019armes illustre des tensions croissantes entre Washington et ses alli\u00e9s europ\u00e9ens.\n                                    <\/p>\n<p data-start=\"90\" data-end=\"585\">Donald <a target=\"_blank\" href=\"https:\/\/francais.rt.com\/news\/133654-deux-rois-trump-devient-monarque-legende-ajoutee-maison-blanche-photo-charles-iii\">Trump<\/a> a vivement critiqu\u00e9 le chancelier allemand Friedrich Merz apr\u00e8s ses r\u00e9serves sur la guerre am\u00e9ricano-isra\u00e9lienne contre l\u2019Iran, affirmant que T\u00e9h\u00e9ran ne doit en aucun cas acc\u00e9der \u00e0 l\u2019arme nucl\u00e9aire.<\/p>\n<p data-start=\"90\" data-end=\"585\">Sur les r\u00e9seaux sociaux, le pr\u00e9sident am\u00e9ricain a d\u00e9clar\u00e9 : \u00ab Le chancelier allemand, Friedrich Merz, pense qu\u2019il est acceptable que l\u2019Iran poss\u00e8de l\u2019arme nucl\u00e9aire. Il ne sait pas de quoi il parle ! Si l\u2019Iran poss\u00e9dait l\u2019arme nucl\u00e9aire, le monde entier serait pris en otage. \u00bb<\/p>\n<p data-start=\"90\" data-end=\"585\">Trump a ajout\u00e9 : \u00ab Je fais en ce moment m\u00eame avec l\u2019Iran quelque chose que d\u2019autres nations, ou pr\u00e9sidents, auraient d\u00fb faire depuis longtemps. \u00bb Il a li\u00e9 cette position \u00e0 la situation \u00e9conomique allemande, qu\u2019il juge d\u00e9grad\u00e9e. Ces d\u00e9clarations traduisent notamment sa frustration r\u00e9currente envers les alli\u00e9s europ\u00e9ens et l\u2019<a target=\"_blank\" href=\"https:\/\/francais.rt.com\/news\/133606-otan-envisager-renoncer-sommets-annuels-pour-eviter-rencontres-tendues-avec-trump\">OTAN<\/a>, accus\u00e9s de ne pas soutenir suffisamment l\u2019effort militaire.<\/p>\n<h2 data-start=\"90\" data-end=\"585\">Des fractures de plus en plus marqu\u00e9es<\/h2>\n<p data-start=\"90\" data-end=\"585\">De son c\u00f4t\u00e9, Friedrich Merz a qualifi\u00e9 la guerre contre l\u2019Iran d\u2019\u00ab inconsid\u00e9r\u00e9e \u00bb, rappelant les \u00e9checs des interventions prolong\u00e9es en Afghanistan et en Irak. Il a averti qu\u2019il ne suffit pas d\u2019entrer dans un conflit, mais qu\u2019il faut aussi savoir en sortir, soulignant les risques d\u2019enlisement strat\u00e9gique et politique.<\/p>\n<p data-start=\"983\" data-end=\"1302\">Le chancelier allemand a \u00e9galement laiss\u00e9 entendre que les \u00c9tats-Unis \u00e9taient affaiblis par la strat\u00e9gie iranienne de n\u00e9gociation, bien que Berlin maintienne une position historiquement pro-isra\u00e9lienne. Toutefois, la hausse des prix de l\u2019\u00e9nergie et les tensions \u00e9conomiques en Europe compliquent la position allemande face \u00e0 l\u2019escalade militaire.<\/p>\n<p data-start=\"1304\" data-end=\"1647\">Trump a, de son c\u00f4t\u00e9, r\u00e9affirm\u00e9 que la guerre visait \u00e0 emp\u00eacher l\u2019Iran de se doter de l\u2019arme nucl\u00e9aire, malgr\u00e9 des divergences au sein m\u00eame du renseignement am\u00e9ricain. Le conflit r\u00e9v\u00e8le ainsi de profondes fractures\u00a0de plus en plus marqu\u00e9es entre Washington et ses alli\u00e9s europ\u00e9ens face \u00e0 la r\u00e9sistance iranienne.<\/p>\n<\/div>\n<p><br \/>\n<br \/><a href=\"https:\/\/francais.rt.com\/international\/133665-trump-critique-berlin-sur-guerre-contre-iran-defend-axe-americano-israelien\" target=\"_blank\"\">Source link <\/a><\/p>\n","protected":false},"excerpt":{"rendered":"<p>Donald Trump critique durement l\u2019Allemagne et d\u00e9fend la guerre contre l\u2019Iran comme n\u00e9cessaire, tandis que Friedrich Merz met en garde contre les risques d\u2019enlisement militaire et diplomatique. Cette passe d\u2019armes&hellip; <\/p>\n","protected":false},"author":1,"featured_media":27186,"comment_status":"open","ping_status":"open","sticky":false,"template":"","format":"standard","meta":{"footnotes":""},"categories":[1],"tags":[],"class_list":["post-27185","post","type-post","status-publish","format-standard","has-post-thumbnail","hentry","category-non-classe"],"_links":{"self":[{"href":"https:\/\/monde25.info\/index.php\/wp-json\/wp\/v2\/posts\/27185","targetHints":{"allow":["GET"]}}],"collection":[{"href":"https:\/\/monde25.info\/index.php\/wp-json\/wp\/v2\/posts"}],"about":[{"href":"https:\/\/monde25.info\/index.php\/wp-json\/wp\/v2\/types\/post"}],"author":[{"embeddable":true,"href":"https:\/\/monde25.info\/index.php\/wp-json\/wp\/v2\/users\/1"}],"replies":[{"embeddable":true,"href":"https:\/\/monde25.info\/index.php\/wp-json\/wp\/v2\/comments?post=27185"}],"version-history":[{"count":0,"href":"https:\/\/monde25.info\/index.php\/wp-json\/wp\/v2\/posts\/27185\/revisions"}],"wp:featuredmedia":[{"embeddable":true,"href":"https:\/\/monde25.info\/index.php\/wp-json\/wp\/v2\/media\/27186"}],"wp:attachment":[{"href":"https:\/\/monde25.info\/index.php\/wp-json\/wp\/v2\/media?parent=27185"}],"wp:term":[{"taxonomy":"category","embeddable":true,"href":"https:\/\/monde25.info\/index.php\/wp-json\/wp\/v2\/categories?post=27185"},{"taxonomy":"post_tag","embeddable":true,"href":"https:\/\/monde25.info\/index.php\/wp-json\/wp\/v2\/tags?post=27185"}],"curies":[{"name":"wp","href":"https:\/\/api.w.org\/{rel}","templated":true}]}}