{"id":2719,"date":"2025-02-16T07:38:22","date_gmt":"2025-02-16T06:38:22","guid":{"rendered":"https:\/\/monde25.info\/index.php\/2025\/02\/16\/la-litterature-affranchit-nasser-abu-srour-sequestre-palestinien\/"},"modified":"2025-02-16T07:38:22","modified_gmt":"2025-02-16T06:38:22","slug":"la-litterature-affranchit-nasser-abu-srour-sequestre-palestinien","status":"publish","type":"post","link":"https:\/\/monde25.info\/index.php\/2025\/02\/16\/la-litterature-affranchit-nasser-abu-srour-sequestre-palestinien\/","title":{"rendered":"La litt\u00e9rature affranchit Nasser Abu Srour, s\u00e9questr\u00e9 palestinien"},"content":{"rendered":"<p> <br \/>\n<br \/>N\u00e9 en 1969 dans un camp pr\u00e8s de Bethl\u00e9em, le Palestinien Nasser Abu Srour est incarc\u00e9r\u00e9 \u00e0 perp\u00e9tuit\u00e9 en Isra\u00ebl depuis 1993, accus\u00e9 du meurtre d\u2019un officier des services de renseignement lors de la premi\u00e8re Intifada. Il tire un texte \u00e9blouissant de sa nuit carc\u00e9rale.<br \/>\n<br \/><br \/>\n<br \/><a href=\"https:\/\/www.mediapart.fr\/journal\/culture-et-idees\/150225\/la-litterature-affranchit-nasser-abu-srour-sequestre-palestinien\" target=\"_blank\"\">Source link <\/a><\/p>\n","protected":false},"excerpt":{"rendered":"<p>N\u00e9 en 1969 dans un camp pr\u00e8s de Bethl\u00e9em, le Palestinien Nasser Abu Srour est incarc\u00e9r\u00e9 \u00e0 perp\u00e9tuit\u00e9 en Isra\u00ebl depuis 1993, accus\u00e9 du meurtre d\u2019un officier des services de&hellip; <\/p>\n","protected":false},"author":1,"featured_media":2720,"comment_status":"open","ping_status":"open","sticky":false,"template":"","format":"standard","meta":{"footnotes":""},"categories":[1],"tags":[],"class_list":["post-2719","post","type-post","status-publish","format-standard","has-post-thumbnail","hentry","category-non-classe"],"_links":{"self":[{"href":"https:\/\/monde25.info\/index.php\/wp-json\/wp\/v2\/posts\/2719","targetHints":{"allow":["GET"]}}],"collection":[{"href":"https:\/\/monde25.info\/index.php\/wp-json\/wp\/v2\/posts"}],"about":[{"href":"https:\/\/monde25.info\/index.php\/wp-json\/wp\/v2\/types\/post"}],"author":[{"embeddable":true,"href":"https:\/\/monde25.info\/index.php\/wp-json\/wp\/v2\/users\/1"}],"replies":[{"embeddable":true,"href":"https:\/\/monde25.info\/index.php\/wp-json\/wp\/v2\/comments?post=2719"}],"version-history":[{"count":0,"href":"https:\/\/monde25.info\/index.php\/wp-json\/wp\/v2\/posts\/2719\/revisions"}],"wp:featuredmedia":[{"embeddable":true,"href":"https:\/\/monde25.info\/index.php\/wp-json\/wp\/v2\/media\/2720"}],"wp:attachment":[{"href":"https:\/\/monde25.info\/index.php\/wp-json\/wp\/v2\/media?parent=2719"}],"wp:term":[{"taxonomy":"category","embeddable":true,"href":"https:\/\/monde25.info\/index.php\/wp-json\/wp\/v2\/categories?post=2719"},{"taxonomy":"post_tag","embeddable":true,"href":"https:\/\/monde25.info\/index.php\/wp-json\/wp\/v2\/tags?post=2719"}],"curies":[{"name":"wp","href":"https:\/\/api.w.org\/{rel}","templated":true}]}}