{"id":27192,"date":"2026-04-30T09:30:36","date_gmt":"2026-04-30T07:30:36","guid":{"rendered":"https:\/\/monde25.info\/index.php\/2026\/04\/30\/un-sentiment-despoir-est-en-train-de-naitre-le-sommet-inedit-pour-la-sortie-des-fossiles-sacheve\/"},"modified":"2026-04-30T09:30:36","modified_gmt":"2026-04-30T07:30:36","slug":"un-sentiment-despoir-est-en-train-de-naitre-le-sommet-inedit-pour-la-sortie-des-fossiles-sacheve","status":"publish","type":"post","link":"https:\/\/monde25.info\/index.php\/2026\/04\/30\/un-sentiment-despoir-est-en-train-de-naitre-le-sommet-inedit-pour-la-sortie-des-fossiles-sacheve\/","title":{"rendered":"\u00ab\u00a0Un sentiment d&#039;espoir est en train de na\u00eetre\u00a0\u00bb\u00a0: le sommet in\u00e9dit pour la sortie des fossiles s&#039;ach\u00e8ve"},"content":{"rendered":"<p> <br \/>\n<br \/><img loading=\"lazy\" decoding=\"async\" src=\"https:\/\/reporterre.net\/local\/cache-vignettes\/L700xH467\/afp__20260430__a9e97zt__v1__highres__colombiaenergyconference_1_-fd160.jpg?1777533176\" class=\"spip_logo\" width=\"700\" height=\"467\" alt=\"\" \/><\/p>\n<p>Le sommet de Santa Marta, en Colombie, sur la sortie des \u00e9nergies fossiles s&rsquo;est achev\u00e9 le 29\u00a0avril. Un \u00e9v\u00e9nement in\u00e9dit et porteur \u00ab<small class=\"fine d-inline\">\u00a0<\/small>d&rsquo;espoir<small class=\"fine d-inline\">\u00a0<\/small>\u00bb pour Fanny Petitbon, responsable France de l&rsquo;<span class=\"caps\">ONG<\/span> 350.org. <br class=\"autobr\" \/> Le sommet de Santa Marta (Colombie) fera-t-il figure de tournant dans la lutte pour la sortie des \u00e9nergies fossiles, soit le secteur contribuant le plus au r\u00e9chauffement climatique dans le monde<small class=\"fine d-inline\">\u00a0<\/small>? Cette r\u00e9union diplomatique internationale, qui a r\u00e9uni du 24 au 29\u00a0avril une cinquantaine de\u00a0(\u2026)<\/p>\n<p>                    <a target=\"_blank\" href=\"https:\/\/reporterre.net\/Un-sentiment-d-espoir-est-en-train-de-naitre-le-sommet-inedit-pour-la-sortie-des-fossiles?utm_source=RSS&amp;utm_medium=RSS\">Lire la suite<\/a><\/p>\n<p>                    &#8211;<br \/>\n                        <a target=\"_blank\" href=\"https:\/\/reporterre.net\/Autres-infos\" rel=\"directory\">Info<\/a><\/p>\n<p>                    \/<br \/>\n                        <a target=\"_blank\" href=\"https:\/\/reporterre.net\/Energie\" rel=\"tag\">\u00c9nergie<\/a><br \/>\n                    ,<br \/>\n                        <a target=\"_blank\" href=\"https:\/\/reporterre.net\/International\" rel=\"tag\">Monde<\/a><br \/>\n<br \/><br \/>\n<br \/><a href=\"https:\/\/reporterre.net\/Un-sentiment-d-espoir-est-en-train-de-naitre-le-sommet-inedit-pour-la-sortie-des-fossiles\" target=\"_blank\"\">Source link <\/a><\/p>\n","protected":false},"excerpt":{"rendered":"<p>Le sommet de Santa Marta, en Colombie, sur la sortie des \u00e9nergies fossiles s&rsquo;est achev\u00e9 le 29\u00a0avril. Un \u00e9v\u00e9nement in\u00e9dit et porteur \u00ab\u00a0d&rsquo;espoir\u00a0\u00bb pour Fanny Petitbon, responsable France de l&rsquo;ONG&hellip; <\/p>\n","protected":false},"author":1,"featured_media":0,"comment_status":"open","ping_status":"open","sticky":false,"template":"","format":"standard","meta":{"footnotes":""},"categories":[1],"tags":[],"class_list":["post-27192","post","type-post","status-publish","format-standard","hentry","category-non-classe"],"_links":{"self":[{"href":"https:\/\/monde25.info\/index.php\/wp-json\/wp\/v2\/posts\/27192","targetHints":{"allow":["GET"]}}],"collection":[{"href":"https:\/\/monde25.info\/index.php\/wp-json\/wp\/v2\/posts"}],"about":[{"href":"https:\/\/monde25.info\/index.php\/wp-json\/wp\/v2\/types\/post"}],"author":[{"embeddable":true,"href":"https:\/\/monde25.info\/index.php\/wp-json\/wp\/v2\/users\/1"}],"replies":[{"embeddable":true,"href":"https:\/\/monde25.info\/index.php\/wp-json\/wp\/v2\/comments?post=27192"}],"version-history":[{"count":0,"href":"https:\/\/monde25.info\/index.php\/wp-json\/wp\/v2\/posts\/27192\/revisions"}],"wp:attachment":[{"href":"https:\/\/monde25.info\/index.php\/wp-json\/wp\/v2\/media?parent=27192"}],"wp:term":[{"taxonomy":"category","embeddable":true,"href":"https:\/\/monde25.info\/index.php\/wp-json\/wp\/v2\/categories?post=27192"},{"taxonomy":"post_tag","embeddable":true,"href":"https:\/\/monde25.info\/index.php\/wp-json\/wp\/v2\/tags?post=27192"}],"curies":[{"name":"wp","href":"https:\/\/api.w.org\/{rel}","templated":true}]}}