{"id":27200,"date":"2026-04-30T13:21:36","date_gmt":"2026-04-30T11:21:36","guid":{"rendered":"https:\/\/monde25.info\/index.php\/2026\/04\/30\/les-menaces-cest-termine-la-jeunesse-tient-tete-au-maire-rn-de-carcassonne\/"},"modified":"2026-04-30T13:21:36","modified_gmt":"2026-04-30T11:21:36","slug":"les-menaces-cest-termine-la-jeunesse-tient-tete-au-maire-rn-de-carcassonne","status":"publish","type":"post","link":"https:\/\/monde25.info\/index.php\/2026\/04\/30\/les-menaces-cest-termine-la-jeunesse-tient-tete-au-maire-rn-de-carcassonne\/","title":{"rendered":"\u00ab\u00a0Les menaces, c&#039;est termin\u00e9\u00a0\u00bb\u00a0: la jeunesse tient t\u00eate au maire RN de Carcassonne"},"content":{"rendered":"<p> <br \/>\n<br \/><img loading=\"lazy\" decoding=\"async\" src=\"https:\/\/reporterre.net\/local\/cache-vignettes\/L700xH467\/16-aberlioz-2026-04-29-1ed68.jpg?1777532963\" class=\"spip_logo\" width=\"700\" height=\"467\" alt=\"\" \/><\/p>\n<p>Plus de 300 personnes ont manifest\u00e9 \u00e0 Carcassonne, le 29\u00a0avril, contre l&rsquo;extr\u00eame droite. La veille, le nouveau maire <span class=\"caps\">RN<\/span> avait certifi\u00e9 qu&rsquo;il couperait les subventions aux organisations pr\u00e9sentes. \u00ab<small class=\"fine d-inline\">\u00a0<\/small>On ne se taira plus<small class=\"fine d-inline\">\u00a0<\/small>\u00bb, r\u00e9pondent-elles. <br class=\"autobr\" \/><br \/>\nCarcassonne (Aude), reportage <br class=\"autobr\" \/><br \/>\nC&rsquo;est une tentative d&rsquo;intimidation manqu\u00e9e. \u00c0 l&rsquo;appel du collectif d&rsquo;\u00e9tudiants et de lyc\u00e9ens Nous Carcassonne, plus de 300\u00a0personnes ont d\u00e9fil\u00e9 mercredi 29\u00a0avril dans le centre de Carcassonne jusqu&rsquo;aux remparts de la cit\u00e9\u00a0(\u2026)<\/p>\n<p>                    <a target=\"_blank\" href=\"https:\/\/reporterre.net\/Les-menaces-c-est-termine-la-jeunesse-tient-tete-au-maire-RN-de-Carcassonne?utm_source=RSS&amp;utm_medium=RSS\">Lire la suite<\/a><\/p>\n<p>                    &#8211;<br \/>\n                        <a target=\"_blank\" href=\"https:\/\/reporterre.net\/Reportage\" rel=\"directory\">Reportage<\/a><\/p>\n<p>                    \/<br \/>\n                        <a target=\"_blank\" href=\"https:\/\/reporterre.net\/Luttes\" rel=\"tag\">Luttes<\/a><br \/>\n                    ,<br \/>\n                        <a target=\"_blank\" href=\"https:\/\/reporterre.net\/Politique\" rel=\"tag\">Politique<\/a><br \/>\n<br \/><br \/>\n<br \/><a href=\"https:\/\/reporterre.net\/Les-menaces-c-est-termine-la-jeunesse-tient-tete-au-maire-RN-de-Carcassonne\" target=\"_blank\"\">Source link <\/a><\/p>\n","protected":false},"excerpt":{"rendered":"<p>Plus de 300 personnes ont manifest\u00e9 \u00e0 Carcassonne, le 29\u00a0avril, contre l&rsquo;extr\u00eame droite. La veille, le nouveau maire RN avait certifi\u00e9 qu&rsquo;il couperait les subventions aux organisations pr\u00e9sentes. \u00ab\u00a0On ne&hellip; <\/p>\n","protected":false},"author":1,"featured_media":0,"comment_status":"open","ping_status":"open","sticky":false,"template":"","format":"standard","meta":{"footnotes":""},"categories":[1],"tags":[],"class_list":["post-27200","post","type-post","status-publish","format-standard","hentry","category-non-classe"],"_links":{"self":[{"href":"https:\/\/monde25.info\/index.php\/wp-json\/wp\/v2\/posts\/27200","targetHints":{"allow":["GET"]}}],"collection":[{"href":"https:\/\/monde25.info\/index.php\/wp-json\/wp\/v2\/posts"}],"about":[{"href":"https:\/\/monde25.info\/index.php\/wp-json\/wp\/v2\/types\/post"}],"author":[{"embeddable":true,"href":"https:\/\/monde25.info\/index.php\/wp-json\/wp\/v2\/users\/1"}],"replies":[{"embeddable":true,"href":"https:\/\/monde25.info\/index.php\/wp-json\/wp\/v2\/comments?post=27200"}],"version-history":[{"count":0,"href":"https:\/\/monde25.info\/index.php\/wp-json\/wp\/v2\/posts\/27200\/revisions"}],"wp:attachment":[{"href":"https:\/\/monde25.info\/index.php\/wp-json\/wp\/v2\/media?parent=27200"}],"wp:term":[{"taxonomy":"category","embeddable":true,"href":"https:\/\/monde25.info\/index.php\/wp-json\/wp\/v2\/categories?post=27200"},{"taxonomy":"post_tag","embeddable":true,"href":"https:\/\/monde25.info\/index.php\/wp-json\/wp\/v2\/tags?post=27200"}],"curies":[{"name":"wp","href":"https:\/\/api.w.org\/{rel}","templated":true}]}}