{"id":27213,"date":"2026-04-30T19:57:45","date_gmt":"2026-04-30T17:57:45","guid":{"rendered":"https:\/\/monde25.info\/index.php\/2026\/04\/30\/laccord-avec-le-mercosur-entre-en-vigueur-sans-vote-du-parlement-europeen-cest-un-passage-en-force-democratique\/"},"modified":"2026-04-30T19:57:45","modified_gmt":"2026-04-30T17:57:45","slug":"laccord-avec-le-mercosur-entre-en-vigueur-sans-vote-du-parlement-europeen-cest-un-passage-en-force-democratique","status":"publish","type":"post","link":"https:\/\/monde25.info\/index.php\/2026\/04\/30\/laccord-avec-le-mercosur-entre-en-vigueur-sans-vote-du-parlement-europeen-cest-un-passage-en-force-democratique\/","title":{"rendered":"L&#039;accord avec le Mercosur entre en vigueur sans vote du Parlement europ\u00e9en\u00a0: \u00ab\u00a0C&#039;est un passage en force d\u00e9mocratique\u00a0\u00bb"},"content":{"rendered":"<p> <br \/>\n<br \/><img loading=\"lazy\" decoding=\"async\" src=\"https:\/\/reporterre.net\/local\/cache-vignettes\/L700xH467\/ursulavondermocratie-39c73.jpg?1777566696\" class=\"spip_logo\" width=\"700\" height=\"467\" alt=\"\" \/><\/p>\n<p>Le trait\u00e9 de libre-\u00e9change entre l&rsquo;Union europ\u00e9enne et le Mercosur entre en vigueur le 1\u1d49\u02b3 mai, malgr\u00e9 ses d\u00e9g\u00e2ts sur l&rsquo;environnement et l&rsquo;absence de vote sur le fond du Parlement europ\u00e9en, regrette l&rsquo;\u00e9conomiste Maxime Combes. <br class=\"autobr\" \/> C&rsquo;est un accord de libre-\u00e9change contest\u00e9 depuis 25\u00a0ans. Un texte qui pr\u00e9voit de supprimer 90<small class=\"fine d-inline\">\u00a0<\/small>% des droits de douane entre l&rsquo;Europe et plusieurs pays d&rsquo;Am\u00e9rique du Sud\u00a0: l&rsquo;Argentine, le Br\u00e9sil, le Paraguay et l&rsquo;Uruguay, ainsi que la Bolivie en tant que membre\u00a0(\u2026)<\/p>\n<p>                    <a target=\"_blank\" href=\"https:\/\/reporterre.net\/L-accord-avec-le-Mercosur-entre-en-vigueur-sans-vote-du-Parlement-europeen-C-est-un?utm_source=RSS&amp;utm_medium=RSS\">Lire la suite<\/a><\/p>\n<p>                    &#8211;<br \/>\n                        <a target=\"_blank\" href=\"https:\/\/reporterre.net\/Autres-infos\" rel=\"directory\">Info<\/a><\/p>\n<p>                    \/<br \/>\n                        <a target=\"_blank\" href=\"https:\/\/reporterre.net\/Economie\" rel=\"tag\">\u00c9conomie<\/a><br \/>\n                    ,<br \/>\n                        <a target=\"_blank\" href=\"https:\/\/reporterre.net\/Europe\" rel=\"tag\">Europe<\/a><br \/>\n                    ,<br \/>\n                        <a target=\"_blank\" href=\"https:\/\/reporterre.net\/Agriculture\" rel=\"tag\">Agriculture<\/a><br \/>\n                    ,<br \/>\n                        <a target=\"_blank\" href=\"https:\/\/reporterre.net\/International\" rel=\"tag\">Monde<\/a><br \/>\n<br \/><br \/>\n<br \/><a href=\"https:\/\/reporterre.net\/L-accord-avec-le-Mercosur-entre-en-vigueur-sans-vote-du-Parlement-europeen-C-est-un\" target=\"_blank\"\">Source link <\/a><\/p>\n","protected":false},"excerpt":{"rendered":"<p>Le trait\u00e9 de libre-\u00e9change entre l&rsquo;Union europ\u00e9enne et le Mercosur entre en vigueur le 1\u1d49\u02b3 mai, malgr\u00e9 ses d\u00e9g\u00e2ts sur l&rsquo;environnement et l&rsquo;absence de vote sur le fond du Parlement&hellip; <\/p>\n","protected":false},"author":1,"featured_media":0,"comment_status":"open","ping_status":"open","sticky":false,"template":"","format":"standard","meta":{"footnotes":""},"categories":[1],"tags":[],"class_list":["post-27213","post","type-post","status-publish","format-standard","hentry","category-non-classe"],"_links":{"self":[{"href":"https:\/\/monde25.info\/index.php\/wp-json\/wp\/v2\/posts\/27213","targetHints":{"allow":["GET"]}}],"collection":[{"href":"https:\/\/monde25.info\/index.php\/wp-json\/wp\/v2\/posts"}],"about":[{"href":"https:\/\/monde25.info\/index.php\/wp-json\/wp\/v2\/types\/post"}],"author":[{"embeddable":true,"href":"https:\/\/monde25.info\/index.php\/wp-json\/wp\/v2\/users\/1"}],"replies":[{"embeddable":true,"href":"https:\/\/monde25.info\/index.php\/wp-json\/wp\/v2\/comments?post=27213"}],"version-history":[{"count":0,"href":"https:\/\/monde25.info\/index.php\/wp-json\/wp\/v2\/posts\/27213\/revisions"}],"wp:attachment":[{"href":"https:\/\/monde25.info\/index.php\/wp-json\/wp\/v2\/media?parent=27213"}],"wp:term":[{"taxonomy":"category","embeddable":true,"href":"https:\/\/monde25.info\/index.php\/wp-json\/wp\/v2\/categories?post=27213"},{"taxonomy":"post_tag","embeddable":true,"href":"https:\/\/monde25.info\/index.php\/wp-json\/wp\/v2\/tags?post=27213"}],"curies":[{"name":"wp","href":"https:\/\/api.w.org\/{rel}","templated":true}]}}