{"id":27214,"date":"2026-04-30T20:30:38","date_gmt":"2026-04-30T18:30:38","guid":{"rendered":"https:\/\/monde25.info\/index.php\/2026\/04\/30\/le-koweit-prend-acte-de-la-position-iraquienne-et-attend-une-enquete-par-tareq-albanai\/"},"modified":"2026-04-30T20:30:38","modified_gmt":"2026-04-30T18:30:38","slug":"le-koweit-prend-acte-de-la-position-iraquienne-et-attend-une-enquete-par-tareq-albanai","status":"publish","type":"post","link":"https:\/\/monde25.info\/index.php\/2026\/04\/30\/le-koweit-prend-acte-de-la-position-iraquienne-et-attend-une-enquete-par-tareq-albanai\/","title":{"rendered":"Le Kowe\u00eft prend acte de la position iraquienne et attend une enqu\u00eate, par Tareq Albanai"},"content":{"rendered":"<p> <br \/>\n<\/p>\n<div>\n<div class=\"spip_document_253103 spip_document spip_documents spip_document_image spip_documents_center spip_document_center\">\n<figure class=\"spip_doc_inner\">\n<img loading=\"lazy\" decoding=\"async\" src=\"https:\/\/www.voltairenet.org\/local\/cache-vignettes\/L342xH257\/400_-_1_3_-98-ee8c2-258c7-4b325-2-50bb4.jpg?1777465835\" width=\"342\" height=\"257\" alt=\"\"\/><br \/>\n<\/figure>\n<\/div>\n<p>\tD\u2019ordre du Gouvernement de mon pays, l\u2019\u00c9tat du Kowe\u00eft, et en r\u00e9f\u00e9rence \u00e0 la lettre de la Mission permanente de la R\u00e9publique d\u2019Iraq aupr\u00e8s de l\u2019Organisation des Nations Unies dat\u00e9e du 16 avril 2026 et concernant l\u2019attaque flagrante qui a vis\u00e9 le Consulat g\u00e9n\u00e9ral de l\u2019\u00c9tat du Kowe\u00eft \u00e0 Bassora (S\/2026\/334), je tiens \u00e0 porter \u00e0 votre attention, ainsi qu\u2019\u00e0 celle des membres du Conseil de s\u00e9curit\u00e9, les \u00e9l\u00e9ments suivants\u00a0:<\/p>\n<p>\tL\u2019\u00c9tat du Kowe\u00eft salue la position adopt\u00e9e par le Gouvernement iraquien, qui a exprim\u00e9 son rejet cat\u00e9gorique de toute violation ou atteinte visant les missions diplomatiques et consulaires, r\u00e9affirm\u00e9 son attachement aux dispositions du droit international et aux instruments internationaux pertinents, \u00e0 commencer par la Convention de Vienne sur les relations consulaires de 1963, notamment son article 31 concernant l\u2019inviolabilit\u00e9 des locaux consulaires, et soulign\u00e9 que la protection des missions diplomatiques et consulaires \u00e9tait une responsabilit\u00e9 juridique et morale qui \u00e9tait au c\u0153ur de ses priorit\u00e9s.<\/p>\n<p>\tL\u2019\u00c9tat du Kowe\u00eft se f\u00e9licite \u00e9galement de ce que les autorit\u00e9s charg\u00e9es de la s\u00e9curit\u00e9 et les autorit\u00e9s judiciaires de la R\u00e9publique d\u2019Iraq ont ouvert une enqu\u00eate urgente et approfondie afin d\u2019identifier les responsables des actes d\u2019effraction dont le Consulat g\u00e9n\u00e9ral de l\u2019\u00c9tat du Kowe\u00eft a \u00e9t\u00e9 la cible et qui portent atteinte \u00e0 l\u2019inviolabilit\u00e9 de ces locaux. L\u2019\u00c9tat du Kowe\u00eft esp\u00e8re qu\u2019au terme de cette enqu\u00eate, les responsables seront tous traduits en justice dans les plus brefs d\u00e9lais, en particulier ceux dont l\u2019implication est attest\u00e9e par les enregistrements audio et vid\u00e9o diffus\u00e9s sur les m\u00e9dias sociaux depuis le 7 avril 2026.<\/p>\n<p>\tL\u2019\u00c9tat du Kowe\u00eft souligne qu\u2019il rejette cat\u00e9goriquement toute tentative visant \u00e0 \u00e9tablir un lien entre les actes d\u2019effraction ayant vis\u00e9 le Consulat g\u00e9n\u00e9ral de l\u2019\u00c9tat du Kowe\u00eft \u00e0 Bassora et d\u2019autres \u00e9v\u00e9nements, ou \u00e0 utiliser ces \u00e9v\u00e9nements pour justifier l\u2019atteinte \u00e0 la protection absolue dont jouissent les locaux diplomatiques en vertu des dispositions du droit international. Dans ce contexte, l\u2019\u00c9tat du Kowe\u00eft rappelle que la protection des missions diplomatiques et consulaires est une obligation juridique ferme qui incombe \u00e0 l\u2019\u00c9tat h\u00f4te en toutes circonstances, y compris en cas de tensions ou d\u2019\u00e9volution des conditions de s\u00e9curit\u00e9. On ne saurait en aucun cas attribuer un manquement \u00e0 cette obligation \u00e0 des \u00e9v\u00e9nements externes ou internes. L\u2019obligation d\u2019assurer la protection totale des missions diplomatiques et consulaires doit \u00eatre clairement dissoci\u00e9e de tout autre \u00e9v\u00e9nement.<\/p>\n<p>\tL\u2019\u00c9tat du Kowe\u00eft souligne que les atteintes r\u00e9p\u00e9t\u00e9es \u00e0 la s\u00e9curit\u00e9 et \u00e0 l\u2019int\u00e9grit\u00e9 de ses missions diplomatiques et consulaires sont extr\u00eamement graves, en ce qu\u2019elles touchent \u00e0 l\u2019inviolabilit\u00e9 de ces missions, et justifient de saisir le Conseil de s\u00e9curit\u00e9, notamment au regard des obligations internationales claires qui incombent \u00e0 l\u2019\u00c9tat h\u00f4te et de la n\u00e9cessit\u00e9 de prendre les mesures de protection n\u00e9cessaires. Dans ce contexte, la violation des locaux diplomatiques ou consulaires, conjugu\u00e9e \u00e0 l\u2019absence de mesures imm\u00e9diates, concr\u00e8tes et suffisantes de la part de l\u2019\u00c9tat h\u00f4te, constitue un manquement grave \u00e0 ces obligations internationales, qui le serait d\u2019autant plus en cas d\u2019escalade. Cette situation pourrait nuire \u00e0 la s\u00e9curit\u00e9 de la r\u00e9gion, car la question d\u00e9passe le cadre bilat\u00e9ral et m\u00e9rite \u00e0 ce titre d\u2019\u00eatre port\u00e9e \u00e0 l\u2019attention du Conseil de s\u00e9curit\u00e9. L\u2019\u00c9tat du Kowe\u00eft insiste pour que de telles atteintes ne se reproduisent pas, que les normes internationales pertinentes soient respect\u00e9es et l\u2019inviolabilit\u00e9 des missions diplomatiques et consulaires pr\u00e9serv\u00e9e conform\u00e9ment au droit international.<\/p>\n<p>\tL\u2019\u00c9tat du Kowe\u00eft engage de nouveau le Gouvernement iraquien \u00e0 poursuivre tous les responsables des actes d\u2019effraction et \u00e0 les traduire en justice dans les plus brefs d\u00e9lais, afin de pr\u00e9server les relations historiques et fraternelles solides qui unissent les deux pays fr\u00e8res.<\/p>\n<p>\tJe vous serais reconnaissant de bien vouloir faire distribuer le texte de la pr\u00e9sente lettre comme document du Conseil de s\u00e9curit\u00e9.<\/p>\n<\/div>\n<p><br \/>\n<br \/><a href=\"https:\/\/www.voltairenet.org\/article224365.html\" target=\"_blank\"\">Source link <\/a><\/p>\n","protected":false},"excerpt":{"rendered":"<p>D\u2019ordre du Gouvernement de mon pays, l\u2019\u00c9tat du Kowe\u00eft, et en r\u00e9f\u00e9rence \u00e0 la lettre de la Mission permanente de la R\u00e9publique d\u2019Iraq aupr\u00e8s de l\u2019Organisation des Nations Unies dat\u00e9e&hellip; <\/p>\n","protected":false},"author":1,"featured_media":27215,"comment_status":"open","ping_status":"open","sticky":false,"template":"","format":"standard","meta":{"footnotes":""},"categories":[1],"tags":[],"class_list":["post-27214","post","type-post","status-publish","format-standard","has-post-thumbnail","hentry","category-non-classe"],"_links":{"self":[{"href":"https:\/\/monde25.info\/index.php\/wp-json\/wp\/v2\/posts\/27214","targetHints":{"allow":["GET"]}}],"collection":[{"href":"https:\/\/monde25.info\/index.php\/wp-json\/wp\/v2\/posts"}],"about":[{"href":"https:\/\/monde25.info\/index.php\/wp-json\/wp\/v2\/types\/post"}],"author":[{"embeddable":true,"href":"https:\/\/monde25.info\/index.php\/wp-json\/wp\/v2\/users\/1"}],"replies":[{"embeddable":true,"href":"https:\/\/monde25.info\/index.php\/wp-json\/wp\/v2\/comments?post=27214"}],"version-history":[{"count":0,"href":"https:\/\/monde25.info\/index.php\/wp-json\/wp\/v2\/posts\/27214\/revisions"}],"wp:featuredmedia":[{"embeddable":true,"href":"https:\/\/monde25.info\/index.php\/wp-json\/wp\/v2\/media\/27215"}],"wp:attachment":[{"href":"https:\/\/monde25.info\/index.php\/wp-json\/wp\/v2\/media?parent=27214"}],"wp:term":[{"taxonomy":"category","embeddable":true,"href":"https:\/\/monde25.info\/index.php\/wp-json\/wp\/v2\/categories?post=27214"},{"taxonomy":"post_tag","embeddable":true,"href":"https:\/\/monde25.info\/index.php\/wp-json\/wp\/v2\/tags?post=27214"}],"curies":[{"name":"wp","href":"https:\/\/api.w.org\/{rel}","templated":true}]}}