{"id":27216,"date":"2026-04-30T21:03:36","date_gmt":"2026-04-30T19:03:36","guid":{"rendered":"https:\/\/monde25.info\/index.php\/2026\/04\/30\/le-rire-de-lintelligence-par-boris-semeniako-le-monde-diplomatique-mai-2026\/"},"modified":"2026-04-30T21:03:36","modified_gmt":"2026-04-30T19:03:36","slug":"le-rire-de-lintelligence-par-boris-semeniako-le-monde-diplomatique-mai-2026","status":"publish","type":"post","link":"https:\/\/monde25.info\/index.php\/2026\/04\/30\/le-rire-de-lintelligence-par-boris-semeniako-le-monde-diplomatique-mai-2026\/","title":{"rendered":"Le rire de l\u2019intelligence, par Boris S\u00e9m\u00e9niako (Le Monde diplomatique, mai 2026)"},"content":{"rendered":"<p> <br \/>\n<\/p>\n<div couleurfade=\"e8e7e6\" couleurclaire=\"e9e5e1\" couleurpale=\"e3ccb4\" couleurmi=\"766655\" couleurfoncee=\"634c35\" couleursombre=\"1d1915\" couleurfond=\"514f4c\" couleurtexte=\"ffffff\">\n<figure class=\"spip_document_42128 spip_documents spip_documents_center justecol\" style=\"width:650px;\">\n<div class=\"limage\">\n<p>\t\t\t<img loading=\"lazy\" decoding=\"async\" src=\"https:\/\/www.monde-diplomatique.fr\/local\/cache-vignettes\/L650xH930\/img025-2-69-6b024.jpg?1776963914\" width=\"650\" height=\"930\" class=\"spip_logos\" alt=\"JPEG - 314.2\u00a0kio\"\/><\/p><\/div><figcaption>\n<\/figcaption><\/figure>\n<p><span class=\"mot-lettrine\"><span class=\"lettrine\">A<\/span>ujourd<\/span>\u2019hui, il est bon de rappeler la force joyeuse des cr\u00e9ations du collectif Grapus<span class=\"spip_note_ref\">\u00a0(<a target=\"_blank\" href=\"http:\/\/www.monde-diplomatique.fr\/2026\/05\/SEMENIAKO\/69540#nb1\" class=\"spip_note\" rel=\"appendix\" title=\"Pascal Guillot, Grapus, un collectif de graphistes dans les ann\u00e9es 70 et 80,\u00a0(\u2026)\" id=\"nh1\">1<\/a>)<\/span>. Une aventure n\u00e9e dans le chaudron du \u00ab<small class=\"fine\">\u00a0<\/small>moment\u00a068<small class=\"fine\">\u00a0<\/small>\u00bb, avec comme ingr\u00e9dients l\u2019influence du graphisme polonais, l\u2019amour des jeux de mots (visuels et textuels) et l\u2019envie d\u2019en d\u00e9coudre avec le vieux monde. On retrouve dans cette monographie des classiques, comme les affiches r\u00e9alis\u00e9es pour le Parti communiste fran\u00e7ais (PCF) ou pour le Th\u00e9\u00e2tre de la Salamandre, mais aussi beaucoup de documents in\u00e9dits\u00a0: esquisses, photographies personnelles, travaux exp\u00e9rimentaux\u2026 qui permettent de mieux saisir la m\u00e9thode Grapus. Une dialectique constante, parfois conflictuelle, entre le \u00ab<small class=\"fine\">\u00a0<\/small>je<small class=\"fine\">\u00a0<\/small>\u00bb de l\u2019auteur et le \u00ab<small class=\"fine\">\u00a0<\/small>nous<small class=\"fine\">\u00a0<\/small>\u00bb du collectif, qui inclut le commanditaire. Cette riche inventivit\u00e9 ne vient pas seulement de la r\u00e9union d\u2019artistes inspir\u00e9s<small class=\"fine\">\u00a0<\/small>; Grapus a pu exister aussi gr\u00e2ce au contexte politique des ann\u00e9es\u00a01970-1980, tr\u00e8s utilement rappel\u00e9\u00a0: un PCF fort, l\u2019arriv\u00e9e en 1981 de la gauche au pouvoir\u2026 Si le compagnonnage avec le PCF fut f\u00e9cond, le collectif n\u2019\u00e9tait pas pour autant inf\u00e9od\u00e9\u00a0: il le montre notamment lors d\u2019un voyage en Tch\u00e9coslovaquie en 1980 o\u00f9 ses membres sympathisent avec des dissidents et signent la Charte\u00a077. Ils se s\u00e9parent peu avant la chute du mur de Berlin en 1989. Fin de l\u2019histoire<small class=\"fine\">\u00a0<\/small>? Pas du tout. Les ex-Grapus cr\u00e9ent de nouveaux collectifs, qui eux-m\u00eames inspirent de jeunes talents. L\u2019aventure continue\u2026<\/p>\n<\/p><\/div>\n<p><br \/>\n<br \/><a href=\"https:\/\/www.monde-diplomatique.fr\/2026\/05\/SEMENIAKO\/69540\" target=\"_blank\"\">Source link <\/a><\/p>\n","protected":false},"excerpt":{"rendered":"<p>Aujourd\u2019hui, il est bon de rappeler la force joyeuse des cr\u00e9ations du collectif Grapus\u00a0(1). Une aventure n\u00e9e dans le chaudron du \u00ab\u00a0moment\u00a068\u00a0\u00bb, avec comme ingr\u00e9dients l\u2019influence du graphisme polonais, l\u2019amour&hellip; <\/p>\n","protected":false},"author":1,"featured_media":27217,"comment_status":"open","ping_status":"open","sticky":false,"template":"","format":"standard","meta":{"footnotes":""},"categories":[1],"tags":[],"class_list":["post-27216","post","type-post","status-publish","format-standard","has-post-thumbnail","hentry","category-non-classe"],"_links":{"self":[{"href":"https:\/\/monde25.info\/index.php\/wp-json\/wp\/v2\/posts\/27216","targetHints":{"allow":["GET"]}}],"collection":[{"href":"https:\/\/monde25.info\/index.php\/wp-json\/wp\/v2\/posts"}],"about":[{"href":"https:\/\/monde25.info\/index.php\/wp-json\/wp\/v2\/types\/post"}],"author":[{"embeddable":true,"href":"https:\/\/monde25.info\/index.php\/wp-json\/wp\/v2\/users\/1"}],"replies":[{"embeddable":true,"href":"https:\/\/monde25.info\/index.php\/wp-json\/wp\/v2\/comments?post=27216"}],"version-history":[{"count":0,"href":"https:\/\/monde25.info\/index.php\/wp-json\/wp\/v2\/posts\/27216\/revisions"}],"wp:featuredmedia":[{"embeddable":true,"href":"https:\/\/monde25.info\/index.php\/wp-json\/wp\/v2\/media\/27217"}],"wp:attachment":[{"href":"https:\/\/monde25.info\/index.php\/wp-json\/wp\/v2\/media?parent=27216"}],"wp:term":[{"taxonomy":"category","embeddable":true,"href":"https:\/\/monde25.info\/index.php\/wp-json\/wp\/v2\/categories?post=27216"},{"taxonomy":"post_tag","embeddable":true,"href":"https:\/\/monde25.info\/index.php\/wp-json\/wp\/v2\/tags?post=27216"}],"curies":[{"name":"wp","href":"https:\/\/api.w.org\/{rel}","templated":true}]}}