{"id":27228,"date":"2026-05-01T01:28:00","date_gmt":"2026-04-30T23:28:00","guid":{"rendered":"https:\/\/monde25.info\/index.php\/2026\/05\/01\/covid-19-laide-de-fauci-inculpee-pour-avoir-cache-les-origines-laborantines-du-virus\/"},"modified":"2026-05-01T01:28:00","modified_gmt":"2026-04-30T23:28:00","slug":"covid-19-laide-de-fauci-inculpee-pour-avoir-cache-les-origines-laborantines-du-virus","status":"publish","type":"post","link":"https:\/\/monde25.info\/index.php\/2026\/05\/01\/covid-19-laide-de-fauci-inculpee-pour-avoir-cache-les-origines-laborantines-du-virus\/","title":{"rendered":"COVID-19 : l\u2019aide de Fauci inculp\u00e9e pour avoir cach\u00e9 les origines laborantines du virus"},"content":{"rendered":"<p> <br \/>\n<\/p>\n<div>\n<p><span class=\"css-1jxf684 r-bcqeeo r-1ttztb7 r-qvutc0 r-poiln3 r-1adg3ll r-1g7jtus r-1x3r274\"><span class=\"css-1jxf684 r-bcqeeo r-1ttztb7 r-qvutc0 r-poiln3\"><span class=\"css-1jxf684 r-bcqeeo r-1ttztb7 r-qvutc0 r-poiln3 r-1x3r274\"><span class=\"dropcap \" style=\"background-color: #ffffff; color: #000000; border-color: #ffffff;\"><strong>L<\/strong><\/span>e scandale explose aux \u00c9tats-Unis. <strong>David Morens<\/strong>, ancien conseiller senior d\u2019Anthony Fauci \u00e0 la NIAID, a \u00e9t\u00e9 inculp\u00e9 le 28 avril 2026 par le D\u00e9partement de la Justice. Il fait face \u00e0 des charges lourdes de <strong>conspiration<\/strong>, <strong>destruction<\/strong> et <strong>dissimulation de documents f\u00e9d\u00e9raux<\/strong>.<\/span><\/span><\/span><\/p>\n<p><span class=\"css-1jxf684 r-bcqeeo r-1ttztb7 r-qvutc0 r-poiln3 r-1adg3ll r-1g7jtus r-1x3r274\"><span class=\"css-1jxf684 r-bcqeeo r-1ttztb7 r-qvutc0 r-poiln3\"><span class=\"css-1jxf684 r-bcqeeo r-1ttztb7 r-qvutc0 r-poiln3 r-1x3r274\">De plus, les procureurs l\u2019accusent d\u2019avoir utilis\u00e9 des emails priv\u00e9s pour contourner la loi FOIA. Il aurait effac\u00e9 ou cach\u00e9 des \u00e9changes sur les subventions am\u00e9ricaines au laboratoire de Wuhan. Ainsi, ces actions visaient explicitement \u00e0 \u00e9touffer les th\u00e9ories alternatives sur l\u2019origine du Covid-19.<\/span><\/span><\/span><\/p>\n<p><span class=\"css-1jxf684 r-bcqeeo r-1ttztb7 r-qvutc0 r-poiln3 r-1adg3ll r-1g7jtus r-1x3r274\"><span class=\"css-1jxf684 r-bcqeeo r-1ttztb7 r-qvutc0 r-poiln3\"><span class=\"css-1jxf684 r-bcqeeo r-1ttztb7 r-qvutc0 r-poiln3 r-1x3r274\">Ce n\u2019est pas anodin, c\u2019est explosif. Pendant des ann\u00e9es, quiconque \u00e9voquait une fuite de laboratoire se voyait trait\u00e9 de \u00ab\u00a0complotiste\u00a0\u00bb. Aujourd\u2019hui, la justice am\u00e9ricaine confirme une volont\u00e9 de dissimulation au plus haut niveau des agences sanitaires. <\/span><\/span><\/span><span style=\"letter-spacing: -0.225px;\">Cette affaire relance le d\u00e9bat sur la transparence et le financement de recherches risqu\u00e9es de gain de fonction en Chine.<\/span><\/p>\n<p><span class=\"css-1jxf684 r-bcqeeo r-1ttztb7 r-qvutc0 r-poiln3 r-1adg3ll r-1g7jtus r-1x3r274\"><span class=\"css-1jxf684 r-bcqeeo r-1ttztb7 r-qvutc0 r-poiln3\"><span class=\"css-1jxf684 r-bcqeeo r-1ttztb7 r-qvutc0 r-poiln3 r-1x3r274\">Par ailleurs, Fauci lui-m\u00eame n\u2019est pas inculp\u00e9. Pourtant, son nom et son r\u00f4le apparaissent dans le dossier. D\u2019autant qu\u2019il reste \u00e0 peine 10 jours avant la fin de toute possibilit\u00e9 de poursuites judiciaires \u00e0 cause de la prescription ! Sans oublier que Fauci a b\u00e9n\u00e9fici\u00e9 d\u2019une gr\u00e2ce in extremis octroy\u00e9e par le s\u00e9nile Joe Biden juste avant son d\u00e9part via <em>autopen<\/em> !<\/span><\/span><\/span><\/p>\n<p><span class=\"css-1jxf684 r-bcqeeo r-1ttztb7 r-qvutc0 r-poiln3 r-1adg3ll r-1x3r274 r-p1pxzi\"><span class=\"css-1jxf684 r-bcqeeo r-1ttztb7 r-qvutc0 r-poiln3\"><span class=\"css-1jxf684 r-bcqeeo r-1ttztb7 r-qvutc0 r-poiln3 r-1x3r274\">Enfin, les m\u00e9dias fran\u00e7ais restent \u00e9trangement silencieux. Pire, un article du <a target=\"_blank\" href=\"https:\/\/www.lemonde.fr\/planete\/article\/2026\/04\/29\/les-defenseurs-des-vaccins-se-mobilisent-face-au-risque-de-propagation-des-idees-antivax_6684319_3244.html\"><em>Monde<\/em> <\/a>affirme que \u00ab\u00a0<\/span><\/span><\/span><em>Les d\u00e9fenseurs des vaccins se mobilisent face au risque de propagation des id\u00e9es antivax<\/em>\u00a0\u00bb ! Ceux qui ont tout rat\u00e9, rien compris, continuent dans leur d\u00e9lire.<\/p>\n<p><span class=\"css-1jxf684 r-bcqeeo r-1ttztb7 r-qvutc0 r-poiln3 r-1adg3ll r-1x3r274 r-p1pxzi\"><span class=\"css-1jxf684 r-bcqeeo r-1ttztb7 r-qvutc0 r-poiln3\"><span class=\"css-1jxf684 r-bcqeeo r-1ttztb7 r-qvutc0 r-poiln3 r-1x3r274\">Pourtant, ce <em>cover-up<\/em> concerne le sujet qui a domin\u00e9 l\u2019actualit\u00e9 pendant quatre ans. Une revanche pour ceux qui osaient poser les bonnes questions d\u00e8s 2020 et qui ont eu raison sur toute la ligne. <\/span><\/span><\/span><\/p>\n<\/div>\n<p><br \/>\n<br \/><a href=\"https:\/\/www.lelibrepenseur.org\/covid-19-laide-de-fauci-inculpee-pour-avoir-cache-les-origines-laborantines-du-virus\/\" target=\"_blank\"\">Source link <\/a><\/p>\n","protected":false},"excerpt":{"rendered":"<p>Le scandale explose aux \u00c9tats-Unis. David Morens, ancien conseiller senior d\u2019Anthony Fauci \u00e0 la NIAID, a \u00e9t\u00e9 inculp\u00e9 le 28 avril 2026 par le D\u00e9partement de la Justice. Il fait&hellip; <\/p>\n","protected":false},"author":1,"featured_media":0,"comment_status":"open","ping_status":"open","sticky":false,"template":"","format":"standard","meta":{"footnotes":""},"categories":[1],"tags":[],"class_list":["post-27228","post","type-post","status-publish","format-standard","hentry","category-non-classe"],"_links":{"self":[{"href":"https:\/\/monde25.info\/index.php\/wp-json\/wp\/v2\/posts\/27228","targetHints":{"allow":["GET"]}}],"collection":[{"href":"https:\/\/monde25.info\/index.php\/wp-json\/wp\/v2\/posts"}],"about":[{"href":"https:\/\/monde25.info\/index.php\/wp-json\/wp\/v2\/types\/post"}],"author":[{"embeddable":true,"href":"https:\/\/monde25.info\/index.php\/wp-json\/wp\/v2\/users\/1"}],"replies":[{"embeddable":true,"href":"https:\/\/monde25.info\/index.php\/wp-json\/wp\/v2\/comments?post=27228"}],"version-history":[{"count":0,"href":"https:\/\/monde25.info\/index.php\/wp-json\/wp\/v2\/posts\/27228\/revisions"}],"wp:attachment":[{"href":"https:\/\/monde25.info\/index.php\/wp-json\/wp\/v2\/media?parent=27228"}],"wp:term":[{"taxonomy":"category","embeddable":true,"href":"https:\/\/monde25.info\/index.php\/wp-json\/wp\/v2\/categories?post=27228"},{"taxonomy":"post_tag","embeddable":true,"href":"https:\/\/monde25.info\/index.php\/wp-json\/wp\/v2\/tags?post=27228"}],"curies":[{"name":"wp","href":"https:\/\/api.w.org\/{rel}","templated":true}]}}