{"id":27229,"date":"2026-05-01T04:12:36","date_gmt":"2026-05-01T02:12:36","guid":{"rendered":"https:\/\/monde25.info\/index.php\/2026\/05\/01\/le-temps-du-muguet-le-monde-diplomatique-30-avril-2026\/"},"modified":"2026-05-01T04:12:36","modified_gmt":"2026-05-01T02:12:36","slug":"le-temps-du-muguet-le-monde-diplomatique-30-avril-2026","status":"publish","type":"post","link":"https:\/\/monde25.info\/index.php\/2026\/05\/01\/le-temps-du-muguet-le-monde-diplomatique-30-avril-2026\/","title":{"rendered":"Le temps du muguet ? (Le Monde diplomatique, 30 avril 2026)"},"content":{"rendered":"<p> <br \/>\n<\/p>\n<div>\n<figure class=\"spip_document_42241 spip_documents spip_documents_center justecol\" style=\"width:650px;\">\n<div class=\"limage\">\n<p>\t\t\t<img loading=\"lazy\" decoding=\"async\" src=\"https:\/\/www.monde-diplomatique.fr\/local\/cache-vignettes\/L650xH804\/arbeiter650-1bd22.jpg?1777567718\" width=\"650\" height=\"804\" class=\"spip_logos\" alt=\"JPEG - 75.6\u00a0kio\"\/><\/p><\/div><figcaption>\n<p>Heinrich Hoerle. \u2014 \u00ab<small class=\"fine\">\u00a0<\/small>Arbeiter<small class=\"fine\">\u00a0<\/small>\u00bb (travailleur), 1931.<\/p>\n<\/figcaption><\/figure>\n<p><span class=\"mot-lettrine\"><span class=\"lettrine\">L<\/span>e<\/span> 1er\u00a0mai, on c\u00e9l\u00e8bre les travailleurs. Mais, d\u2019abord, le 28\u00a0avril, journ\u00e9e internationale de la sant\u00e9 et de la s\u00e9curit\u00e9 au travail, on fait les comptes. En 2024, 764\u00a0salari\u00e9s sont morts dans un accident du travail, 1 297 en incluant les trajets professionnels et les maladies reconnues. Si le nombre d\u2019accidents recule un peu, celui des d\u00e9c\u00e8s ne diminue plus.<\/p>\n<p>Un ouvrier happ\u00e9 par une machine, un apprenti tu\u00e9 sur un chantier<small class=\"fine\">\u00a0<\/small>? Gu\u00e8re plus qu\u2019un fait divers\u00a0: la faute \u00e0 pas de chance, \u00e0 un outil mal r\u00e9gl\u00e9, \u00e0 l\u2019imprudence suppos\u00e9e de la victime. L\u2019organisation<small class=\"fine\">\u00a0<\/small>? Les cadences<small class=\"fine\">\u00a0<\/small>? La sous-traitance<small class=\"fine\">\u00a0<\/small>? Hors de cause. De toute fa\u00e7on, pour la plupart des m\u00e9dias, l\u2019univers de la production demeure hors champ.<\/p>\n<p>Dans ce domaine, les politiques publiques s\u2019inscrivent dans cette \u00e9conomie de l\u2019attention. Plut\u00f4t que d\u2019agir sur les causes, on privil\u00e9gie ce qui se voit ou permet de se faire entendre\u00a0: la pr\u00e9vention (indispensable), les campagnes d\u2019information, les dispositifs \u00e0 destination des plus jeunes \u2014 ceux qui cumulent inexp\u00e9rience, pr\u00e9carit\u00e9, et disposent donc de moins de ressources pour refuser le danger.<\/p>\n<p>Encore faudrait-il pouvoir v\u00e9rifier la bonne application de ces r\u00e8gles. Or ceux qui en ont la charge ont \u00e9t\u00e9 affaiblis. Un r\u00e9cent rapport interne au minist\u00e8re du travail d\u00e9crit une inspection en sous-effectif chronique, des postes non pourvus et des conditions de travail d\u00e9grad\u00e9es. Ces derni\u00e8res ann\u00e9es, le corps a perdu une part significative de ses effectifs. Les agents disent ne plus avoir le temps d\u2019enqu\u00eater correctement ni de suivre les dossiers qu\u2019ils instruisent. Le contr\u00f4le devient intermittent, parfois symbolique, juste assez pour sauver les apparences.<\/p>\n<p>Quand les infractions sont effectivement relev\u00e9es, les suites p\u00e9nales restent incertaines. Une part importante des proc\u00e8s-verbaux ne d\u00e9bouche sur rien. Et lorsque les affaires arrivent devant la justice, elles se r\u00e8glent souvent sans audience, apr\u00e8s une proc\u00e9dure exp\u00e9ditive. M\u00eame en cas de d\u00e9c\u00e8s, les condamnations s\u2019av\u00e8rent limit\u00e9es\u00a0: souvent du sursis, des amendes de faible montant\u2026<\/p>\n<p>Un accident trait\u00e9 comme un incident technique, le contr\u00f4le comme une formalit\u00e9, la sanction comme une variable d\u2019ajustement\u00a0: plut\u00f4t qu\u2019une responsabilit\u00e9 \u00e0 \u00e9tablir et \u00e0 assumer, la mort au boulot reste une ligne de comptabilit\u00e9 \u2014 et chaque printemps, une statistique.<\/p>\n<p>Manifester le 1er\u00a0mai, c\u2019est aussi rappeler que cette situation n\u2019a rien d\u2019une fatalit\u00e9.<\/p>\n<\/p><\/div>\n<p><br \/>\n<br \/><a href=\"https:\/\/www.monde-diplomatique.fr\/carnet\/2026-04-30-Le-temps-du-muguet\" target=\"_blank\"\">Source link <\/a><\/p>\n","protected":false},"excerpt":{"rendered":"<p>Heinrich Hoerle. \u2014 \u00ab\u00a0Arbeiter\u00a0\u00bb (travailleur), 1931. Le 1er\u00a0mai, on c\u00e9l\u00e8bre les travailleurs. Mais, d\u2019abord, le 28\u00a0avril, journ\u00e9e internationale de la sant\u00e9 et de la s\u00e9curit\u00e9 au travail, on fait les&hellip; <\/p>\n","protected":false},"author":1,"featured_media":27230,"comment_status":"open","ping_status":"open","sticky":false,"template":"","format":"standard","meta":{"footnotes":""},"categories":[1],"tags":[],"class_list":["post-27229","post","type-post","status-publish","format-standard","has-post-thumbnail","hentry","category-non-classe"],"_links":{"self":[{"href":"https:\/\/monde25.info\/index.php\/wp-json\/wp\/v2\/posts\/27229","targetHints":{"allow":["GET"]}}],"collection":[{"href":"https:\/\/monde25.info\/index.php\/wp-json\/wp\/v2\/posts"}],"about":[{"href":"https:\/\/monde25.info\/index.php\/wp-json\/wp\/v2\/types\/post"}],"author":[{"embeddable":true,"href":"https:\/\/monde25.info\/index.php\/wp-json\/wp\/v2\/users\/1"}],"replies":[{"embeddable":true,"href":"https:\/\/monde25.info\/index.php\/wp-json\/wp\/v2\/comments?post=27229"}],"version-history":[{"count":0,"href":"https:\/\/monde25.info\/index.php\/wp-json\/wp\/v2\/posts\/27229\/revisions"}],"wp:featuredmedia":[{"embeddable":true,"href":"https:\/\/monde25.info\/index.php\/wp-json\/wp\/v2\/media\/27230"}],"wp:attachment":[{"href":"https:\/\/monde25.info\/index.php\/wp-json\/wp\/v2\/media?parent=27229"}],"wp:term":[{"taxonomy":"category","embeddable":true,"href":"https:\/\/monde25.info\/index.php\/wp-json\/wp\/v2\/categories?post=27229"},{"taxonomy":"post_tag","embeddable":true,"href":"https:\/\/monde25.info\/index.php\/wp-json\/wp\/v2\/tags?post=27229"}],"curies":[{"name":"wp","href":"https:\/\/api.w.org\/{rel}","templated":true}]}}