{"id":27231,"date":"2026-05-01T04:45:36","date_gmt":"2026-05-01T02:45:36","guid":{"rendered":"https:\/\/monde25.info\/index.php\/2026\/05\/01\/paul-varry-cycliste-mort-ecrase-par-un-suv-un-proces-pour-meurtre-requis-contre-lautomobiliste\/"},"modified":"2026-05-01T04:45:36","modified_gmt":"2026-05-01T02:45:36","slug":"paul-varry-cycliste-mort-ecrase-par-un-suv-un-proces-pour-meurtre-requis-contre-lautomobiliste","status":"publish","type":"post","link":"https:\/\/monde25.info\/index.php\/2026\/05\/01\/paul-varry-cycliste-mort-ecrase-par-un-suv-un-proces-pour-meurtre-requis-contre-lautomobiliste\/","title":{"rendered":"Paul Varry, cycliste mort \u00e9cras\u00e9 par un SUV\u00a0: un proc\u00e8s pour meurtre requis contre l&#039;automobiliste"},"content":{"rendered":"<p> <br \/>\n<br \/><img loading=\"lazy\" decoding=\"async\" src=\"https:\/\/reporterre.net\/local\/cache-vignettes\/L700xH467\/1zd61024_nmn_0205_hommagecyclistetue__r_nnoman-476fe.jpg?1777551804\" class=\"spip_logo\" width=\"700\" height=\"467\" alt=\"\" \/><\/p>\n<p>Mardi 28\u00a0avril, le parquet a demand\u00e9 qu&rsquo;Ariel\u00a0M., le conducteur de <span class=\"caps\">SUV<\/span> qui avait \u00e9cras\u00e9 le cycliste Paul Varry en octobre 2024, soit jug\u00e9 pour homicide volontaire devant la cour d&rsquo;assises de Paris, selon un document d\u00e9voil\u00e9 par Le Monde. <br class=\"autobr\" \/><br \/>\nLa mort de ce cycliste de 27\u00a0ans, \u00e9cras\u00e9 en pleine journ\u00e9e \u00e0 Paris, avait provoqu\u00e9 une vague d&rsquo;indignation. Le conducteur de la voiture s&rsquo;\u00e9tait d\u00e9fendu en assurant qu&rsquo;il n&rsquo;avait pas eu l&rsquo;intention de tuer Paul Varry. <br class=\"autobr\" \/><br \/>\nPourtant, le rapport d\u00e9voil\u00e9 par Le\u00a0(\u2026)<\/p>\n<p>                    <a target=\"_blank\" href=\"https:\/\/reporterre.net\/Paul-Varry-cycliste-mort-ecrase-par-un-SUV-un-proces-pour-meurtre-requis-contre-l?utm_source=RSS&amp;utm_medium=RSS\">Lire la suite<\/a><\/p>\n<p>                    &#8211;<br \/>\n                        <a target=\"_blank\" href=\"https:\/\/reporterre.net\/Breves-20\" rel=\"directory\">En bref<\/a><\/p>\n<p>                    \/<br \/>\n                        <a target=\"_blank\" href=\"https:\/\/reporterre.net\/Transports\" rel=\"tag\">Transports<\/a><br \/>\n                    ,<br \/>\n                        <a target=\"_blank\" href=\"https:\/\/reporterre.net\/Justice\" rel=\"tag\">Justice<\/a><br \/>\n<br \/><br \/>\n<br \/><a href=\"https:\/\/reporterre.net\/Paul-Varry-cycliste-mort-ecrase-par-un-SUV-un-proces-pour-meurtre-requis-contre-l\" target=\"_blank\"\">Source link <\/a><\/p>\n","protected":false},"excerpt":{"rendered":"<p>Mardi 28\u00a0avril, le parquet a demand\u00e9 qu&rsquo;Ariel\u00a0M., le conducteur de SUV qui avait \u00e9cras\u00e9 le cycliste Paul Varry en octobre 2024, soit jug\u00e9 pour homicide volontaire devant la cour d&rsquo;assises&hellip; <\/p>\n","protected":false},"author":1,"featured_media":0,"comment_status":"open","ping_status":"open","sticky":false,"template":"","format":"standard","meta":{"footnotes":""},"categories":[1],"tags":[],"class_list":["post-27231","post","type-post","status-publish","format-standard","hentry","category-non-classe"],"_links":{"self":[{"href":"https:\/\/monde25.info\/index.php\/wp-json\/wp\/v2\/posts\/27231","targetHints":{"allow":["GET"]}}],"collection":[{"href":"https:\/\/monde25.info\/index.php\/wp-json\/wp\/v2\/posts"}],"about":[{"href":"https:\/\/monde25.info\/index.php\/wp-json\/wp\/v2\/types\/post"}],"author":[{"embeddable":true,"href":"https:\/\/monde25.info\/index.php\/wp-json\/wp\/v2\/users\/1"}],"replies":[{"embeddable":true,"href":"https:\/\/monde25.info\/index.php\/wp-json\/wp\/v2\/comments?post=27231"}],"version-history":[{"count":0,"href":"https:\/\/monde25.info\/index.php\/wp-json\/wp\/v2\/posts\/27231\/revisions"}],"wp:attachment":[{"href":"https:\/\/monde25.info\/index.php\/wp-json\/wp\/v2\/media?parent=27231"}],"wp:term":[{"taxonomy":"category","embeddable":true,"href":"https:\/\/monde25.info\/index.php\/wp-json\/wp\/v2\/categories?post=27231"},{"taxonomy":"post_tag","embeddable":true,"href":"https:\/\/monde25.info\/index.php\/wp-json\/wp\/v2\/tags?post=27231"}],"curies":[{"name":"wp","href":"https:\/\/api.w.org\/{rel}","templated":true}]}}