{"id":27232,"date":"2026-05-01T05:51:35","date_gmt":"2026-05-01T03:51:35","guid":{"rendered":"https:\/\/monde25.info\/index.php\/2026\/05\/01\/le-parlement-europeen-vote-une-resolution-appelant-a-geler-les-fonds-europeens-a-la-slovaquie-de-robert-fico\/"},"modified":"2026-05-01T05:51:35","modified_gmt":"2026-05-01T03:51:35","slug":"le-parlement-europeen-vote-une-resolution-appelant-a-geler-les-fonds-europeens-a-la-slovaquie-de-robert-fico","status":"publish","type":"post","link":"https:\/\/monde25.info\/index.php\/2026\/05\/01\/le-parlement-europeen-vote-une-resolution-appelant-a-geler-les-fonds-europeens-a-la-slovaquie-de-robert-fico\/","title":{"rendered":"Le Parlement europ\u00e9en vote une r\u00e9solution appelant \u00e0 geler les fonds europ\u00e9ens \u00e0 la Slovaquie de Robert Fico"},"content":{"rendered":"<p> <br \/>\n<\/p>\n<div>\n<p>Un air de d\u00e9j\u00e0 vu. Mercredi, le Parlement europ\u00e9en a vot\u00e9 une r\u00e9solution appelant la Commission \u00e0 activer un m\u00e9canisme juridique suspendant les aides europ\u00e9ennes \u00e0 la Slovaquie. Les Eurod\u00e9put\u00e9s affirment \u00eatre inqui\u00e9t\u00e9s par la situation dans le pays dirig\u00e9 par Robert Fico, qui ne \u201cdoit pas devenir un autre Orban\u201d.<\/p>\n<p>Depuis son retour au poste de Premier ministre le 25 octobre 2023, Robert Fico a multipli\u00e9 les critiques publiques envers les d\u00e9cisions et initiatives de l\u2019Union europ\u00e9enne, tant au sein du Conseil europ\u00e9en qu\u2019en discours nationaux. Il s\u2019est oppos\u00e9 d\u00e8s le d\u00e9but de ce troisi\u00e8me mandat (non cons\u00e9cutif) \u00e0 la poursuite de l\u2019aide militaire \u00e0 l\u2019Ukraine et \u00e0 la politique de sanctions li\u00e9es \u00e0 la guerre, les qualifiant de facteurs aggravant la crise \u00e9nerg\u00e9tique et sociale en Slovaquie tout en estimant que les Slovaques \u201cavaient d\u2019autres probl\u00e8mes plus importants\u201d.<span class=\"Apple-converted-space\">\u00a0<\/span><\/p>\n<p><strong>\u201cIng\u00e9rence\u201d et \u201cpolitisation excessive\u201d<\/strong><\/p>\n<p>Robert Fico reproche \u00e0 l\u2019UE et la CE une \u201cpolitisation excessive\u201d et un manque de consid\u00e9ration des int\u00e9r\u00eats des \u00c9tats\u2011membres plus petits et sa posture, qui a auparavant oscill\u00e9 entre int\u00e9grations et critiques, a peu \u00e0 peu pris une tournure de confrontation plus directe, particuli\u00e8rement lorsque les int\u00e9r\u00eats nationaux sont jug\u00e9s menac\u00e9s.<\/p>\n<p>A Bruxelles, Fico a align\u00e9 ces derni\u00e8res ann\u00e9es sa rh\u00e9torique sur celle de Viktor Orb\u00e1n, ex-Premier ministre hongrois, d\u00e9fendant notamment le droit de veto de Budapest sur certains paquetages d\u2019aide \u00e0 l\u2019Ukraine et rejetant la pression de l\u2019UE pour \u201c<a target=\"_blank\" href=\"https:\/\/www.francesoir.fr\/politique-monde\/pour-le-pm-slovaque-robert-fico-un-abandon-du-veto-comme-desire-par-ursula-von-der\">abolir<\/a>\u201d ce m\u00e9canisme. Fin mars, dans un contexte de fortes tensions avec l\u2019Ukraine en raison de l\u2019ol\u00e9oduc Droujba, il a m\u00eame affirm\u00e9 \u00eatre pr\u00eat \u00e0 bloquer le pr\u00eat de 90 milliards d\u2019euros destin\u00e9 \u00e0 l\u2019Ukraine, approuv\u00e9 depuis, si Orb\u00e1n venait \u00e0 perdre les \u00e9lections parlementaires hongroises, positionnant explicitement Bratislava comme un relais potentiel du veto hongrois.<span class=\"Apple-converted-space\">\u00a0<\/span><\/p>\n<p>Au niveau national, son gouvernement a le plus souvent pr\u00f4n\u00e9 une vision souverainiste de la relation avec l\u2019UE, en affirmant la priorit\u00e9 de la souverainet\u00e9 slovaque sur certaines d\u00e9cisions europ\u00e9ennes. Fin 2025, un amendement constitutionnel qui fait primer le droit slovaque sur certaines normes de l\u2019Union dans des domaines li\u00e9s \u00e0 \u201cl\u2019identit\u00e9 nationale\u201d a \u00e9t\u00e9 adopt\u00e9. Le Parlement slovaque a ainsi inscrit dans la Constitution l\u2019id\u00e9e que la Slovaquie \u201cconserve sa souverainet\u00e9\u201d en mati\u00e8re de de famille, de sant\u00e9, de science ou d\u2019\u00e9tat civil, justifiant ce changement par la volont\u00e9 de prot\u00e9ger des valeurs traditionnelles et de limiter ce que Bratislava d\u00e9crit comme une \u201cing\u00e9rence\u201d juridique de Bruxelles.<\/p>\n<p>Apr\u00e8s le d\u00e9part de Viktor Orban suite \u00e0 sa d\u00e9faite lors des l\u00e9gislatives hongroises du 12 avril dernier, Bruxelles entendait relancer toutes les initiatives bloqu\u00e9es jusque-l\u00e0, telles que cela a \u00e9t\u00e9 fait avec l\u2019approbation par l\u2019UE du pr\u00eat de 90 millairds d\u2019euros \u00e0 Kiev, le d\u00e9bat sur une abolition du v\u00e9to pour ne pas revivre une opposition \u00e0 l\u2019image de cette de la Hongrie.<span class=\"Apple-converted-space\">\u00a0<\/span><\/p>\n<p>A Strasbourg, o\u00f9 si\u00e8gent les eurod\u00e9put\u00e9s, on souhaite ainsi priver la Slovaquie des fonds europ\u00e9ens et de geler ceux-ci, comme cela a \u00e9t\u00e9 le cas avec la Hongrie sous Viktor Orban. Il s\u2019agit du m\u00e9canisme de conditionnalit\u00e9, un r\u00e8glement de l&rsquo;UE datant de 2021 qui permet \u00e0 la Commission europ\u00e9enne de suspendre, de r\u00e9duire ou de refuser le versement de fonds europ\u00e9ens \u00e0 un \u00c9tat membre s&rsquo;il existe un risque que l&rsquo;\u00e9tat de droit soit viol\u00e9 d&rsquo;une mani\u00e8re qui menace les int\u00e9r\u00eats financiers de l&rsquo;Union.<\/p>\n<p><strong>Strasbourg craint un autre Orban<\/strong><\/p>\n<p>Mercredi, les parlementaires ont vot\u00e9 par 418 voix contre 207 en faveur d\u2019une r\u00e9solution exhortant la Commission europ\u00e9enne \u00e0 engager cette proc\u00e9dure pouvant aboutir \u00e0 la suspension des fonds europ\u00e9ens au profit de Bratislava. \u201cNous devons veiller \u00e0 ce que Fico ne devienne pas un nouvel Orb\u00e1n. Il dit lui-m\u00eame vouloir le devenir\u201d, d\u00e9clare-t-on, estimant que les cas pr\u00e9c\u00e9dents en <a target=\"_blank\" href=\"https:\/\/www.europarl.europa.eu\/doceo\/document\/TA-9-2024-0053_FR.html\">Hongrie<\/a> et en Pologne ont d\u00e9montr\u00e9 l\u2019efficacit\u00e9 du gel des fonds europ\u00e9ens dans le r\u00e9tablissement,m\u00eame partiel, d\u2019un \u00c9tat de droit.<span class=\"Apple-converted-space\">\u00a0<\/span><\/p>\n<p>Les eurod\u00e9put\u00e9s, qui votaient dans le cadre d\u2019une proc\u00e9dure de d\u00e9charge du budget de l\u2019UE pour 2024, ont exprim\u00e9 des inqui\u00e9tudes quant \u00e0 l\u2019\u00e9volution des droits en Slovaquie, citant notamment des r\u00e9formes de justice et la lutte contre la corruption. Ils ont, par la m\u00eame occasion, rappel\u00e9 que l\u2019UE avait d\u00e9j\u00e0 retir\u00e9 1,225 millions d\u2019euros de son aide \u00e0 la Slovaquie sur recommandation de l\u2019Office europ\u00e9en de lutte antifraude.<span class=\"Apple-converted-space\">\u00a0<\/span><\/p>\n<p>Les eurod\u00e9put\u00e9s slovaques, y compris les opposants progressistes, ont vot\u00e9 contre la r\u00e9solution, estimant, selon Euractiv, que de telles mesures p\u00e8seront sur les citoyens et pas sur le gouvernement. Le parti Smer-SD, dirig\u00e9 par Robert Fico, a rejet\u00e9 le vote, le jugeant politiquement motiv\u00e9 et affirmant que certaines commissions du Parlement europ\u00e9en \u201cfont plus de politique que de travail, alors qu&rsquo;elles n&rsquo;en ont pas le droit \u201c.<\/p>\n<\/div>\n<p><script>(function(d, s, id) {  var js, fjs = d.getElementsByTagName(s)[0];  if (d.getElementById(id)) return;  js = d.createElement(s); js.id = id;  js.src = \"\/\/connect.facebook.net\/fr_FR\/sdk.js#xfbml=1&version=v2.3\";  fjs.parentNode.insertBefore(js, fjs);}(document, \"script\", \"facebook-jssdk\"));<\/script><br \/>\n<br \/><br \/>\n<br \/><a href=\"https:\/\/www.francesoir.fr\/societe-economie\/le-parlement-europeen-vote-une-resolution-appelant-geler-les-fonds-europeens-la\" target=\"_blank\"\">Source link <\/a><\/p>\n","protected":false},"excerpt":{"rendered":"<p>Un air de d\u00e9j\u00e0 vu. Mercredi, le Parlement europ\u00e9en a vot\u00e9 une r\u00e9solution appelant la Commission \u00e0 activer un m\u00e9canisme juridique suspendant les aides europ\u00e9ennes \u00e0 la Slovaquie. Les Eurod\u00e9put\u00e9s&hellip; <\/p>\n","protected":false},"author":1,"featured_media":27233,"comment_status":"open","ping_status":"open","sticky":false,"template":"","format":"standard","meta":{"footnotes":""},"categories":[1],"tags":[],"class_list":["post-27232","post","type-post","status-publish","format-standard","has-post-thumbnail","hentry","category-non-classe"],"_links":{"self":[{"href":"https:\/\/monde25.info\/index.php\/wp-json\/wp\/v2\/posts\/27232","targetHints":{"allow":["GET"]}}],"collection":[{"href":"https:\/\/monde25.info\/index.php\/wp-json\/wp\/v2\/posts"}],"about":[{"href":"https:\/\/monde25.info\/index.php\/wp-json\/wp\/v2\/types\/post"}],"author":[{"embeddable":true,"href":"https:\/\/monde25.info\/index.php\/wp-json\/wp\/v2\/users\/1"}],"replies":[{"embeddable":true,"href":"https:\/\/monde25.info\/index.php\/wp-json\/wp\/v2\/comments?post=27232"}],"version-history":[{"count":0,"href":"https:\/\/monde25.info\/index.php\/wp-json\/wp\/v2\/posts\/27232\/revisions"}],"wp:featuredmedia":[{"embeddable":true,"href":"https:\/\/monde25.info\/index.php\/wp-json\/wp\/v2\/media\/27233"}],"wp:attachment":[{"href":"https:\/\/monde25.info\/index.php\/wp-json\/wp\/v2\/media?parent=27232"}],"wp:term":[{"taxonomy":"category","embeddable":true,"href":"https:\/\/monde25.info\/index.php\/wp-json\/wp\/v2\/categories?post=27232"},{"taxonomy":"post_tag","embeddable":true,"href":"https:\/\/monde25.info\/index.php\/wp-json\/wp\/v2\/tags?post=27232"}],"curies":[{"name":"wp","href":"https:\/\/api.w.org\/{rel}","templated":true}]}}