{"id":27234,"date":"2026-05-01T06:24:46","date_gmt":"2026-05-01T04:24:46","guid":{"rendered":"https:\/\/monde25.info\/index.php\/2026\/05\/01\/trump-agite-la-menace-dun-retrait-militaire-en-allemagne-apres-une-passe-darmes-avec-merz-rt-en-francais\/"},"modified":"2026-05-01T06:24:46","modified_gmt":"2026-05-01T04:24:46","slug":"trump-agite-la-menace-dun-retrait-militaire-en-allemagne-apres-une-passe-darmes-avec-merz-rt-en-francais","status":"publish","type":"post","link":"https:\/\/monde25.info\/index.php\/2026\/05\/01\/trump-agite-la-menace-dun-retrait-militaire-en-allemagne-apres-une-passe-darmes-avec-merz-rt-en-francais\/","title":{"rendered":"Trump agite la menace d&rsquo;un retrait militaire en Allemagne apr\u00e8s une passe d&rsquo;armes avec Merz \u2014 RT en fran\u00e7ais"},"content":{"rendered":"<p> <br \/>\n<br \/><img decoding=\"async\" src=\"https:\/\/mf.b37mrtl.ru\/french\/images\/2026.04\/thumbnail\/69f36b8687f3ec79916a32d6.jpg\" \/><\/p>\n<div>\n<p class=\"text__summary\">\n                                        Entre Berlin et Washington, l&rsquo;heure n&rsquo;est plus \u00e0 la camaraderie. En pleine discorde sur la guerre contre l&rsquo;Iran, Trump menace de retirer une partie des troupes am\u00e9ricaines stationn\u00e9es en Allemagne. Merz, apr\u00e8s avoir lanc\u00e9 une pique \u00e0 la Maison Blanche, fait marche arri\u00e8re et assure que ses relations avec le pr\u00e9sident am\u00e9ricain restent bonnes.\n                                    <\/p>\n<p>La relation entre les \u00c9tats-Unis et l&rsquo;Allemagne traverse une nouvelle zone de turbulences. Le pr\u00e9sident am\u00e9ricain, Donald Trump, a laiss\u00e9 entendre, le 29 avril, sur Truth Social, qu&rsquo;il pourrait retirer une partie des soldats am\u00e9ricains stationn\u00e9s en Allemagne. Les relations entre lui et le chancelier Friedrich Merz \u00e9taient d\u00e9j\u00e0 conflictuelles \u00e0 cause de leurs positions oppos\u00e9es sur la guerre\u00a0contre\u00a0l&rsquo;Iran.<\/p>\n<p>Plus concr\u00e8tement, Trump a \u00e9crit que les \u00c9tats-Unis \u00e9tudiaient la possibilit\u00e9 de r\u00e9duire leurs effectifs en Allemagne, et qu&rsquo;une d\u00e9cision serait prise dans un avenir proche. Pourtant, ce n&rsquo;est pas la premi\u00e8re fois que le\u00a0pr\u00e9sident am\u00e9ricain\u00a0agite cette id\u00e9e. En 2020, \u00e0 la fin de son premier mandat, il envisageait d\u00e9j\u00e0 de retirer environ 12\u00a0000 des 36\u00a0000 militaires am\u00e9ricains pr\u00e9sents sur le sol allemand. Son successeur, Joe Biden, avait au contraire renforc\u00e9 cette pr\u00e9sence, invoquant le conflit en Ukraine. Aujourd&rsquo;hui, selon les m\u00e9dias am\u00e9ricains, plus de 36\u00a0000 soldats en service actif et 1\u00a0500 r\u00e9servistes sont d\u00e9ploy\u00e9s dans des bases \u00e0 travers l&rsquo;Allemagne.<\/p>\n<p>Les raisons de cette nouvelle tension seraient multiples. Le dirigeant am\u00e9ricain reproche aux alli\u00e9s europ\u00e9ens de refuser de soutenir la guerre isra\u00e9lo-am\u00e9ricaine contre l&rsquo;Iran, ainsi que de ne pas aider \u00e0 rouvrir le d\u00e9troit d&rsquo;Ormuz. T\u00e9h\u00e9ran avait ferm\u00e9 cette voie maritime strat\u00e9gique en f\u00e9vrier aux navires qualifi\u00e9s d&rsquo;hostiles. Ce diff\u00e9rend a \u00e9galement raviv\u00e9 une vieille critique du pr\u00e9sident am\u00e9ricain \u00e0 l&rsquo;\u00e9gard de l&rsquo;OTAN, qu&rsquo;il avait qualifi\u00e9e de \u00ab\u00a0tigre de papier\u00a0\u00bb.<\/p>\n<p>Tout a bascul\u00e9 le 27 avril lorsque Friedrich Merz, s&rsquo;adressant \u00e0 des \u00e9tudiants dans une \u00e9cole allemande, a affirm\u00e9 que les \u00c9tats-Unis \u00e9taient humili\u00e9s par l&rsquo;Iran. Il a jug\u00e9 que l&rsquo;administration Trump manquait d&rsquo;une strat\u00e9gie claire dans ce conflit, tout en rappelant que l&rsquo;Allemagne souffrait durement de la hausse des prix de l&rsquo;\u00e9nergie provoqu\u00e9e par la guerre.<\/p>\n<p>La r\u00e9ponse de Trump ne se\u00a0fait pas attendre. Sur Truth Social, il a \u00e9crit que Merz ne savait pas de quoi il parlait, ajoutant que ce n&rsquo;\u00e9tait pas un hasard si l&rsquo;Allemagne allait si mal, \u00e9conomiquement et autrement. Le 29 avril, le chancelier allemand a tent\u00e9 de minimiser l&rsquo;incident, assurant que sa relation personnelle avec\u00a0Trump restait bonne.\u00a0Cit\u00e9 par Reuters, il a expliqu\u00e9 qu&rsquo;il avait \u00ab\u00a0simplement\u00a0\u00bb eu des doutes depuis le d\u00e9but sur ce qui avait \u00e9t\u00e9 entrepris avec la guerre\u00a0contre l&rsquo;Iran, et qu&rsquo;il l&rsquo;avait dit \u00ab\u00a0clairement\u00a0\u00bb.<\/p>\n<p>Dans ce climat de tensions diplomatiques, les march\u00e9s s&rsquo;affolent. Le prix du baril de p\u00e9trole a d\u00e9pass\u00e9 les 120 dollars, un sommet in\u00e9dit depuis 2022. L&rsquo;incertitude demeure \u00e9galement quant \u00e0 l&rsquo;issue des n\u00e9gociations entre les \u00c9tats-Unis et l&rsquo;Iran. Quant \u00e0 l&rsquo;Allemagne, elle n&rsquo;a plus qu&rsquo;\u00e0 croiser les doigts et attendre que Washington daigne se d\u00e9cider.<\/p>\n<\/div>\n<p><br \/>\n<br \/><a href=\"https:\/\/francais.rt.com\/international\/133721-troupes-americaines-allemagne-trump-menace-retrait-militaire-allemagne-apres-passe-armes-avec-merz\" target=\"_blank\"\">Source link <\/a><\/p>\n","protected":false},"excerpt":{"rendered":"<p>Entre Berlin et Washington, l&rsquo;heure n&rsquo;est plus \u00e0 la camaraderie. En pleine discorde sur la guerre contre l&rsquo;Iran, Trump menace de retirer une partie des troupes am\u00e9ricaines stationn\u00e9es en Allemagne.&hellip; <\/p>\n","protected":false},"author":1,"featured_media":27235,"comment_status":"open","ping_status":"open","sticky":false,"template":"","format":"standard","meta":{"footnotes":""},"categories":[1],"tags":[],"class_list":["post-27234","post","type-post","status-publish","format-standard","has-post-thumbnail","hentry","category-non-classe"],"_links":{"self":[{"href":"https:\/\/monde25.info\/index.php\/wp-json\/wp\/v2\/posts\/27234","targetHints":{"allow":["GET"]}}],"collection":[{"href":"https:\/\/monde25.info\/index.php\/wp-json\/wp\/v2\/posts"}],"about":[{"href":"https:\/\/monde25.info\/index.php\/wp-json\/wp\/v2\/types\/post"}],"author":[{"embeddable":true,"href":"https:\/\/monde25.info\/index.php\/wp-json\/wp\/v2\/users\/1"}],"replies":[{"embeddable":true,"href":"https:\/\/monde25.info\/index.php\/wp-json\/wp\/v2\/comments?post=27234"}],"version-history":[{"count":0,"href":"https:\/\/monde25.info\/index.php\/wp-json\/wp\/v2\/posts\/27234\/revisions"}],"wp:featuredmedia":[{"embeddable":true,"href":"https:\/\/monde25.info\/index.php\/wp-json\/wp\/v2\/media\/27235"}],"wp:attachment":[{"href":"https:\/\/monde25.info\/index.php\/wp-json\/wp\/v2\/media?parent=27234"}],"wp:term":[{"taxonomy":"category","embeddable":true,"href":"https:\/\/monde25.info\/index.php\/wp-json\/wp\/v2\/categories?post=27234"},{"taxonomy":"post_tag","embeddable":true,"href":"https:\/\/monde25.info\/index.php\/wp-json\/wp\/v2\/tags?post=27234"}],"curies":[{"name":"wp","href":"https:\/\/api.w.org\/{rel}","templated":true}]}}