{"id":27237,"date":"2026-05-01T09:42:37","date_gmt":"2026-05-01T07:42:37","guid":{"rendered":"https:\/\/monde25.info\/index.php\/2026\/05\/01\/marjorie-keters-la-syndicaliste-qui-met-lecologie-au-coeur-des-luttes-ouvrieres\/"},"modified":"2026-05-01T09:42:37","modified_gmt":"2026-05-01T07:42:37","slug":"marjorie-keters-la-syndicaliste-qui-met-lecologie-au-coeur-des-luttes-ouvrieres","status":"publish","type":"post","link":"https:\/\/monde25.info\/index.php\/2026\/05\/01\/marjorie-keters-la-syndicaliste-qui-met-lecologie-au-coeur-des-luttes-ouvrieres\/","title":{"rendered":"Marjorie Keters, la syndicaliste qui met l&#039;\u00e9cologie au c\u0153ur des luttes ouvri\u00e8res"},"content":{"rendered":"<p> <br \/>\n<br \/><img loading=\"lazy\" decoding=\"async\" src=\"https:\/\/reporterre.net\/local\/cache-vignettes\/L700xH467\/16032026_nmn_0722_portraitmarjorieketers_eco-syndicalisme__c_nnoman-5f7e2.jpg?1777611601\" class=\"spip_logo\" width=\"700\" height=\"467\" alt=\"\" \/><\/p>\n<p>Coordinatrice du R\u00e9seau \u00e9co-syndicaliste, Marjorie Keters consacre sa vie \u00e0 faire \u00e9merger une \u00e9cologie de classe depuis les lieux de travail. Un engagement chevill\u00e9 au corps depuis son enfance dans la sid\u00e9rurgie dunkerquoise. <br class=\"autobr\" \/> Il est 19\u00a0heures pass\u00e9es lorsque Marjorie Keters pousse, avec une douceur presque h\u00e9sitante, la porte d&rsquo;un salon de coiffure occup\u00e9 depuis plusieurs semaines boulevard de Strasbourg, dans le 10\u1d49\u00a0arrondissement de Paris. Des coiffeuses et esth\u00e9ticiennes, originaires\u00a0(\u2026)<\/p>\n<p>                    <a target=\"_blank\" href=\"https:\/\/reporterre.net\/Marjorie-Keters-la-syndicaliste-qui-met-l-ecologie-au-coeur-des-luttes-ouvrieres?utm_source=RSS&amp;utm_medium=RSS\">Lire la suite<\/a><\/p>\n<p>                    &#8211;<br \/>\n                        <a target=\"_blank\" href=\"https:\/\/reporterre.net\/Portrait-158\" rel=\"directory\">Portrait<\/a><\/p>\n<p>                    \/<br \/>\n                        <a target=\"_blank\" href=\"https:\/\/reporterre.net\/Luttes\" rel=\"tag\">Luttes<\/a><br \/>\n<br \/><br \/>\n<br \/><a href=\"https:\/\/reporterre.net\/Marjorie-Keters-la-syndicaliste-qui-met-l-ecologie-au-coeur-des-luttes-ouvrieres\" target=\"_blank\"\">Source link <\/a><\/p>\n","protected":false},"excerpt":{"rendered":"<p>Coordinatrice du R\u00e9seau \u00e9co-syndicaliste, Marjorie Keters consacre sa vie \u00e0 faire \u00e9merger une \u00e9cologie de classe depuis les lieux de travail. Un engagement chevill\u00e9 au corps depuis son enfance dans&hellip; <\/p>\n","protected":false},"author":1,"featured_media":0,"comment_status":"open","ping_status":"open","sticky":false,"template":"","format":"standard","meta":{"footnotes":""},"categories":[1],"tags":[],"class_list":["post-27237","post","type-post","status-publish","format-standard","hentry","category-non-classe"],"_links":{"self":[{"href":"https:\/\/monde25.info\/index.php\/wp-json\/wp\/v2\/posts\/27237","targetHints":{"allow":["GET"]}}],"collection":[{"href":"https:\/\/monde25.info\/index.php\/wp-json\/wp\/v2\/posts"}],"about":[{"href":"https:\/\/monde25.info\/index.php\/wp-json\/wp\/v2\/types\/post"}],"author":[{"embeddable":true,"href":"https:\/\/monde25.info\/index.php\/wp-json\/wp\/v2\/users\/1"}],"replies":[{"embeddable":true,"href":"https:\/\/monde25.info\/index.php\/wp-json\/wp\/v2\/comments?post=27237"}],"version-history":[{"count":0,"href":"https:\/\/monde25.info\/index.php\/wp-json\/wp\/v2\/posts\/27237\/revisions"}],"wp:attachment":[{"href":"https:\/\/monde25.info\/index.php\/wp-json\/wp\/v2\/media?parent=27237"}],"wp:term":[{"taxonomy":"category","embeddable":true,"href":"https:\/\/monde25.info\/index.php\/wp-json\/wp\/v2\/categories?post=27237"},{"taxonomy":"post_tag","embeddable":true,"href":"https:\/\/monde25.info\/index.php\/wp-json\/wp\/v2\/tags?post=27237"}],"curies":[{"name":"wp","href":"https:\/\/api.w.org\/{rel}","templated":true}]}}