{"id":2724,"date":"2025-02-16T10:56:41","date_gmt":"2025-02-16T09:56:41","guid":{"rendered":"https:\/\/monde25.info\/index.php\/2025\/02\/16\/la-surface-consacree-au-bio-en-hausse-de-26-en-2023\/"},"modified":"2025-02-16T10:56:41","modified_gmt":"2025-02-16T09:56:41","slug":"la-surface-consacree-au-bio-en-hausse-de-26-en-2023","status":"publish","type":"post","link":"https:\/\/monde25.info\/index.php\/2025\/02\/16\/la-surface-consacree-au-bio-en-hausse-de-26-en-2023\/","title":{"rendered":"La surface consacr\u00e9e au bio en hausse de 2,6\u00a0% en 2023"},"content":{"rendered":"<p> <br \/>\n<\/p>\n<div style=\"position:relative;\">\n        <picture><source type=\"image\/webp\" srcset=\"https:\/\/reporterre.net\/local\/cache-vignettes\/L720xH480\/pexels-karolina-grabowska-4207910_1_-f1a65.jpg@.webp?1739539884\"><img loading=\"lazy\" decoding=\"async\" src=\"https:\/\/reporterre.net\/local\/cache-vignettes\/L720xH480\/pexels-karolina-grabowska-4207910_1_-f1a65.jpg?1739539884\" width=\"720\" height=\"480\" alt=\"La surface consacr\u00e9e au bio en hausse de 2,6&lt;small class=&quot;fine d-inline&quot;&gt;\u00a0&lt;\/small&gt;% en 2023\" class=\"image_logo voir_logo\"\/><\/p>\n<p><\/source><\/picture>\n<p class=\"legende_logo\">En 2023, 2,1 % de la surface agricole mondiale \u00e9tait cultiv\u00e9e en bio. <span class=\"copyright_logo\">&#8211; Pexels\/CC\/Kaboompics.com<\/span><\/p>\n<p class=\"legende_logo_480\">En 2023, 2,1 % de la surface agricole mondiale \u00e9tait cultiv\u00e9e en bio. <span class=\"copyright_logo\">&#8211; Pexels\/CC\/Kaboompics.com<\/span><\/p>\n<\/p><\/div>\n<div>\n        <span class=\"date\">14 f\u00e9vrier 2025  \u00e0 14h39<\/span><\/p>\n<p class=\"duree_lecture\">\n        Dur\u00e9e de lecture : 1 minute\n      <\/p>\n<\/p><\/div>\n<div>\n<p>Les chiffres sont en hausse. D\u2019apr\u00e8s le <a target=\"_blank\" href=\"https:\/\/www.fibl.org\/fr\/infotheque\/message\/le-marche-bio-progresse-a-nouveau\" class=\"spip_out\" rel=\"external\">dernier rapport<\/a> de l\u2019Institut de recherche de l\u2019agriculture biologique (<span class=\"caps\">FIBL<\/span>), la surface agricole biologique mondiale a augment\u00e9 de 2,5\u00a0millions d\u2019hectares en 2023, pour atteindre 98,9\u00a0millions d\u2019hectares. C\u2019est une progression de 2,6<small class=\"fine d-inline\">\u00a0<\/small>% par rapport \u00e0 l\u2019ann\u00e9e pr\u00e9c\u00e9dente. Ainsi, en 2023, 2,1<small class=\"fine d-inline\">\u00a0<\/small>% de la surface agricole mondiale \u00e9tait cultiv\u00e9e en bio.<\/p>\n<p>L\u2019Oc\u00e9anie est en t\u00eate du podium\u00a0: la surface agricole cultiv\u00e9e en bio sur ce continent repr\u00e9sentait 53,2\u00a0millions d\u2019hectares. Loin devant l\u2019Europe (19,5\u00a0millions d\u2019hectares) et l\u2019Am\u00e9rique latine et les Cara\u00efbes (10,3\u00a0millions d\u2019hectares). En 2023, l\u2019Afrique poss\u00e9dait plus de surface cultiv\u00e9e en bio (3,4\u00a0millions d\u2019hectares) qu\u2019en Am\u00e9rique du Nord (3,3\u00a0millions d\u2019hectares).<\/p>\n<p>Par pays, c\u2019est donc l\u2019Australie qui obtient la m\u00e9daille d\u2019or (53\u00a0millions d\u2019hectares), suivie de l\u2019Inde (4,5 millions d\u2019hectares) et de l\u2019Argentine (4\u00a0millions d\u2019hectares).<\/p>\n<p>Le march\u00e9 bio mondial a \u00e9galement continu\u00e9 sa progression, jusqu\u2019\u00e0 atteindre 136,4\u00a0milliards d\u2019euros. <i>\u00ab<small class=\"fine d-inline\">\u00a0<\/small>De nombreux pays se sont remis de <a target=\"_blank\" href=\"https:\/\/reporterre.net\/Crise-de-la-bio-les-producteurs-galerent\" class=\"spip_in\">l\u2019\u00e9volution n\u00e9gative de 2022<\/a><small class=\"fine d-inline\">\u00a0<\/small>\u00bb<\/i>, \u00e9crit la <span class=\"caps\">FIBL<\/span> dans un communiqu\u00e9. Le premier march\u00e9 restait celui des \u00c9tats-Unis (59 milliards d\u2019euros), derri\u00e8re l\u2019Allemagne (16 milliards d\u2019euros), la Chine et la France (12\u00a0milliards d\u2019euros chacune).<\/p>\n<aside class=\"boite_encarts\">\n<div class=\"encart encart_gris noprint\">\n<p><strong>Puisque vous \u00eates l\u00e0&#8230;<\/strong><\/p>\n<p>&#8230; nous avons un petit service \u00e0 vous demander.<br class=\"autobr\"\/><br \/>\nEntre la pr\u00e9sence d\u2019un climatosceptique \u00e0 la t\u00eate de la premi\u00e8re puissance mondiale, un gouvernement fran\u00e7ais qui flirte avec l\u2019extr\u00eame-droite, et les catastrophes climatiques qui s\u2019enchainent&#8230; Faire vivre l\u2019\u00e9cologie dans le d\u00e9bat public est un enjeu crucial.<\/p>\n<p>Personne ne modifie ce que nous publions. Nous n\u2019avons ni actionnaire, ni propri\u00e9taire milliardaire \u2014 seulement une \u00e9quipe d\u2019irr\u00e9ductibles journalistes, pleine de d\u00e9termination.<\/p>\n<p>Nous avons la conviction que l\u2019urgence \u00e9cologique est l\u2019enjeu majeur de notre \u00e9poque. Et comme plus de 2 millions de lectrices et lecteurs chaque mois, vous partagez sans doute cette conviction&#8230;<\/p>\n<p><strong>Depuis 12 ans, nous publions des articles de qualit\u00e9 sur l\u2019\u00e9cologie, en acc\u00e8s libre et sans publicit\u00e9, pour tous.<\/strong><br class=\"autobr\"\/><br \/>\nMais ce travail demande beaucoup de temps et de ressources.<\/p>\n<p>Alors, si vous en avez les moyens, sachez qu\u2019un don, m\u00eame d\u20191\u20ac, est un acte de soutien fort pour l\u2019\u00e9cologie et le journalisme ind\u00e9pendant.<br class=\"autobr\"\/><br \/>\n(Et \u00e7a vous prendra moins de temps que la lecture de ce texte).<\/p>\n<p><strong>Si vous le pouvez, choisissez un soutien mensuel. Merci.<\/strong><\/p>\n<p><a target=\"_blank\" href=\"https:\/\/reporterre.net\/dons\" class=\"bt_soutenir\">Je soutiens <i>Reporterre<\/i><\/a><\/p>\n<\/p><\/div>\n<div class=\"encart encart_vert noprint montre_1023\">\n<div class=\"infolettre-form-container noprint\">\n<p>Abonnez-vous \u00e0 la lettre d\u2019info de Reporterre<\/p>\n<\/div><\/div>\n<\/aside>\n<aside class=\"boite_apresarticle encart_note\">\n<h4>Apr\u00e8s cet article<\/h4>\n<p>      <a target=\"_blank\" href=\"https:\/\/reporterre.net\/Crise-de-la-bio-les-producteurs-galerent\" class=\"lien_article\">\n      <picture class=\"vignette_gauche\"><source type=\"image\/webp\" srcset=\"https:\/\/reporterre.net\/local\/cache-vignettes\/L450xH300\/arton27715-77e82.jpg@.webp?1737368218\"><img decoding=\"async\" src=\"https:\/\/reporterre.net\/local\/cache-vignettes\/L450xH300\/arton27715-77e82.jpg?1737368218\" width=\"450\" height=\"300\" alt=\"\" class=\"marge12\" loading=\"lazy\"\/><br \/>\n<\/source><\/picture>\n<p class=\"libelle\">\n<p>          Enqu\u00eate \u2014<\/p>\n<p>      Agriculture\n    <\/p>\n<p class=\"titre pol20\">Crise de la bio\u00a0: les producteurs gal\u00e8rent<\/p>\n<p>      <\/a><br \/>\n    <\/aside>\n<aside class=\"boite_complement texte\">\n<p>      <!-- zone_forum --><br \/>\n          <\/aside>\n<aside class=\"boite_lireaussi noprint\">\n<\/aside>\n<aside class=\"colonne\">\n<div class=\"article_info cache_1023 noprint\">\n        <span class=\"date\">14 f\u00e9vrier 2025  \u00e0 14h39<\/span><\/p>\n<p class=\"duree_lecture\">\n        Dur\u00e9e de lecture : 1 minute\n      <\/p>\n<\/p><\/div>\n<div class=\"bloc_infolettre\">\n<div class=\"infolettre-form-container noprint\">\n<p>Abonnez-vous \u00e0 la lettre d\u2019info de Reporterre<\/p>\n<\/div><\/div>\n<\/aside>\n<div id=\"galerie\">\n  <img decoding=\"async\" src=\"\" class=\"principale\" id=\"principale\"\/><\/p>\n<p id=\"legende\">legende<\/p>\n<\/div>\n<footer class=\"noprint\">\n<\/footer>\n<\/div>\n<p><br \/>\n<br \/><a href=\"https:\/\/reporterre.net\/La-surface-consacree-au-bio-en-hausse-de-2-6-en-2023\" target=\"_blank\"\">Source link <\/a><\/p>\n","protected":false},"excerpt":{"rendered":"<p>En 2023, 2,1 % de la surface agricole mondiale \u00e9tait cultiv\u00e9e en bio. &#8211; Pexels\/CC\/Kaboompics.com En 2023, 2,1 % de la surface agricole mondiale \u00e9tait cultiv\u00e9e en bio. &#8211; Pexels\/CC\/Kaboompics.com&hellip; <\/p>\n","protected":false},"author":1,"featured_media":2725,"comment_status":"open","ping_status":"open","sticky":false,"template":"","format":"standard","meta":{"footnotes":""},"categories":[1],"tags":[],"class_list":["post-2724","post","type-post","status-publish","format-standard","has-post-thumbnail","hentry","category-non-classe"],"_links":{"self":[{"href":"https:\/\/monde25.info\/index.php\/wp-json\/wp\/v2\/posts\/2724","targetHints":{"allow":["GET"]}}],"collection":[{"href":"https:\/\/monde25.info\/index.php\/wp-json\/wp\/v2\/posts"}],"about":[{"href":"https:\/\/monde25.info\/index.php\/wp-json\/wp\/v2\/types\/post"}],"author":[{"embeddable":true,"href":"https:\/\/monde25.info\/index.php\/wp-json\/wp\/v2\/users\/1"}],"replies":[{"embeddable":true,"href":"https:\/\/monde25.info\/index.php\/wp-json\/wp\/v2\/comments?post=2724"}],"version-history":[{"count":0,"href":"https:\/\/monde25.info\/index.php\/wp-json\/wp\/v2\/posts\/2724\/revisions"}],"wp:featuredmedia":[{"embeddable":true,"href":"https:\/\/monde25.info\/index.php\/wp-json\/wp\/v2\/media\/2725"}],"wp:attachment":[{"href":"https:\/\/monde25.info\/index.php\/wp-json\/wp\/v2\/media?parent=2724"}],"wp:term":[{"taxonomy":"category","embeddable":true,"href":"https:\/\/monde25.info\/index.php\/wp-json\/wp\/v2\/categories?post=2724"},{"taxonomy":"post_tag","embeddable":true,"href":"https:\/\/monde25.info\/index.php\/wp-json\/wp\/v2\/tags?post=2724"}],"curies":[{"name":"wp","href":"https:\/\/api.w.org\/{rel}","templated":true}]}}