{"id":27244,"date":"2026-05-01T11:54:36","date_gmt":"2026-05-01T09:54:36","guid":{"rendered":"https:\/\/monde25.info\/index.php\/2026\/05\/01\/une-ong-israelienne-alerte-sur-les-conditions-de-detention-rt-en-francais\/"},"modified":"2026-05-01T11:54:36","modified_gmt":"2026-05-01T09:54:36","slug":"une-ong-israelienne-alerte-sur-les-conditions-de-detention-rt-en-francais","status":"publish","type":"post","link":"https:\/\/monde25.info\/index.php\/2026\/05\/01\/une-ong-israelienne-alerte-sur-les-conditions-de-detention-rt-en-francais\/","title":{"rendered":"une ONG isra\u00e9lienne alerte sur les conditions de d\u00e9tention \u2014 RT en fran\u00e7ais"},"content":{"rendered":"<p> <br \/>\n<br \/><img decoding=\"async\" src=\"https:\/\/mf.b37mrtl.ru\/french\/images\/2026.05\/thumbnail\/69f455316f7ccc6ccc5fd01d.jpg\" \/><\/p>\n<div>\n<p class=\"text__summary\">\n                                        PHRI d\u00e9nonce une d\u00e9gradation des conditions de d\u00e9tention des prisonniers palestiniens en Isra\u00ebl. L\u2019acc\u00e8s aux soins et aux \u00e9quipements m\u00e9dicaux est fortement limit\u00e9 depuis la suppression des comptes individuels. L\u2019ONG estime que ces mesures portent atteinte aux droits fondamentaux des d\u00e9tenus.\n                                    <\/p>\n<p data-start=\"108\" data-end=\"584\">L\u2019organisation Physicians for Human Rights\u2013Israel (PHRI) d\u00e9nonce une aggravation des conditions de d\u00e9tention des prisonniers <a target=\"_blank\" href=\"https:\/\/francais.rt.com\/international\/133691-gaza-plongee-dans-noir\">palestiniens<\/a> en Isra\u00ebl, marqu\u00e9e par des restrictions accrues sur l\u2019acc\u00e8s aux soins essentiels.<\/p>\n<p data-start=\"108\" data-end=\"584\">Selon l\u2019ONG, plusieurs centaines de d\u00e9tenus se retrouvent priv\u00e9s d\u2019\u00e9quipements m\u00e9dicaux de base, comme des lunettes, des fauteuils roulants ou des appareils auditifs fonctionnels. Ces manques affectent directement leur sant\u00e9 et leur autonomie au quotidien.<\/p>\n<p data-start=\"586\" data-end=\"1055\">PHRI souligne que ces difficult\u00e9s sont aggrav\u00e9es par la suppression, depuis octobre 2023, des comptes individuels qui permettaient aux familles de financer les besoins des d\u00e9tenus. Cette mesure, appliqu\u00e9e uniquement aux prisonniers palestiniens, emp\u00eache l\u2019achat de produits m\u00e9dicaux ou de premi\u00e8re n\u00e9cessit\u00e9 via le syst\u00e8me p\u00e9nitentiaire. D\u00e9sormais, l\u2019acc\u00e8s \u00e0 ces biens d\u00e9pend de proc\u00e9dures indirectes, plus longues et co\u00fbteuses, notamment par l\u2019interm\u00e9diaire d\u2019avocats.<\/p>\n<p data-start=\"1057\" data-end=\"1571\">L\u2019ONG rappelle \u00e9galement que <a target=\"_blank\" href=\"https:\/\/francais.rt.com\/international\/133622-israel-sattaque-recettes-fiscales-palestiniens\">les autorit\u00e9s<\/a> p\u00e9nitentiaires ne fournissent pas syst\u00e9matiquement les ressources n\u00e9cessaires au bon fonctionnement des dispositifs m\u00e9dicaux, ce qui entra\u00eene des situations de d\u00e9pendance critique pour certains d\u00e9tenus. Elle estime que ces pratiques compromettent le respect des droits fondamentaux garantis par les normes juridiques internationales et les d\u00e9cisions de la Cour supr\u00eame isra\u00e9lienne, qui avait d\u00e9j\u00e0 reconnu l\u2019importance d\u2019un acc\u00e8s minimal aux biens essentiels en d\u00e9tention.<\/p>\n<p data-start=\"1573\" data-end=\"1807\">Dans un contexte de tensions persistantes, PHRI consid\u00e8re que ces restrictions contribuent \u00e0 une d\u00e9t\u00e9rioration g\u00e9n\u00e9rale des conditions de vie en prison, d\u00e9j\u00e0 r\u00e9guli\u00e8rement d\u00e9nonc\u00e9es par les organisations de d\u00e9fense des droits de l&rsquo;homme.<\/p>\n<\/div>\n<p><br \/>\n<br \/><a href=\"https:\/\/francais.rt.com\/international\/133728-prisonniers-palestiniens-israel-ong-israelienne-alerte-sur-conditions-detention\" target=\"_blank\"\">Source link <\/a><\/p>\n","protected":false},"excerpt":{"rendered":"<p>PHRI d\u00e9nonce une d\u00e9gradation des conditions de d\u00e9tention des prisonniers palestiniens en Isra\u00ebl. L\u2019acc\u00e8s aux soins et aux \u00e9quipements m\u00e9dicaux est fortement limit\u00e9 depuis la suppression des comptes individuels. L\u2019ONG&hellip; <\/p>\n","protected":false},"author":1,"featured_media":27245,"comment_status":"open","ping_status":"open","sticky":false,"template":"","format":"standard","meta":{"footnotes":""},"categories":[1],"tags":[],"class_list":["post-27244","post","type-post","status-publish","format-standard","has-post-thumbnail","hentry","category-non-classe"],"_links":{"self":[{"href":"https:\/\/monde25.info\/index.php\/wp-json\/wp\/v2\/posts\/27244","targetHints":{"allow":["GET"]}}],"collection":[{"href":"https:\/\/monde25.info\/index.php\/wp-json\/wp\/v2\/posts"}],"about":[{"href":"https:\/\/monde25.info\/index.php\/wp-json\/wp\/v2\/types\/post"}],"author":[{"embeddable":true,"href":"https:\/\/monde25.info\/index.php\/wp-json\/wp\/v2\/users\/1"}],"replies":[{"embeddable":true,"href":"https:\/\/monde25.info\/index.php\/wp-json\/wp\/v2\/comments?post=27244"}],"version-history":[{"count":0,"href":"https:\/\/monde25.info\/index.php\/wp-json\/wp\/v2\/posts\/27244\/revisions"}],"wp:featuredmedia":[{"embeddable":true,"href":"https:\/\/monde25.info\/index.php\/wp-json\/wp\/v2\/media\/27245"}],"wp:attachment":[{"href":"https:\/\/monde25.info\/index.php\/wp-json\/wp\/v2\/media?parent=27244"}],"wp:term":[{"taxonomy":"category","embeddable":true,"href":"https:\/\/monde25.info\/index.php\/wp-json\/wp\/v2\/categories?post=27244"},{"taxonomy":"post_tag","embeddable":true,"href":"https:\/\/monde25.info\/index.php\/wp-json\/wp\/v2\/tags?post=27244"}],"curies":[{"name":"wp","href":"https:\/\/api.w.org\/{rel}","templated":true}]}}