{"id":27246,"date":"2026-05-01T12:27:37","date_gmt":"2026-05-01T10:27:37","guid":{"rendered":"https:\/\/monde25.info\/index.php\/2026\/05\/01\/flottille-pour-gaza-15-francais-kidnappes-par-lisrael-avec-le-silence-complice-du-gouvernement\/"},"modified":"2026-05-01T12:27:37","modified_gmt":"2026-05-01T10:27:37","slug":"flottille-pour-gaza-15-francais-kidnappes-par-lisrael-avec-le-silence-complice-du-gouvernement","status":"publish","type":"post","link":"https:\/\/monde25.info\/index.php\/2026\/05\/01\/flottille-pour-gaza-15-francais-kidnappes-par-lisrael-avec-le-silence-complice-du-gouvernement\/","title":{"rendered":"Flottille pour Gaza : 15 Fran\u00e7ais kidnapp\u00e9s par l&rsquo;isra\u00ebl, avec le silence complice du gouvernement"},"content":{"rendered":"<p> <br \/>\n<\/p>\n<div>\n<p class=\"font-claude-response-body break-words whitespace-normal leading-[1.7]\"><span class=\"dropcap \" style=\"background-color: #ffffff; color: #000000; border-color: #ffffff;\"><strong>D<\/strong><\/span>ans la nuit du 29 au 30 avril 2026, l\u2019arm\u00e9e isra\u00e9lienne a arraisonn\u00e9 de force et en toute ill\u00e9galit\u00e9 la flottille humanitaire Global Sumud Flotilla dans les eaux internationales au large de la Cr\u00e8te. Au moins 175 militants pro-palestiniens ont \u00e9t\u00e9 arr\u00eat\u00e9s, provenant d\u2019une vingtaine de bateaux sur les soixante que comptait la mission. Parmi eux, <strong>15 ressortissants fran\u00e7ais<\/strong>, dont Rapha\u00eblle Primet, conseill\u00e8re municipale de Paris et co-pr\u00e9sidente du groupe communiste au Conseil de Paris, qui se trouvait \u00e0 bord du bateau Le Myst\u00e8re.<\/p>\n<p class=\"font-claude-response-body break-words whitespace-normal leading-[1.7]\">L\u2019interception est juridiquement ind\u00e9fendable. La Convention des Nations Unies sur le droit de la mer garantit la libert\u00e9 de navigation en haute mer. Arraisonner de force des navires civils battant pavillons \u00e9trangers, sans \u00e9tat de guerre d\u00e9clar\u00e9, constitue au minimum une violation grave du droit maritime international \u2014 et au maximum un acte de piraterie d\u2019\u00c9tat.<\/p>\n<p>C\u2019est toujours dr\u00f4le de voir cette racaille sioniste d\u00e9g\u00e9n\u00e9r\u00e9e critiquer l\u2019Iran sur le d\u00e9troit d\u2019Ormouz et faire pire sur les eaux internationale ne respectant aucune loi !<\/p>\n<p class=\"font-claude-response-body break-words whitespace-normal leading-[1.7]\">Le contraste des r\u00e9actions europ\u00e9ennes est \u00e9difiant. L\u2019Italie de Giorgia Meloni \u2014 pourtant l\u2019une des alli\u00e9es les plus fid\u00e8les de l\u2019isra\u00ebl en Europe \u2014 a <strong>condamn\u00e9<\/strong> l\u2019interception et <strong>exig\u00e9 la lib\u00e9ration imm\u00e9diate<\/strong> de ses ressortissants \u00ab\u00a0ill\u00e9galement d\u00e9tenus\u00a0\u00bb, sans oublier l\u2019Espagne\u2026 La France, elle, s\u2019est content\u00e9e d\u2019une formule du porte-parole du Quai d\u2019Orsay : Paris tr\u00e8s timidement \u00ab\u00a0<em>invite toutes les parties \u00e0 respecter le droit international et le droit de la mer<\/em>.\u00a0\u00bb <strong>Quinze Fran\u00e7ais arr\u00eat\u00e9s en haute mer par une arm\u00e9e \u00e9trang\u00e8re. Une invitation !<\/strong>\u00a0Voil\u00e0 tout.<\/p>\n<p class=\"font-claude-response-body break-words whitespace-normal leading-[1.7]\">Aucun ambassadeur isra\u00e9lien convoqu\u00e9. Aucune condamnation explicite. Aucune exigence de lib\u00e9ration imm\u00e9diate. La diplomatie fran\u00e7aise, qui se gargarise de droit international \u00e0 chaque tribune onusienne, choisit le silence quand il faudrait agir car c\u2019est la serpill\u00e8re du sionisme.<\/p>\n<p class=\"font-claude-response-body break-words whitespace-normal leading-[1.7]\">Quand Meloni d\u00e9passe la France dans la d\u00e9fense de ses citoyens et du droit international, la question s\u2019impose d\u2019elle-m\u00eame : \u00e0 qui ob\u00e9it vraiment le Quai d\u2019Orsay ?<\/p>\n<hr\/>\n<blockquote class=\"twitter-tweet\" data-media-max-width=\"560\">\n<p dir=\"ltr\" lang=\"en\">Israeli forces have intercepted around a dozen Gaza-bound aid boats from the Global Sumud Flotilla in international waters near the Greek island of Crete, more than 1,000km from Israel.<\/p>\n<p>Organisers call it an illegal attack on civilians in international waters. <a target=\"_blank\" href=\"https:\/\/t.co\/anFDUK3f4M\">pic.twitter.com\/anFDUK3f4M<\/a><\/p>\n<p>\u2014 Al Jazeera Breaking News (@AJENews) <a target=\"_blank\" href=\"https:\/\/twitter.com\/AJENews\/status\/2049672618517647657?ref_src=twsrc%5Etfw\">April 30, 2026<\/a><\/p>\n<\/blockquote>\n<\/div>\n<p><script async src=\"\/\/platform.twitter.com\/widgets.js\" charset=\"utf-8\"><\/script><br \/>\n<br \/><br \/>\n<br \/><a href=\"https:\/\/www.lelibrepenseur.org\/flottille-pour-gaza-15-francais-kidnappes-par-lisrael-avec-le-silence-complice-du-gouvernement\/\" target=\"_blank\"\">Source link <\/a><\/p>\n","protected":false},"excerpt":{"rendered":"<p>Dans la nuit du 29 au 30 avril 2026, l\u2019arm\u00e9e isra\u00e9lienne a arraisonn\u00e9 de force et en toute ill\u00e9galit\u00e9 la flottille humanitaire Global Sumud Flotilla dans les eaux internationales au&hellip; <\/p>\n","protected":false},"author":1,"featured_media":0,"comment_status":"open","ping_status":"open","sticky":false,"template":"","format":"standard","meta":{"footnotes":""},"categories":[1],"tags":[],"class_list":["post-27246","post","type-post","status-publish","format-standard","hentry","category-non-classe"],"_links":{"self":[{"href":"https:\/\/monde25.info\/index.php\/wp-json\/wp\/v2\/posts\/27246","targetHints":{"allow":["GET"]}}],"collection":[{"href":"https:\/\/monde25.info\/index.php\/wp-json\/wp\/v2\/posts"}],"about":[{"href":"https:\/\/monde25.info\/index.php\/wp-json\/wp\/v2\/types\/post"}],"author":[{"embeddable":true,"href":"https:\/\/monde25.info\/index.php\/wp-json\/wp\/v2\/users\/1"}],"replies":[{"embeddable":true,"href":"https:\/\/monde25.info\/index.php\/wp-json\/wp\/v2\/comments?post=27246"}],"version-history":[{"count":0,"href":"https:\/\/monde25.info\/index.php\/wp-json\/wp\/v2\/posts\/27246\/revisions"}],"wp:attachment":[{"href":"https:\/\/monde25.info\/index.php\/wp-json\/wp\/v2\/media?parent=27246"}],"wp:term":[{"taxonomy":"category","embeddable":true,"href":"https:\/\/monde25.info\/index.php\/wp-json\/wp\/v2\/categories?post=27246"},{"taxonomy":"post_tag","embeddable":true,"href":"https:\/\/monde25.info\/index.php\/wp-json\/wp\/v2\/tags?post=27246"}],"curies":[{"name":"wp","href":"https:\/\/api.w.org\/{rel}","templated":true}]}}