{"id":27249,"date":"2026-05-01T15:12:55","date_gmt":"2026-05-01T13:12:55","guid":{"rendered":"https:\/\/monde25.info\/index.php\/2026\/05\/01\/le-parlement-europeen-appelle-a-un-moratoire-sur-la-peche-au-krill\/"},"modified":"2026-05-01T15:12:55","modified_gmt":"2026-05-01T13:12:55","slug":"le-parlement-europeen-appelle-a-un-moratoire-sur-la-peche-au-krill","status":"publish","type":"post","link":"https:\/\/monde25.info\/index.php\/2026\/05\/01\/le-parlement-europeen-appelle-a-un-moratoire-sur-la-peche-au-krill\/","title":{"rendered":"Le Parlement europ\u00e9en appelle \u00e0 un moratoire sur la p\u00eache au krill"},"content":{"rendered":"<p> <br \/>\n<br \/><img loading=\"lazy\" decoding=\"async\" src=\"https:\/\/reporterre.net\/local\/cache-vignettes\/L700xH467\/krill_on_finger_1_-f265d.jpg?1777551800\" class=\"spip_logo\" width=\"700\" height=\"467\" alt=\"\" \/><\/p>\n<p>Le 28\u00a0avril, le Parlement europ\u00e9en a vot\u00e9 une r\u00e9solution dans laquelle il \u00ab<small class=\"fine d-inline\">\u00a0<\/small>invite la Commission [europ\u00e9enne] \u00e0 soutenir la mise en place d&rsquo;un moratoire de cinq ans sur la p\u00eache au krill dans l&rsquo;oc\u00e9an Austral<small class=\"fine d-inline\">\u00a0<\/small>\u00bb. Une \u00ab<small class=\"fine d-inline\">\u00a0<\/small>victoire pour l&rsquo;Antarctique<small class=\"fine d-inline\">\u00a0<\/small>!<small class=\"fine d-inline\">\u00a0<\/small>\u00bb a salu\u00e9 l&rsquo;<span class=\"caps\">ONG<\/span> de protection des oc\u00e9ans Under The Pole. <br class=\"autobr\" \/><br \/>\nCe moratoire \u00e9tait \u00e9galement demand\u00e9 par des scientifiques, inquiets de la surp\u00eache industrielle en Antarctique, et notamment de la p\u00eache du krill. Ce petit crustac\u00e9 est la cl\u00e9 de vo\u00fbte des\u00a0(\u2026)<\/p>\n<p>                    <a target=\"_blank\" href=\"https:\/\/reporterre.net\/Le-Parlement-europeen-appelle-a-un-moratoire-sur-la-peche-au-krill?utm_source=RSS&amp;utm_medium=RSS\">Lire la suite<\/a><\/p>\n<p>                    &#8211;<br \/>\n                        <a target=\"_blank\" href=\"https:\/\/reporterre.net\/Breves-20\" rel=\"directory\">En bref<\/a><\/p>\n<p>                    \/<br \/>\n                        <a target=\"_blank\" href=\"https:\/\/reporterre.net\/Peche\" rel=\"tag\">P\u00eache<\/a><br \/>\n<br \/><br \/>\n<br \/><a href=\"https:\/\/reporterre.net\/Le-Parlement-europeen-appelle-a-un-moratoire-sur-la-peche-au-krill\" target=\"_blank\"\">Source link <\/a><\/p>\n","protected":false},"excerpt":{"rendered":"<p>Le 28\u00a0avril, le Parlement europ\u00e9en a vot\u00e9 une r\u00e9solution dans laquelle il \u00ab\u00a0invite la Commission [europ\u00e9enne] \u00e0 soutenir la mise en place d&rsquo;un moratoire de cinq ans sur la p\u00eache&hellip; <\/p>\n","protected":false},"author":1,"featured_media":0,"comment_status":"open","ping_status":"open","sticky":false,"template":"","format":"standard","meta":{"footnotes":""},"categories":[1],"tags":[],"class_list":["post-27249","post","type-post","status-publish","format-standard","hentry","category-non-classe"],"_links":{"self":[{"href":"https:\/\/monde25.info\/index.php\/wp-json\/wp\/v2\/posts\/27249","targetHints":{"allow":["GET"]}}],"collection":[{"href":"https:\/\/monde25.info\/index.php\/wp-json\/wp\/v2\/posts"}],"about":[{"href":"https:\/\/monde25.info\/index.php\/wp-json\/wp\/v2\/types\/post"}],"author":[{"embeddable":true,"href":"https:\/\/monde25.info\/index.php\/wp-json\/wp\/v2\/users\/1"}],"replies":[{"embeddable":true,"href":"https:\/\/monde25.info\/index.php\/wp-json\/wp\/v2\/comments?post=27249"}],"version-history":[{"count":0,"href":"https:\/\/monde25.info\/index.php\/wp-json\/wp\/v2\/posts\/27249\/revisions"}],"wp:attachment":[{"href":"https:\/\/monde25.info\/index.php\/wp-json\/wp\/v2\/media?parent=27249"}],"wp:term":[{"taxonomy":"category","embeddable":true,"href":"https:\/\/monde25.info\/index.php\/wp-json\/wp\/v2\/categories?post=27249"},{"taxonomy":"post_tag","embeddable":true,"href":"https:\/\/monde25.info\/index.php\/wp-json\/wp\/v2\/tags?post=27249"}],"curies":[{"name":"wp","href":"https:\/\/api.w.org\/{rel}","templated":true}]}}