{"id":27250,"date":"2026-05-01T15:45:36","date_gmt":"2026-05-01T13:45:36","guid":{"rendered":"https:\/\/monde25.info\/index.php\/2026\/05\/01\/plainte-de-liran-a-propos-des-allegations-israeliennes-sur-la-situation-au-liban-par-amir-saeid-iravani\/"},"modified":"2026-05-01T15:45:36","modified_gmt":"2026-05-01T13:45:36","slug":"plainte-de-liran-a-propos-des-allegations-israeliennes-sur-la-situation-au-liban-par-amir-saeid-iravani","status":"publish","type":"post","link":"https:\/\/monde25.info\/index.php\/2026\/05\/01\/plainte-de-liran-a-propos-des-allegations-israeliennes-sur-la-situation-au-liban-par-amir-saeid-iravani\/","title":{"rendered":"Plainte de l&rsquo;Iran \u00e0 propos des all\u00e9gations isra\u00e9liennes sur la situation au Liban, par Amir Saeid Iravani"},"content":{"rendered":"<p> <br \/>\n<\/p>\n<div id=\"article-text\">\n<div class=\"article-text-images crayon article-texte-224376 \">\n<div class=\"spip_document_253122 spip_document spip_documents spip_document_image spip_documents_center spip_document_center\">\n<figure class=\"spip_doc_inner\">\n<a target=\"_blank\" href=\"https:\/\/www.voltairenet.org\/IMG\/jpg\/iravani-55.jpg\" class=\"spip_doc_lien mediabox\" type=\"image\/jpeg\"><br \/>\n<img loading=\"lazy\" decoding=\"async\" src=\"https:\/\/www.voltairenet.org\/local\/cache-vignettes\/L800xH600\/iravani-55-c15dd.jpg?1777612206\" width=\"800\" height=\"600\" alt=\"\"\/><\/a><br \/>\n<\/figure>\n<\/div>\n<p>\tJe vous \u00e9cris au sujet de la lettre dat\u00e9e du 25 mars 2026 adress\u00e9e au Pr\u00e9sident du Conseil de s\u00e9curit\u00e9 par le repr\u00e9sentant du r\u00e9gime isra\u00e9lien aupr\u00e8s de l\u2019Organisation des Nations Unies (S\/2026\/225). En annexe \u00e0 la lettre en question figure une lettre du Ministre des affaires \u00e9trang\u00e8res du r\u00e9gime isra\u00e9lien contenant des allusions \u00e0 l\u2019Iran aussi infond\u00e9es qu\u2019injustifiables, ainsi qu\u2019une accusation d\u00e9nu\u00e9e de tout fondement ciblant la R\u00e9publique islamique d\u2019Iran. Il s\u2019agit d\u2019une nouvelle tentative d\u00e9sesp\u00e9r\u00e9e du r\u00e9gime isra\u00e9lien de d\u00e9former la r\u00e9alit\u00e9, d\u2019induire en erreur le Conseil de s\u00e9curit\u00e9 en pr\u00e9sentant l\u2019agresseur comme la victime tout en dissimulant ses propres violations graves du droit international et de la Charte des Nations Unies, et de justifier ses propres actes d\u2019agression illicites contre le Liban et d\u2019autres pays de la r\u00e9gion.<\/p>\n<p>\tLa R\u00e9publique islamique d\u2019Iran rejette cat\u00e9goriquement ces all\u00e9gations abusives et ces accusations sans fondement port\u00e9es contre elle, et les consid\u00e8re comme un simple pr\u00e9texte visant \u00e0 justifier les violations persistantes par Isra\u00ebl de la r\u00e9solution 1701 (2006) du Conseil de s\u00e9curit\u00e9 de m\u00eame que ses violations incessantes de la souverainet\u00e9 et de l\u2019int\u00e9grit\u00e9 territoriale du Liban, et les crimes de guerre atroces commis par ce r\u00e9gime contre des civils innocents et des infrastructures civiles au Liban.<\/p>\n<p>\tLe r\u00e9gime isra\u00e9lien a continuellement et d\u00e9lib\u00e9r\u00e9ment refus\u00e9 de s\u2019acquitter de ses obligations internationales et de mettre fin \u00e0 ses violations graves et persistantes, violations qui ont \u00e9t\u00e9 expos\u00e9es \u00e0 maintes reprises et de mani\u00e8re officielle par le Gouvernement libanais dans ses communications au Conseil de s\u00e9curit\u00e9 et au Secr\u00e9taire g\u00e9n\u00e9ral. \u00c0 l\u2019inverse, le r\u00e9gime isra\u00e9lien en vient \u00e0 inventer des all\u00e9gations d\u00e9nu\u00e9es de tout fondement, tentative d\u00e9sesp\u00e9r\u00e9e de justifier son occupation ill\u00e9gale du territoire libanais ainsi que ses violations syst\u00e9matiques et continues de la souverainet\u00e9 et de l\u2019int\u00e9grit\u00e9 territoriale du Liban.<\/p>\n<p>\tIl ne fait aucun doute que le r\u00e9gime isra\u00e9lien demeure la principale source d\u2019instabilit\u00e9 et d\u2019ins\u00e9curit\u00e9 dans la r\u00e9gion et constitue une menace majeure pour la paix et la s\u00e9curit\u00e9 internationales. L\u2019impunit\u00e9 dont il continue de jouir ne fait qu\u2019intensifier les tensions r\u00e9gionales, menace la paix et la stabilit\u00e9 internationales, et sape davantage la cr\u00e9dibilit\u00e9 du droit international et de la Charte des Nations Unies.<\/p>\n<p>\tLa R\u00e9publique islamique d\u2019Iran invite le Conseil de s\u00e9curit\u00e9 \u00e0 adopter une position ferme et sans \u00e9quivoque. Le Conseil de s\u00e9curit\u00e9 doit examiner r\u00e9solument le r\u00f4le et le comportement d\u00e9stabilisateurs du r\u00e9gime isra\u00e9lien, qui constituent un facteur majeur d\u2019instabilit\u00e9 r\u00e9gionale et une menace r\u00e9elle pour la paix et la s\u00e9curit\u00e9 internationales. Il doit contraindre Isra\u00ebl \u00e0 se conformer pleinement et imm\u00e9diatement aux obligations que lui impose le droit international, notamment en mettant fin \u00e0 toutes les violations. Le r\u00e9gime isra\u00e9lien doit \u00eatre tenu pour responsable et r\u00e9pondre pleinement de tous ses actes d\u2019agression, de ses violations syst\u00e9matiques de la Charte des Nations Unies et du droit international, en particulier du droit international humanitaire, ainsi que des crimes de guerre abominables qu\u2019il a commis contre les nations de la r\u00e9gion, dont l\u2019Iran. Si le Conseil de s\u00e9curit\u00e9 ne prend pas de mesures fermes, ce r\u00e9gime hors-la-loi sera encourag\u00e9 \u00e0 s\u2019ent\u00eater dans son comportement ill\u00e9gal et d\u00e9stabilisateur, \u00e0 intensifier ses violations et \u00e0 menacer davantage la paix et la s\u00e9curit\u00e9 r\u00e9gionales et internationales.<\/p>\n<p>\tJe vous serais reconnaissant de bien vouloir faire distribuer le texte de la pr\u00e9sente lettre comme document du Conseil de s\u00e9curit\u00e9.<\/p>\n<\/div>\n<aside>\n<\/aside>\n<div class=\"follow\" id=\"social\">\n<h4>Restez en contact<\/h4>\n<div class=\"follow-left\">\n<h5>Suivez-nous sur les r\u00e9seaux sociaux<\/h5>\n<p><a target=\"_blank\" href=\"https:\/\/www.facebook.com\/R%C3%A9seau-Voltaire-en-fran%C3%A7ais-106616878523973\" title=\"\" target=\"_blank\"><img decoding=\"async\" src=\"https:\/\/www.voltairenet.org\/squelettes\/images\/follow-fb.png\" alt=\"\"\/><\/a><br \/>\n<a target=\"_blank\" href=\"https:\/\/t.me\/reseauvoltaire\" title=\"\" target=\"_blank\"><img decoding=\"async\" src=\"https:\/\/www.voltairenet.org\/squelettes\/images\/follow-tg.png\" alt=\"\"\/><\/a><br \/>\n<a target=\"_blank\" href=\"https:\/\/twitter.com\/voltairenetFr\" title=\"\" target=\"_blank\"><img decoding=\"async\" src=\"https:\/\/www.voltairenet.org\/squelettes\/images\/follow-tw.png\" alt=\"\"\/><\/a>\n<\/div>\n<p><h5>Subscribe to weekly newsletter<\/h5>\n<\/p>\n<\/div>\n<p><!--\n\n<div><\/div>\n\n--><\/p>\n<\/div>\n<p><script async src=\"\/\/platform.twitter.com\/widgets.js\" charset=\"utf-8\"><\/script><br \/>\n<br \/><br \/>\n<br \/><a href=\"https:\/\/www.voltairenet.org\/article224376.html\" target=\"_blank\"\">Source link <\/a><\/p>\n","protected":false},"excerpt":{"rendered":"<p>Je vous \u00e9cris au sujet de la lettre dat\u00e9e du 25 mars 2026 adress\u00e9e au Pr\u00e9sident du Conseil de s\u00e9curit\u00e9 par le repr\u00e9sentant du r\u00e9gime isra\u00e9lien aupr\u00e8s de l\u2019Organisation des&hellip; <\/p>\n","protected":false},"author":1,"featured_media":27251,"comment_status":"open","ping_status":"open","sticky":false,"template":"","format":"standard","meta":{"footnotes":""},"categories":[1],"tags":[],"class_list":["post-27250","post","type-post","status-publish","format-standard","has-post-thumbnail","hentry","category-non-classe"],"_links":{"self":[{"href":"https:\/\/monde25.info\/index.php\/wp-json\/wp\/v2\/posts\/27250","targetHints":{"allow":["GET"]}}],"collection":[{"href":"https:\/\/monde25.info\/index.php\/wp-json\/wp\/v2\/posts"}],"about":[{"href":"https:\/\/monde25.info\/index.php\/wp-json\/wp\/v2\/types\/post"}],"author":[{"embeddable":true,"href":"https:\/\/monde25.info\/index.php\/wp-json\/wp\/v2\/users\/1"}],"replies":[{"embeddable":true,"href":"https:\/\/monde25.info\/index.php\/wp-json\/wp\/v2\/comments?post=27250"}],"version-history":[{"count":0,"href":"https:\/\/monde25.info\/index.php\/wp-json\/wp\/v2\/posts\/27250\/revisions"}],"wp:featuredmedia":[{"embeddable":true,"href":"https:\/\/monde25.info\/index.php\/wp-json\/wp\/v2\/media\/27251"}],"wp:attachment":[{"href":"https:\/\/monde25.info\/index.php\/wp-json\/wp\/v2\/media?parent=27250"}],"wp:term":[{"taxonomy":"category","embeddable":true,"href":"https:\/\/monde25.info\/index.php\/wp-json\/wp\/v2\/categories?post=27250"},{"taxonomy":"post_tag","embeddable":true,"href":"https:\/\/monde25.info\/index.php\/wp-json\/wp\/v2\/tags?post=27250"}],"curies":[{"name":"wp","href":"https:\/\/api.w.org\/{rel}","templated":true}]}}