{"id":27255,"date":"2026-05-01T17:57:35","date_gmt":"2026-05-01T15:57:35","guid":{"rendered":"https:\/\/monde25.info\/index.php\/2026\/05\/01\/en-belgique-letat-reprend-la-main-sur-le-nucleaire-national\/"},"modified":"2026-05-01T17:57:35","modified_gmt":"2026-05-01T15:57:35","slug":"en-belgique-letat-reprend-la-main-sur-le-nucleaire-national","status":"publish","type":"post","link":"https:\/\/monde25.info\/index.php\/2026\/05\/01\/en-belgique-letat-reprend-la-main-sur-le-nucleaire-national\/","title":{"rendered":"En Belgique, l&rsquo;\u00c9tat reprend la main sur le nucl\u00e9aire national"},"content":{"rendered":"<p> <br \/>\n<\/p>\n<div>\n<p><strong>Dans un revirement majeur de sa politique \u00e9nerg\u00e9tique, la Belgique n\u00e9gocie le rachat de l&rsquo;int\u00e9gralit\u00e9 de son parc nucl\u00e9aire \u00e0 Engie. Une d\u00e9cision qui suspend le d\u00e9mant\u00e8lement et red\u00e9finit l&rsquo;avenir de l&rsquo;\u00e9nergie dans le pays.<\/strong><\/p>\n<p>Le gouvernement belge dirig\u00e9 par Bart De Wever s&rsquo;appr\u00eate \u00e0 marquer un tournant historique dans le secteur \u00e9nerg\u00e9tique. Engie et l&rsquo;\u00c9tat n\u00e9gocient actuellement la reprise compl\u00e8te des activit\u00e9s nucl\u00e9aires du groupe fran\u00e7ais sur le territoire national, incluant les sept r\u00e9acteurs des centrales de Doel et Tihange. Un protocole d&rsquo;accord devrait \u00eatre sign\u00e9 d&rsquo;ici octobre 2026.<\/p>\n<p>Cette initiative repr\u00e9sente un changement radical par rapport \u00e0 la strat\u00e9gie pr\u00e9c\u00e9dente, qui pr\u00e9voyait une sortie progressive du nucl\u00e9aire. Le Premier ministre a justifi\u00e9 cette orientation par la recherche d&rsquo;une \u00ab \u00e9nergie s\u00fbre, abordable et durable \u00bb, r\u00e9duisant la d\u00e9pendance aux importations fossiles. En attendant l&rsquo;aboutissement des n\u00e9gociations, toutes les op\u00e9rations de d\u00e9mant\u00e8lement des r\u00e9acteurs r\u00e9cemment arr\u00eat\u00e9s ont \u00e9t\u00e9 suspendues imm\u00e9diatement.<\/p>\n<p>Comme le rapporte <em>BFM<\/em>, la transaction ne concerne pas uniquement les infrastructures. L&rsquo;\u00c9tat belge pourrait reprendre l&rsquo;ensemble de l&rsquo;\u00e9cosyst\u00e8me nucl\u00e9aire : les sept r\u00e9acteurs, le personnel associ\u00e9 et les filiales sp\u00e9cialis\u00e9es. Cette reprise int\u00e9grale implique la gestion des responsabilit\u00e9s financi\u00e8res et techniques \u00e0 long terme, ainsi que les d\u00e9fis li\u00e9s \u00e0 la s\u00e9curit\u00e9 des installations.<\/p>\n<p>Le d\u00e9bat reste vif parmi les experts, certains alertant sur les difficult\u00e9s d&rsquo;int\u00e9grer simultan\u00e9ment nucl\u00e9aire et photovolta\u00efque dans un r\u00e9seau stable. N\u00e9anmoins, cette op\u00e9ration pourrait inspirer d&rsquo;autres pays europ\u00e9ens confront\u00e9s aux m\u00eames tensions entre transition \u00e9cologique, souverainet\u00e9 \u00e9nerg\u00e9tique et s\u00e9curit\u00e9 d&rsquo;approvisionnement. Pour Engie, cette cession potentielle signifierait un recentrage strat\u00e9gique vers les \u00e9nergies renouvelables et les infrastructures moins controvers\u00e9es.<\/p>\n<\/div>\n<p><script>(function(d, s, id) {  var js, fjs = d.getElementsByTagName(s)[0];  if (d.getElementById(id)) return;  js = d.createElement(s); js.id = id;  js.src = \"\/\/connect.facebook.net\/fr_FR\/sdk.js#xfbml=1&version=v2.3\";  fjs.parentNode.insertBefore(js, fjs);}(document, \"script\", \"facebook-jssdk\"));<\/script><br \/>\n<br \/><br \/>\n<br \/><a href=\"https:\/\/www.francesoir.fr\/societe-environnement\/en-belgique-l-etat-reprend-la-main-sur-le-nucleaire-national\" target=\"_blank\"\">Source link <\/a><\/p>\n","protected":false},"excerpt":{"rendered":"<p>Dans un revirement majeur de sa politique \u00e9nerg\u00e9tique, la Belgique n\u00e9gocie le rachat de l&rsquo;int\u00e9gralit\u00e9 de son parc nucl\u00e9aire \u00e0 Engie. Une d\u00e9cision qui suspend le d\u00e9mant\u00e8lement et red\u00e9finit l&rsquo;avenir&hellip; <\/p>\n","protected":false},"author":1,"featured_media":27256,"comment_status":"open","ping_status":"open","sticky":false,"template":"","format":"standard","meta":{"footnotes":""},"categories":[1],"tags":[],"class_list":["post-27255","post","type-post","status-publish","format-standard","has-post-thumbnail","hentry","category-non-classe"],"_links":{"self":[{"href":"https:\/\/monde25.info\/index.php\/wp-json\/wp\/v2\/posts\/27255","targetHints":{"allow":["GET"]}}],"collection":[{"href":"https:\/\/monde25.info\/index.php\/wp-json\/wp\/v2\/posts"}],"about":[{"href":"https:\/\/monde25.info\/index.php\/wp-json\/wp\/v2\/types\/post"}],"author":[{"embeddable":true,"href":"https:\/\/monde25.info\/index.php\/wp-json\/wp\/v2\/users\/1"}],"replies":[{"embeddable":true,"href":"https:\/\/monde25.info\/index.php\/wp-json\/wp\/v2\/comments?post=27255"}],"version-history":[{"count":0,"href":"https:\/\/monde25.info\/index.php\/wp-json\/wp\/v2\/posts\/27255\/revisions"}],"wp:featuredmedia":[{"embeddable":true,"href":"https:\/\/monde25.info\/index.php\/wp-json\/wp\/v2\/media\/27256"}],"wp:attachment":[{"href":"https:\/\/monde25.info\/index.php\/wp-json\/wp\/v2\/media?parent=27255"}],"wp:term":[{"taxonomy":"category","embeddable":true,"href":"https:\/\/monde25.info\/index.php\/wp-json\/wp\/v2\/categories?post=27255"},{"taxonomy":"post_tag","embeddable":true,"href":"https:\/\/monde25.info\/index.php\/wp-json\/wp\/v2\/tags?post=27255"}],"curies":[{"name":"wp","href":"https:\/\/api.w.org\/{rel}","templated":true}]}}