{"id":27267,"date":"2026-05-02T00:33:41","date_gmt":"2026-05-01T22:33:41","guid":{"rendered":"https:\/\/monde25.info\/index.php\/2026\/05\/02\/assimi-goita-fixe-le-nouveau-cap-securitaire-du-mali-rt-en-francais\/"},"modified":"2026-05-02T00:33:41","modified_gmt":"2026-05-01T22:33:41","slug":"assimi-goita-fixe-le-nouveau-cap-securitaire-du-mali-rt-en-francais","status":"publish","type":"post","link":"https:\/\/monde25.info\/index.php\/2026\/05\/02\/assimi-goita-fixe-le-nouveau-cap-securitaire-du-mali-rt-en-francais\/","title":{"rendered":"Assimi Go\u00efta fixe le nouveau cap s\u00e9curitaire du Mali \u2014 RT en fran\u00e7ais"},"content":{"rendered":"<p> <br \/>\n<br \/><img decoding=\"async\" src=\"https:\/\/mf.b37mrtl.ru\/french\/images\/2026.05\/thumbnail\/69f4b2886f7ccc285e226d59.jpg\" \/><\/p>\n<div>\n<p class=\"text__summary\">\n                                        Lors d&rsquo;un Conseil supr\u00eame de la d\u00e9fense, le chef d&rsquo;\u00c9tat, Assimi Go\u00efta, a analys\u00e9 la s\u00e9curit\u00e9 du Mali et formul\u00e9 seize directives pour renforcer la d\u00e9fense nationale. Elles s&rsquo;appuient sur cinq axes : mieux couvrir le territoire, intensifier les offensives, am\u00e9liorer le renseignement, unifier les forces et renforcer la coop\u00e9ration avec la population.\n                                    <\/p>\n<p>Le Mali vient de franchir une nouvelle \u00e9tape dans sa politique de s\u00e9curit\u00e9. R\u00e9uni en Conseil supr\u00eame de la d\u00e9fense nationale, le pouvoir a proc\u00e9d\u00e9 \u00e0 une analyse approfondie de la situation sur l&rsquo;ensemble du territoire. \u00c0 l&rsquo;issue de cette s\u00e9ance, le chef de l&rsquo;\u00c9tat, Assimi Go\u00efta, a formul\u00e9 seize directives strat\u00e9giques, avec un seul mot d&rsquo;ordre : consolider le cadre national de d\u00e9fense et de s\u00e9curit\u00e9.<\/p>\n<p>Concr\u00e8tement, ces orientations dessinent une feuille de route en cinq points. D&rsquo;abord, il est question de renforcer la couverture s\u00e9curitaire partout dans le pays, de mani\u00e8re \u00e0 r\u00e9duire les angles morts et \u00e0 mieux prot\u00e9ger les populations. Ensuite, il s&rsquo;agit d&rsquo;intensifier les op\u00e9rations offensives cibl\u00e9es, en allant chercher les groupes arm\u00e9s l\u00e0 o\u00f9 ils se trouvent, avec plus de r\u00e9gularit\u00e9 et de pr\u00e9cision. Le troisi\u00e8me levier repose sur l&rsquo;am\u00e9lioration du renseignement op\u00e9rationnel : mieux collecter, mieux analyser, mieux transmettre l&rsquo;information pour que les forces agissent plus vite et plus efficacement.<\/p>\n<p>La coordination est \u00e9galement au c\u0153ur de la r\u00e9forme. L&rsquo;id\u00e9e est de consolider les liens entre les diff\u00e9rentes forces de s\u00e9curit\u00e9, afin d&rsquo;\u00e9viter la dispersion des efforts et de gagner en coh\u00e9rence sur le terrain. Enfin, un accent particulier est mis sur la relation avec les communaut\u00e9s locales. Renforcer cette coop\u00e9ration, c&rsquo;est \u00e0 la fois obtenir des relais pr\u00e9cieux au sein de la population et couper les appuis dont pourrait b\u00e9n\u00e9ficier l&rsquo;adversaire.<\/p>\n<p>Les attaques terroristes visant des sites strat\u00e9giques \u00e0 Bamako, Kati, Gao, Kidal et S\u00e9var\u00e9 ont eu lieu le 25 avril.\u00a0Les terroristes engag\u00e9s contre les forces maliennes ont perdu plus de 2\u00a0500 hommes et 102 v\u00e9hicules. Leur entra\u00eenement s&rsquo;est effectu\u00e9 avec l&rsquo;aide d&rsquo;instructeurs ukrainiens et europ\u00e9ens. D&rsquo;apr\u00e8s la d\u00e9fense russe, l&rsquo;Africa Corps poursuivra ses missions au Mali et se tient pr\u00eat \u00e0 repousser toute nouvelle attaque des groupes arm\u00e9s ill\u00e9gaux.<\/p>\n<\/div>\n<p><br \/>\n<br \/><a href=\"https:\/\/francais.rt.com\/afrique\/133743-assimi-goita-fixe-nouveau-cap-securitaire-du-mali\" target=\"_blank\"\">Source link <\/a><\/p>\n","protected":false},"excerpt":{"rendered":"<p>Lors d&rsquo;un Conseil supr\u00eame de la d\u00e9fense, le chef d&rsquo;\u00c9tat, Assimi Go\u00efta, a analys\u00e9 la s\u00e9curit\u00e9 du Mali et formul\u00e9 seize directives pour renforcer la d\u00e9fense nationale. Elles s&rsquo;appuient sur&hellip; <\/p>\n","protected":false},"author":1,"featured_media":27268,"comment_status":"open","ping_status":"open","sticky":false,"template":"","format":"standard","meta":{"footnotes":""},"categories":[1],"tags":[],"class_list":["post-27267","post","type-post","status-publish","format-standard","has-post-thumbnail","hentry","category-non-classe"],"_links":{"self":[{"href":"https:\/\/monde25.info\/index.php\/wp-json\/wp\/v2\/posts\/27267","targetHints":{"allow":["GET"]}}],"collection":[{"href":"https:\/\/monde25.info\/index.php\/wp-json\/wp\/v2\/posts"}],"about":[{"href":"https:\/\/monde25.info\/index.php\/wp-json\/wp\/v2\/types\/post"}],"author":[{"embeddable":true,"href":"https:\/\/monde25.info\/index.php\/wp-json\/wp\/v2\/users\/1"}],"replies":[{"embeddable":true,"href":"https:\/\/monde25.info\/index.php\/wp-json\/wp\/v2\/comments?post=27267"}],"version-history":[{"count":0,"href":"https:\/\/monde25.info\/index.php\/wp-json\/wp\/v2\/posts\/27267\/revisions"}],"wp:featuredmedia":[{"embeddable":true,"href":"https:\/\/monde25.info\/index.php\/wp-json\/wp\/v2\/media\/27268"}],"wp:attachment":[{"href":"https:\/\/monde25.info\/index.php\/wp-json\/wp\/v2\/media?parent=27267"}],"wp:term":[{"taxonomy":"category","embeddable":true,"href":"https:\/\/monde25.info\/index.php\/wp-json\/wp\/v2\/categories?post=27267"},{"taxonomy":"post_tag","embeddable":true,"href":"https:\/\/monde25.info\/index.php\/wp-json\/wp\/v2\/tags?post=27267"}],"curies":[{"name":"wp","href":"https:\/\/api.w.org\/{rel}","templated":true}]}}