{"id":27269,"date":"2026-05-02T01:07:07","date_gmt":"2026-05-01T23:07:07","guid":{"rendered":"https:\/\/monde25.info\/index.php\/2026\/05\/02\/aurelien-tache-fait-voter-la-riposte-francaise-aux-sanctions-americaines-contre-la-cpi-et-ses-juges\/"},"modified":"2026-05-02T01:07:07","modified_gmt":"2026-05-01T23:07:07","slug":"aurelien-tache-fait-voter-la-riposte-francaise-aux-sanctions-americaines-contre-la-cpi-et-ses-juges","status":"publish","type":"post","link":"https:\/\/monde25.info\/index.php\/2026\/05\/02\/aurelien-tache-fait-voter-la-riposte-francaise-aux-sanctions-americaines-contre-la-cpi-et-ses-juges\/","title":{"rendered":"Aur\u00e9lien Tach\u00e9 fait voter la riposte fran\u00e7aise aux sanctions am\u00e9ricaines contre la CPI et ses juges"},"content":{"rendered":"<p> <br \/>\n<\/p>\n<div>\n<p><span class=\"css-1jxf684 r-bcqeeo r-1ttztb7 r-qvutc0 r-poiln3 r-1adg3ll r-1g7jtus r-1x3r274\"><span class=\"css-1jxf684 r-bcqeeo r-1ttztb7 r-qvutc0 r-poiln3\"><span class=\"css-1jxf684 r-bcqeeo r-1ttztb7 r-qvutc0 r-poiln3 r-1x3r274\"><span class=\"dropcap \" style=\"background-color: #ffffff; color: #000000; border-color: #ffffff;\"><strong>A<\/strong><\/span>ur\u00e9lien Tach\u00e9 vient de remporter une premi\u00e8re victoire \u00e0 l\u2019Assembl\u00e9e nationale. <\/span><\/span><\/span><span class=\"css-1jxf684 r-bcqeeo r-1ttztb7 r-qvutc0 r-poiln3 r-1adg3ll r-1g7jtus r-1x3r274\"><span class=\"css-1jxf684 r-bcqeeo r-1ttztb7 r-qvutc0 r-poiln3\"><span class=\"css-1jxf684 r-bcqeeo r-1ttztb7 r-qvutc0 r-poiln3 r-1x3r274\">Le d\u00e9put\u00e9 LFI a fait adopter sa proposition de r\u00e9solution europ\u00e9enne en commission des affaires europ\u00e9ennes le 29 avril 2026. Ce texte cible directement les lois extraterritoriales des \u00c9tats-Unis. <\/span><\/span><\/span><span class=\"css-1jxf684 r-bcqeeo r-1ttztb7 r-qvutc0 r-poiln3 r-1adg3ll r-1g7jtus r-1x3r274\"><span class=\"css-1jxf684 r-bcqeeo r-1ttztb7 r-qvutc0 r-poiln3\"><span class=\"css-1jxf684 r-bcqeeo r-1ttztb7 r-qvutc0 r-poiln3 r-1x3r274\">Il exige que l\u2019Union europ\u00e9enne renforce son r\u00e8glement de blocage de 1996.<\/span><\/span><\/span><\/p>\n<p><span class=\"css-1jxf684 r-bcqeeo r-1ttztb7 r-qvutc0 r-poiln3 r-1adg3ll r-1g7jtus r-1x3r274\"><span class=\"css-1jxf684 r-bcqeeo r-1ttztb7 r-qvutc0 r-poiln3\"><span class=\"css-1jxf684 r-bcqeeo r-1ttztb7 r-qvutc0 r-poiln3 r-1x3r274\">L\u2019objectif est clair : interdire aux banques fran\u00e7aises d\u2019appliquer les sanctions am\u00e9ricaines contre des citoyens europ\u00e9ens. <\/span><\/span><\/span><span class=\"css-1jxf684 r-bcqeeo r-1ttztb7 r-qvutc0 r-poiln3 r-1adg3ll r-1g7jtus r-1x3r274\"><span class=\"css-1jxf684 r-bcqeeo r-1ttztb7 r-qvutc0 r-poiln3\"><span class=\"css-1jxf684 r-bcqeeo r-1ttztb7 r-qvutc0 r-poiln3 r-1x3r274\">Le d\u00e9put\u00e9 r\u00e9pond ainsi au scandale du juge <strong>Nicolas Guillou<\/strong>, dont les cartes bancaires ont \u00e9t\u00e9 bloqu\u00e9es sur ordre de Donald Trump. Tach\u00e9 transforme ce cas en combat politique concret pour la souverainet\u00e9.<\/span><\/span><\/span><\/p>\n<p><span class=\"css-1jxf684 r-bcqeeo r-1ttztb7 r-qvutc0 r-poiln3 r-1adg3ll r-1g7jtus r-1x3r274\"><span class=\"css-1jxf684 r-bcqeeo r-1ttztb7 r-qvutc0 r-poiln3\"><span class=\"css-1jxf684 r-bcqeeo r-1ttztb7 r-qvutc0 r-poiln3 r-1x3r274\">Le combat contre les lois extraterritoriales am\u00e9ricaines (les fameuses sanctions secondaires qui s\u2019appliquent m\u00eame en France) est normalement un <\/span><span class=\"css-1jxf684 r-bcqeeo r-1ttztb7 r-qvutc0 r-poiln3 r-b88u0q r-1x3r274\"><span class=\"css-1jxf684 r-bcqeeo r-1ttztb7 r-qvutc0 r-poiln3 r-1x3r274\">classique du souverainisme<\/span><\/span><span class=\"css-1jxf684 r-bcqeeo r-1ttztb7 r-qvutc0 r-poiln3 r-1x3r274\"> : Gaullistes historiques, droite nationale, RN\u2026 Ils en parlent depuis des lustres comme d\u2019une atteinte \u00e0 l\u2019ind\u00e9pendance nationale. <\/span><\/span><\/span><span class=\"css-1jxf684 r-bcqeeo r-1ttztb7 r-qvutc0 r-poiln3 r-1adg3ll r-1g7jtus r-1x3r274\"><span class=\"css-1jxf684 r-bcqeeo r-1ttztb7 r-qvutc0 r-poiln3\"><span class=\"css-1jxf684 r-bcqeeo r-1ttztb7 r-qvutc0 r-poiln3 r-1x3r274\">Et pourtant, c\u2019est <\/span><span class=\"css-1jxf684 r-bcqeeo r-1ttztb7 r-qvutc0 r-poiln3 r-b88u0q r-1x3r274\"><span class=\"css-1jxf684 r-bcqeeo r-1ttztb7 r-qvutc0 r-poiln3 r-1x3r274\">Aur\u00e9lien Tach\u00e9 (LFI)<\/span><\/span><span class=\"css-1jxf684 r-bcqeeo r-1ttztb7 r-qvutc0 r-poiln3 r-1x3r274\"> qui porte le texte et qui vient de le faire adopter en commission. Dr\u00f4le non ?<\/span><\/span><\/span><\/p>\n<p><span class=\"css-1jxf684 r-bcqeeo r-1ttztb7 r-qvutc0 r-poiln3 r-1adg3ll r-1x3r274 r-p1pxzi\"><span class=\"css-1jxf684 r-bcqeeo r-1ttztb7 r-qvutc0 r-poiln3\"><span class=\"css-1jxf684 r-bcqeeo r-1ttztb7 r-qvutc0 r-poiln3 r-1x3r274\">Cette r\u00e9solution marque un pas majeur vers l\u2019ind\u00e9pendance europ\u00e9enne face \u00e0 Washington. L\u2019Assembl\u00e9e envoie un signal fort \u00e0 Bruxelles. L\u2019Europe doit enfin se prot\u00e9ger.<\/span><\/span><\/span><\/p>\n<\/div>\n<div id=\"\">\n<p dir=\"ltr\" lang=\"fr\">Le juge fran\u00e7ais Guillou, membre de la CPI, a \u00e9t\u00e9 priv\u00e9 de ses moyens de paiement par sa propre banque fran\u00e7aise apr\u00e8s un d\u00e9cret de Donald Trump.<\/p>\n<p>Voil\u00e0 jusqu\u2019o\u00f9 vont les lois extraterritoriales am\u00e9ricaines.<\/p>\n<p>Ma r\u00e9solution pour les rendre ill\u00e9gales dans l\u2019UE a \u00e9t\u00e9 adopt\u00e9e ! <a target=\"_blank\" href=\"https:\/\/t.co\/ayiXLqRJBY\">pic.twitter.com\/ayiXLqRJBY<\/a><\/p>\n<p>\u2014 Aur\u00e9lien Tach\u00e9 (@Aurelientache) <a target=\"_blank\" href=\"https:\/\/twitter.com\/Aurelientache\/status\/2049541136713187530?ref_src=twsrc%5Etfw\">April 29, 2026<\/a><\/p>\n<\/div>\n<p><script async src=\"\/\/platform.twitter.com\/widgets.js\" charset=\"utf-8\"><\/script><br \/>\n<br \/><br \/>\n<br \/><a href=\"https:\/\/www.lelibrepenseur.org\/aurelien-tache-fait-voter-la-riposte-francaise-aux-sanctions-americaines-contre-la-cpi-et-ses-juges\/\" target=\"_blank\"\">Source link <\/a><\/p>\n","protected":false},"excerpt":{"rendered":"<p>Aur\u00e9lien Tach\u00e9 vient de remporter une premi\u00e8re victoire \u00e0 l\u2019Assembl\u00e9e nationale. Le d\u00e9put\u00e9 LFI a fait adopter sa proposition de r\u00e9solution europ\u00e9enne en commission des affaires europ\u00e9ennes le 29 avril&hellip; <\/p>\n","protected":false},"author":1,"featured_media":0,"comment_status":"open","ping_status":"open","sticky":false,"template":"","format":"standard","meta":{"footnotes":""},"categories":[1],"tags":[],"class_list":["post-27269","post","type-post","status-publish","format-standard","hentry","category-non-classe"],"_links":{"self":[{"href":"https:\/\/monde25.info\/index.php\/wp-json\/wp\/v2\/posts\/27269","targetHints":{"allow":["GET"]}}],"collection":[{"href":"https:\/\/monde25.info\/index.php\/wp-json\/wp\/v2\/posts"}],"about":[{"href":"https:\/\/monde25.info\/index.php\/wp-json\/wp\/v2\/types\/post"}],"author":[{"embeddable":true,"href":"https:\/\/monde25.info\/index.php\/wp-json\/wp\/v2\/users\/1"}],"replies":[{"embeddable":true,"href":"https:\/\/monde25.info\/index.php\/wp-json\/wp\/v2\/comments?post=27269"}],"version-history":[{"count":0,"href":"https:\/\/monde25.info\/index.php\/wp-json\/wp\/v2\/posts\/27269\/revisions"}],"wp:attachment":[{"href":"https:\/\/monde25.info\/index.php\/wp-json\/wp\/v2\/media?parent=27269"}],"wp:term":[{"taxonomy":"category","embeddable":true,"href":"https:\/\/monde25.info\/index.php\/wp-json\/wp\/v2\/categories?post=27269"},{"taxonomy":"post_tag","embeddable":true,"href":"https:\/\/monde25.info\/index.php\/wp-json\/wp\/v2\/tags?post=27269"}],"curies":[{"name":"wp","href":"https:\/\/api.w.org\/{rel}","templated":true}]}}