{"id":27272,"date":"2026-05-02T02:46:36","date_gmt":"2026-05-02T00:46:36","guid":{"rendered":"https:\/\/monde25.info\/index.php\/2026\/05\/02\/face-a-la-vague-de-suicides-a-la-sncf-ces-cheminots-veulent-briser-lomerta\/"},"modified":"2026-05-02T02:46:36","modified_gmt":"2026-05-02T00:46:36","slug":"face-a-la-vague-de-suicides-a-la-sncf-ces-cheminots-veulent-briser-lomerta","status":"publish","type":"post","link":"https:\/\/monde25.info\/index.php\/2026\/05\/02\/face-a-la-vague-de-suicides-a-la-sncf-ces-cheminots-veulent-briser-lomerta\/","title":{"rendered":"Face \u00e0 la \u00ab\u00a0vague de suicides\u00a0\u00bb \u00e0 la SNCF, ces cheminots veulent \u00ab\u00a0briser l&#039;omerta\u00a0\u00bb"},"content":{"rendered":"<p> <br \/>\n<br \/><img loading=\"lazy\" decoding=\"async\" src=\"https:\/\/reporterre.net\/local\/cache-vignettes\/L700xH467\/scnf_1-4e5ec.jpg?1777443077\" class=\"spip_logo\" width=\"700\" height=\"467\" alt=\"\" \/><\/p>\n<p>Pressions li\u00e9es \u00e0 la concurrence, salari\u00e9s \u00ab<small class=\"fine d-inline\">\u00a0<\/small>exploit\u00e9s<small class=\"fine d-inline\">\u00a0<\/small>\u00bb&#8230; Les cheminots subissent une transformation brutale de leur m\u00e9tier. Douze d&rsquo;entre eux se sont suicid\u00e9s depuis d\u00e9but 2026. Plusieurs expertises, obtenues par Reporterre, sonnent l&rsquo;alarme. <br class=\"autobr\" \/><br \/>\nParis, reportage <br class=\"autobr\" \/><br \/>\n\u00ab<small class=\"fine d-inline\">\u00a0<\/small>Les coll\u00e8gues parlent de plus en plus ouvertement de leur souffrance.<small class=\"fine d-inline\">\u00a0<\/small>\u00bb Xavier Bregail est conducteur sur le Transilien au nord de Paris. Sa col\u00e8re, il l&rsquo;exprime pour tous ceux dont les appels \u00e0 l&rsquo;aide ne trouvent aucune\u00a0(\u2026)<\/p>\n<p>                    <a target=\"_blank\" href=\"https:\/\/reporterre.net\/Face-a-la-vague-de-suicides-a-la-SNCF-ces-cheminots-veulent-briser-l-omerta?utm_source=RSS&amp;utm_medium=RSS\">Lire la suite<\/a><\/p>\n<p>                    &#8211;<br \/>\n                        <a target=\"_blank\" href=\"https:\/\/reporterre.net\/Enquete\" rel=\"directory\">Enqu\u00eate<\/a><\/p>\n<p>                    \/<br \/>\n                        <a target=\"_blank\" href=\"https:\/\/reporterre.net\/Luttes\" rel=\"tag\">Luttes<\/a><br \/>\n                    ,<br \/>\n                        <a target=\"_blank\" href=\"https:\/\/reporterre.net\/Transports\" rel=\"tag\">Transports<\/a><br \/>\n                    ,<br \/>\n                        <a target=\"_blank\" href=\"https:\/\/reporterre.net\/Social\" rel=\"tag\">Social<\/a><br \/>\n<br \/><br \/>\n<br \/><a href=\"https:\/\/reporterre.net\/Face-a-la-vague-de-suicides-a-la-SNCF-ces-cheminots-veulent-briser-l-omerta\" target=\"_blank\"\">Source link <\/a><\/p>\n","protected":false},"excerpt":{"rendered":"<p>Pressions li\u00e9es \u00e0 la concurrence, salari\u00e9s \u00ab\u00a0exploit\u00e9s\u00a0\u00bb&#8230; Les cheminots subissent une transformation brutale de leur m\u00e9tier. Douze d&rsquo;entre eux se sont suicid\u00e9s depuis d\u00e9but 2026. Plusieurs expertises, obtenues par Reporterre,&hellip; <\/p>\n","protected":false},"author":1,"featured_media":0,"comment_status":"open","ping_status":"open","sticky":false,"template":"","format":"standard","meta":{"footnotes":""},"categories":[1],"tags":[],"class_list":["post-27272","post","type-post","status-publish","format-standard","hentry","category-non-classe"],"_links":{"self":[{"href":"https:\/\/monde25.info\/index.php\/wp-json\/wp\/v2\/posts\/27272","targetHints":{"allow":["GET"]}}],"collection":[{"href":"https:\/\/monde25.info\/index.php\/wp-json\/wp\/v2\/posts"}],"about":[{"href":"https:\/\/monde25.info\/index.php\/wp-json\/wp\/v2\/types\/post"}],"author":[{"embeddable":true,"href":"https:\/\/monde25.info\/index.php\/wp-json\/wp\/v2\/users\/1"}],"replies":[{"embeddable":true,"href":"https:\/\/monde25.info\/index.php\/wp-json\/wp\/v2\/comments?post=27272"}],"version-history":[{"count":0,"href":"https:\/\/monde25.info\/index.php\/wp-json\/wp\/v2\/posts\/27272\/revisions"}],"wp:attachment":[{"href":"https:\/\/monde25.info\/index.php\/wp-json\/wp\/v2\/media?parent=27272"}],"wp:term":[{"taxonomy":"category","embeddable":true,"href":"https:\/\/monde25.info\/index.php\/wp-json\/wp\/v2\/categories?post=27272"},{"taxonomy":"post_tag","embeddable":true,"href":"https:\/\/monde25.info\/index.php\/wp-json\/wp\/v2\/tags?post=27272"}],"curies":[{"name":"wp","href":"https:\/\/api.w.org\/{rel}","templated":true}]}}