{"id":27273,"date":"2026-05-02T03:52:55","date_gmt":"2026-05-02T01:52:55","guid":{"rendered":"https:\/\/monde25.info\/index.php\/2026\/05\/02\/david-morens-ancien-conseiller-senior-danthony-fauci-au-niaid-inculpe-pour-dissimulation-de-documents-federaux-pendant-la-pandemie-de-covid-19\/"},"modified":"2026-05-02T03:52:55","modified_gmt":"2026-05-02T01:52:55","slug":"david-morens-ancien-conseiller-senior-danthony-fauci-au-niaid-inculpe-pour-dissimulation-de-documents-federaux-pendant-la-pandemie-de-covid-19","status":"publish","type":"post","link":"https:\/\/monde25.info\/index.php\/2026\/05\/02\/david-morens-ancien-conseiller-senior-danthony-fauci-au-niaid-inculpe-pour-dissimulation-de-documents-federaux-pendant-la-pandemie-de-covid-19\/","title":{"rendered":"David Morens, ancien conseiller senior d\u2019Anthony Fauci au NIAID, inculp\u00e9 pour dissimulation de documents f\u00e9d\u00e9raux pendant la pand\u00e9mie de COVID-19"},"content":{"rendered":"<p> <br \/>\n<\/p>\n<div>\n<p>Le 28 avril 2026, le <a target=\"_blank\" href=\"https:\/\/www.justice.gov\/opa\/pr\/former-senior-niaid-official-indicted-concealing-federal-records-during-covid-19-pandemic-0\">D\u00e9partement de la Justice am\u00e9ricain (DOJ)<\/a> a annonc\u00e9 l\u2019inculpation de David M. Morens, 78 ans, ancien haut fonctionnaire du National Institute of Allergy and Infectious Diseases (NIAID). Ce dernier est accus\u00e9 d\u2019avoir orchestr\u00e9 un complot pour contourner les demandes de transparence via la loi FOIA et dissimuler des documents f\u00e9d\u00e9raux li\u00e9s aux recherches sur le COVID-19.<\/p>\n<p><img decoding=\"async\" data-entity-uuid=\"23185484-32b0-4ead-af01-bf88efd7e7d4\" data-entity-type=\"file\" alt=\"Morens\" width=\"653\" height=\"365\" class=\"align-center lazyload\" loading=\"lazy\" src=\"https:\/\/www.francesoir.fr\/sites\/default\/files\/inline-images\/3_23.png\"\/><\/p>\n<p>\u00a0<\/p>\n<p>Morens, qui a <strong>servi de 2006 \u00e0 2022 comme conseiller senior<\/strong> aupr\u00e8s du directeur du NIAID (Anthony Fauci, d\u00e9sign\u00e9 dans l\u2019acte comme \u00ab Senior NIAID Official 1 \u00bb), fait face \u00e0 <strong>plusieurs chefs d\u2019accusation<\/strong> : conspiration contre les \u00c9tats-Unis, destruction, alt\u00e9ration ou falsification de documents dans le cadre d\u2019enqu\u00eates f\u00e9d\u00e9rales, dissimulation, suppression ou mutilation de documents, ainsi que complicit\u00e9.<\/p>\n<p>Mais, l\u2019affaire d\u00e9passe largement le cas individuel : de nombreuses voix, dont celle du s\u00e9nateur Ron Johnson, exigent d\u00e9sormais des comptes pour Anthony Fauci lui-m\u00eame, qui a b\u00e9n\u00e9fici\u00e9 d\u2019une gr\u00e2ce pr\u00e9sidentielle sign\u00e9e via autopen par l\u2019administration Biden.<\/p>\n<p>\u00a0<\/p>\n<h5><strong>Les faits reproch\u00e9s : un sch\u00e9ma pour contourner la transparence et prot\u00e9ger un narratif<\/strong><\/h5>\n<p>Selon l\u2019acte d\u2019accusation, Morens <a target=\"_blank\" href=\"https:\/\/www.cbsnews.com\/news\/niaid-david-morens-indicted-covid-19-pandemic-anthony-fauci\/\"><strong>a conspir\u00e9 avec deux coconspirateurs non inculp\u00e9s<\/strong><\/a> (identifi\u00e9s par les m\u00e9dias comme Peter Daszak, pr\u00e9sident d\u2019EcoHealth Alliance, et Gerald Keusch, chercheur retrait\u00e9 de l\u2019universit\u00e9 de Boston) apr\u00e8s la r\u00e9siliation par le NIH de la subvention Understanding the Risk of Bat Coronavirus Emergence. Cette subvention, accord\u00e9e \u00e0 EcoHealth Alliance, incluait un sous-financement au Wuhan Institute of Virology (WIV) en Chine. Elle avait \u00e9t\u00e9 annul\u00e9e en raison d\u2019all\u00e9gations selon lesquelles le SARS-CoV-2 aurait pu fuiter d\u2019un laboratoire \u00e0 Wuhan.<\/p>\n<p><img decoding=\"async\" data-entity-uuid=\"50786442-db39-44c0-b643-e99b2c572dc5\" data-entity-type=\"file\" alt=\"Morens\" width=\"656\" height=\"366\" class=\"align-center lazyload\" loading=\"lazy\" src=\"https:\/\/www.francesoir.fr\/sites\/default\/files\/inline-images\/4_25.png\"\/><\/p>\n<p>Anticipant des demandes FOIA (\u00e9quivalent des demandes CADA\u00a0en France\u00a0: commission d\u2019acc\u00e8s aux documents administratifs), les protagonistes <strong>ont convenu par \u00e9crit d\u2019utiliser l\u2019adresse Gmail personnelle<\/strong> de Morens pour <strong>\u00e9changer des informations non publiques<\/strong> sur le NIH, influencer le financement d\u2019EcoHealth, transmettre des informations en \u00ab <em>canal parall\u00e8le <\/em>\u00bb (back channel en anglais) au plus haut niveau du NIAID, et contrer la th\u00e9orie de la fuite de laboratoire. Ces \u00e9changes constituaient des documents f\u00e9d\u00e9raux qui devaient \u00eatre conserv\u00e9s sur des syst\u00e8mes gouvernementaux. Morens aurait m\u00eame demand\u00e9 des conseils \u00e0 une responsable FOIA du NIH sur la fa\u00e7on de faire \u00ab dispara\u00eetre \u00bb des e-mails.<\/p>\n<p><img decoding=\"async\" data-entity-uuid=\"71a01156-0d18-4ea7-a7f3-189d60933113\" data-entity-type=\"file\" alt=\"Morens\" width=\"649\" height=\"362\" class=\"align-center lazyload\" loading=\"lazy\" src=\"https:\/\/www.francesoir.fr\/sites\/default\/files\/inline-images\/5_25.png\"\/><\/p>\n<p>De plus, Morens aurait re\u00e7u des \u00ab <em>gratifications ill\u00e9gales<\/em> \u00bb : des bouteilles de vin offertes par Daszak en remerciement pour ses \u00ab man\u0153uvres en coulisses \u00bb, et des promesses de repas dans des restaurants \u00e9toil\u00e9s Michelin \u00e0 Paris, New York et Washington. En retour, il <strong>aurait r\u00e9dig\u00e9 et publi\u00e9 un commentaire scientifique dans une revue m\u00e9dicale de premier plan d\u00e9fendant l\u2019origine naturelle du virus<\/strong>.<\/p>\n<p><img decoding=\"async\" data-entity-uuid=\"117d3070-ea13-41f5-879c-51b1afe7ca6c\" data-entity-type=\"file\" alt=\"Morens\" width=\"650\" height=\"363\" class=\"align-center lazyload\" loading=\"lazy\" src=\"https:\/\/www.francesoir.fr\/sites\/default\/files\/inline-images\/6_23.png\"\/><\/p>\n<p>Si Morens est reconnu coupable, il encourt jusqu\u2019\u00e0 5 ans de prison pour la conspiration, 20 ans par chef d\u2019accusation pour falsification de documents, et 3 ans par chef pour dissimulation. Une peine effective sera d\u00e9termin\u00e9e par un juge f\u00e9d\u00e9ral. L\u2019inculpation ne constitue pas une condamnation ; Morens est pr\u00e9sum\u00e9 innocent jusqu\u2019\u00e0 preuve du contraire.<\/p>\n<p><img decoding=\"async\" data-entity-uuid=\"17f90bcd-2ab7-4904-a367-cfa5ed0a87a6\" data-entity-type=\"file\" alt=\"Morens\" width=\"651\" height=\"363\" class=\"align-center lazyload\" loading=\"lazy\" src=\"https:\/\/www.francesoir.fr\/sites\/default\/files\/inline-images\/7_19.png\"\/><\/p>\n<h5\/>\n<p><strong>R\u00e9actions aux \u00c9tats-Unis : une affaire hautement politique et polaris\u00e9e<\/strong><\/p>\n<p>L\u2019inculpation intervient sous la deuxi\u00e8me administration Trump, avec des d\u00e9clarations fortes de hauts responsables :<\/p>\n<ul>\n<li data-list-item-id=\"ee3af1bce17166efb1e81d8ae5aa3b3a3\"><strong>Todd Blanche<\/strong>, procureur g\u00e9n\u00e9ral par int\u00e9rim : \u00ab <em>Ces all\u00e9gations repr\u00e9sentent un abus de confiance profond \u00e0 un moment o\u00f9 les Am\u00e9ricains en avaient le plus besoin &#8211; pendant le pic d\u2019une pand\u00e9mie mondiale. [&#8230;] Dr. Morens et ses coconspirateurs ont d\u00e9lib\u00e9r\u00e9ment cach\u00e9 des informations et falsifi\u00e9 des documents dans un effort pour supprimer les th\u00e9ories alternatives sur les origines du COVID-19<\/em>. \u00bb<\/li>\n<li data-list-item-id=\"e81c21c5b67065990abbad890f1d6c323\"><strong>Kash Patel<\/strong>, directeur du FBI : \u00ab <em>Contourner les protocoles d\u2019archivage pour \u00e9viter la transparence ne sera pas tol\u00e9r\u00e9. Morens aurait non seulement obscurci ses communications, mais re\u00e7u des pots-de-vin.<\/em> \u00bb<\/li>\n<li data-list-item-id=\"e403501b87d2062cdeea69a98d1d8bd0b\"><strong>James Comer<\/strong> (r\u00e9publicain, pr\u00e9sident de la commission de surveillance de la Chambre) : <a target=\"_blank\" href=\"https:\/\/oversight.house.gov\/release\/chairman-comer-commends-doj-for-holding-dr-morens-accountable-for-concealing-information-about-covid-19-origins\/\">\u00ab <em>Nous avons pris Morens la main dans le sac. [&#8230;] Je f\u00e9licite le D\u00e9partement de la Justice de Trump pour avoir tenu ce fonctionnaire public responsable<\/em>.<\/a> \u00bb<\/li>\n<li data-list-item-id=\"ee74b6b34dfad62457c8655d00fbcbb83\">D\u2019autres \u00e9lus r\u00e9publicains comme Rand Paul ou <a target=\"_blank\" href=\"https:\/\/morgangriffith.house.gov\/news\/documentsingle.aspx?DocumentID=405675\">Morgan Griffith<\/a> saluent une \u00ab victoire de la transparence \u00bb et rappellent leurs enqu\u00eates parlementaires de 2024. Griffith \u00e9voque son projet de <a target=\"_blank\" href=\"https:\/\/morgangriffith.house.gov\/news\/documentsingle.aspx?DocumentID=404312\">loi Risky Research Review Act<\/a> (<em>loi sur l&rsquo;examen des recherches \u00e0 risque<\/em>) pour renforcer la surveillance des recherches financ\u00e9es par le f\u00e9d\u00e9ral.<\/li>\n<\/ul>\n<p><img decoding=\"async\" data-entity-uuid=\"59c6c94a-0cbe-47b4-92ee-65af9a2329da\" data-entity-type=\"file\" alt=\"Morens\" width=\"650\" height=\"363\" class=\"align-center lazyload\" loading=\"lazy\" src=\"https:\/\/www.francesoir.fr\/sites\/default\/files\/inline-images\/8_17.png\"\/><\/p>\n<p>Mais, l\u2019affaire prend une dimension plus large avec de nombreux appels visant directement Anthony Fauci. Le s\u00e9nateur Ron Johnson,<a target=\"_blank\" href=\"https:\/\/edition.francesoir.fr\/politique-monde-societe-justice-sante\/audition-senatoriale-explosive-demasques-comment-les\"> lors d\u2019une audition et d\u2019une d\u00e9claration publique hier (29 avril)<\/a>, a d\u00e9clar\u00e9 : \u00ab <em>Le Dr Fauci et ses complices ont BEAUCOUP d&rsquo;explications \u00e0 donner. Maintenant que j&rsquo;ai des documents du HHS, mon enqu\u00eate ne fait que commencer.<\/em> \u00bb Il a rappel\u00e9 avoir d\u00e9couvert il y a plus de deux ans les e-mails de Morens o\u00f9 ce dernier <strong>se vantait de d\u00e9truire des archives<\/strong> et <strong>d\u2019utiliser des canaux priv\u00e9s<\/strong>. Johnson, qui m\u00e8ne depuis longtemps des enqu\u00eates sur les origines du virus, voit dans cette inculpation le d\u00e9but d\u2019une v\u00e9ritable reddition de comptes.<\/p>\n<p>Des tweets et d\u00e9clarations se multiplient pour souligner que le DOJ disposerait jusqu\u2019au 11 mai \u2013 date butoir li\u00e9e au d\u00e9lai de prescription de cinq ans pour certains chefs d\u2019accusation (notamment mensonges au Congr\u00e8s sur les recherches gain-of-function) \u2013 pour agir contre Fauci. Ce dernier a b\u00e9n\u00e9fici\u00e9 fin 2024 d\u2019une gr\u00e2ce pr\u00e9sidentielle pr\u00e9ventive de Joe Biden couvrant ses actes entre 2014 et la fin de son mandat. Or, cette gr\u00e2ce aurait \u00e9t\u00e9 sign\u00e9e via autopen (signature automatique) par des collaborateurs de la Maison Blanche, sans preuve claire d\u2019une autorisation directe et personnelle de Biden. Rand Paul a renouvel\u00e9 sa saisine du DOJ, estimant que ce proc\u00e9d\u00e9 rend la gr\u00e2ce potentiellement contestable et que les mensonges de Fauci devant le Congr\u00e8s restent poursuivables. Des \u00e9lus r\u00e9publicains et des voix conservatrices exigent une action rapide avant que le d\u00e9lai n\u2019expire. Fauci lui-m\u00eame n\u2019est pas inculp\u00e9 dans le dossier Morens, mais l\u2019affaire relance les sp\u00e9culations sur son r\u00f4le exact dans le financement des recherches \u00e0 Wuhan.<\/p>\n<p><img decoding=\"async\" data-entity-uuid=\"b7e4b682-1120-40a0-b4af-ed1f7ac928ff\" data-entity-type=\"file\" alt=\"Morens\" width=\"654\" height=\"365\" class=\"align-center lazyload\" loading=\"lazy\" src=\"https:\/\/www.francesoir.fr\/sites\/default\/files\/inline-images\/9_18.png\"\/><\/p>\n<p>Parall\u00e8lement, d\u2019autres d\u00e9veloppements renforcent la pression : le NIH a retir\u00e9 tous ses financements au virologue Ralph Baric (Universit\u00e9 de Caroline du Nord), souvent d\u00e9crit comme \u00ab <em>l\u2019architecte<\/em> \u00bb des recherches sur les coronavirus, et l\u2019universit\u00e9 l\u2019a mis en cong\u00e9. Des sources au sein du HHS estiment que Baric a \u00ab <em>con\u00e7u le pistolet<\/em> \u00bb tandis que la Chine l\u2019aurait \u00ab fabriqu\u00e9 et actionn\u00e9 \u00bb.<\/p>\n<p><img decoding=\"async\" data-entity-uuid=\"5d8b1e12-3e6d-4c8e-be81-b0fa1b948270\" data-entity-type=\"file\" alt=\"Morens\" width=\"655\" height=\"366\" class=\"align-center lazyload\" loading=\"lazy\" src=\"https:\/\/www.francesoir.fr\/sites\/default\/files\/inline-images\/10_13.png\"\/><\/p>\n<p>Les m\u00e9dias conservateurs (Fox News, National Review) y voient une avanc\u00e9e majeure vers la v\u00e9rit\u00e9 sur les origines du virus et la responsabilit\u00e9 de l\u2019\u00ab <em>establishment scientifique<\/em> \u00bb. \u00c0 l\u2019inverse, certains observateurs et m\u00e9dias comme le New York Times ou le Washington Post soulignent le caract\u00e8re politique de l\u2019affaire et notent que Fauci lui-m\u00eame n\u2019est pas inculp\u00e9. L\u2019avocat de Morens a d\u00e9clin\u00e9 tout commentaire.<\/p>\n<p><strong>\u00a0<\/strong><\/p>\n<h5><strong>Cons\u00e9quences aux \u00c9tats-Unis\u00a0: vers une plus grande transparence ou une justice politique ?<\/strong><\/h5>\n<p>Cette inculpation risque d\u2019\u00e9roder encore un peu plus la confiance du public dans les institutions sanitaires (NIH, NIAID). Elle relance les d\u00e9bats sur les origines du SARS-CoV-2 (fuite de laboratoire versus origine naturelle) et sur le financement am\u00e9ricain de recherches \u00e0 haut risque en Chine. Des projets de loi visant \u00e0 renforcer la surveillance des subventions f\u00e9d\u00e9rales pourraient \u00eatre acc\u00e9l\u00e9r\u00e9s. Pour les partisans d\u2019une enqu\u00eate approfondie, il s\u2019agit d\u2019une victoire majeure ; pour d\u2019autres, d\u2019un risque de \u00ab revanche politique \u00bb sous l\u2019administration Trump.<\/p>\n<ul>\n<li data-list-item-id=\"ef26888db7f0c125f6d5ad383a511c959\"><strong>Confiance publique<\/strong> : l\u2019affaire renforce le scepticisme envers le NIH, le NIAID et les institutions de sant\u00e9 publique. Elle alimente le r\u00e9cit selon lequel des hauts fonctionnaires auraient tent\u00e9 de contr\u00f4ler le narratif des origines du virus (fuite de laboratoire vs origine naturelle) pour prot\u00e9ger des financements ou des th\u00e9ories privil\u00e9gi\u00e9es.<\/li>\n<li data-list-item-id=\"e306b3773917bb18a76eb28e74a7dcea1\"><strong>Enqu\u00eates en cours<\/strong> : elle pourrait relancer des investigations sur EcoHealth Alliance, le financement am\u00e9ricain de recherches \u00e0 haut risque en Chine, et le r\u00f4le exact de Fauci. Des projets de loi visent d\u00e9j\u00e0 \u00e0 r\u00e9former la supervision des recherches virologiques.<\/li>\n<li data-list-item-id=\"e72a60578c9b5f73095a91c80dd3f92d6\"><strong>Impact politique et juridique<\/strong> : une condamnation enverrait un message fort sur la responsabilit\u00e9 des fonctionnaires f\u00e9d\u00e9raux. Cela complique la d\u00e9fense de la \u00ab science officielle \u00bb dans les d\u00e9bats sur la pand\u00e9mie.<\/li>\n<li data-list-item-id=\"e75563c901ab230f21739435574b55443\"><strong>Recherche scientifique<\/strong> : les scientifiques craignent un effet dissuasif sur les collaborations internationales, tandis que les partisans d\u2019une <a target=\"_blank\" href=\"https:\/\/usrtk.org\/covid-19-origins\/david-morens-indictment-shines-new-light-on-efforts-to-conceal-covid-era-communications\/\">enqu\u00eate approfondie y voient une avanc\u00e9e vers plus de transparence<\/a>.<\/li>\n<\/ul>\n<p><img decoding=\"async\" data-entity-uuid=\"6bf50a3b-917b-4d38-bb13-6208226571d0\" data-entity-type=\"file\" alt=\"Morens\" width=\"648\" height=\"362\" class=\"align-center lazyload\" loading=\"lazy\" src=\"https:\/\/www.francesoir.fr\/sites\/default\/files\/inline-images\/13_13.png\"\/><\/p>\n<h5><strong>En Europe et en France : un contraste saisissant avec la \u00ab justice politique \u00bb<\/strong><\/h5>\n<p>Alors que les \u00c9tats-Unis semblent vouloir faire la lumi\u00e8re sur la gestion de la pand\u00e9mie, la France offre un tableau tr\u00e8s diff\u00e9rent. La Cour de justice de la R\u00e9publique (CJR), seule habilit\u00e9e \u00e0 juger les ministres pour des actes commis dans l\u2019exercice de leurs fonctions, a rejet\u00e9 ou class\u00e9 sans suite la quasi-totalit\u00e9 des milliers de plaintes d\u00e9pos\u00e9es contre les membres du gouvernement de l\u2019\u00e9poque (\u00c9douard Philippe, Agn\u00e8s Buzyn, Olivier V\u00e9ran et autres). Un non-lieu g\u00e9n\u00e9ral a \u00e9t\u00e9 prononc\u00e9 en juillet 2025, confirmant une tendance observ\u00e9e depuis 2022 o\u00f9 pr\u00e8s de 20 000 plaintes avaient d\u00e9j\u00e0 \u00e9t\u00e9 \u00e9cart\u00e9es. Le Conseil d\u2019\u00c9tat a \u00e9galement rejet\u00e9 les recours indemnitaires contre l\u2019\u00c9tat pour sa gestion de la crise.<\/p>\n<p><img decoding=\"async\" data-entity-uuid=\"295617c3-0656-4a4d-bd14-c20d7c697ce6\" data-entity-type=\"file\" alt=\"Morens\" width=\"653\" height=\"365\" class=\"align-center lazyload\" loading=\"lazy\" src=\"https:\/\/www.francesoir.fr\/sites\/default\/files\/inline-images\/12_16.png\"\/><\/p>\n<p>Ce contraste interpelle : d\u2019un c\u00f4t\u00e9, <strong>une administration am\u00e9ricaine qui inculpe un haut fonctionnaire<\/strong> et <strong>vise potentiellement son ancien patron<\/strong> ; de l\u2019autre, une justice fran\u00e7aise qui semble <strong>prot\u00e9ger syst\u00e9matiquement<\/strong> les responsables politiques. Pour les critiques, il s\u2019agit d\u2019une \u00ab<em> justice politique<\/em> \u00bb qui <strong>enterre les questions de responsabilit\u00e9<\/strong> dans la gestion des confinements, des vaccins et des pertes humaines et \u00e9conomiques. En Europe, l\u2019affaire Morens est encore peu couverte, souvent r\u00e9duite \u00e0 une querelle interne am\u00e9ricaine, mais elle pourrait nourrir les d\u00e9bats sur la <strong>transparence des d\u00e9cisions<\/strong> prises pendant la pand\u00e9mie, notamment au Parlement europ\u00e9en ou dans les enqu\u00eates nationales. Le Guardian (Royaume-Uni) l\u2019a rapport\u00e9e en insistant sur le contexte politique am\u00e9ricain et les tensions entre th\u00e9ories concurrentes. En France, quelques sites comme <a target=\"_blank\" href=\"https:\/\/lemediaen442.fr\/covid-19-un-ancien-conseiller-danthony-fauci-inculpe-par-le-departement-de-la-justice-americain-pour-dissimulation-de-documents-federaux\/\">Le Media en 4-4-2<\/a> ont relay\u00e9 l\u2019information avec les citations des responsables US.<\/p>\n<p>Aucune r\u00e9action officielle (1) majeure n\u2019a \u00e9t\u00e9 \u00e9mise \u00e0 ce jour par la Commission europ\u00e9enne, l\u2019EMA, l\u2019ECDC ou les gouvernements des \u00c9tats membres (France, Allemagne, etc.). Cela s\u2019explique par le caract\u00e8re judiciaire purement am\u00e9ricain et l\u2019absence de lien <strong>pr\u00e9sum\u00e9 direct<\/strong> avec des entit\u00e9s europ\u00e9ennes. Pourtant, les soci\u00e9t\u00e9s comme Pfizer et Moderna des entit\u00e9s am\u00e9ricaines avec une pr\u00e9sence globale, ont bien b\u00e9n\u00e9fici\u00e9 des contrats mirobolants, et le contenu des SMS \u00e9chang\u00e9s entre Albert Bourla et Ursula von der Leyen manque toujours \u00e0 l\u2019appel.<\/p>\n<p>\u00a0<\/p>\n<p><strong>L\u2019inculpation de David Morens marque un nouveau chapitre dans le dossier controvers\u00e9 des origines du COVID-19 et de la transparence des institutions am\u00e9ricaines.<\/strong><\/p>\n<p>Au-del\u00e0 du cas individuel, elle pose la question fondamentale de la responsabilit\u00e9 des \u00e9lites scientifiques et politiques pendant une crise qui a boulevers\u00e9 le monde. Aux \u00c9tats-Unis, elle renforce la volont\u00e9 de l\u2019administration actuelle d\u2019obtenir des comptes ; en Europe, elle rappelle que les cons\u00e9quences d\u2019une pand\u00e9mie ne s\u2019arr\u00eatent pas aux fronti\u00e8res et pourrait nourrir un d\u00e9bat plus large sur la confiance dans la science et les gouvernements.<\/p>\n<p>L\u2019affaire reste en cours. Morens est pr\u00e9sum\u00e9 innocent jusqu\u2019\u00e0 preuve du contraire, mais elle pourrait encore r\u00e9server des r\u00e9v\u00e9lations sur ce qui s\u2019est r\u00e9ellement pass\u00e9 en 2019-2020. Surtout, elle illustre un principe simple : m\u00eame en temps de crise sanitaire mondiale, les lois sur les archives f\u00e9d\u00e9rales et la transparence publique s\u2019appliquent \u00e0 tous.<\/p>\n<p>L\u2019avenir dira si elle ouvre la voie \u00e0 une plus grande clart\u00e9 sur cette p\u00e9riode tumultueuse.<\/p>\n<p><img decoding=\"async\" data-entity-uuid=\"e249b036-b760-4654-baed-d9b2369a10a3\" data-entity-type=\"file\" alt=\"Morens\" width=\"648\" height=\"362\" class=\"align-center lazyload\" loading=\"lazy\" src=\"https:\/\/www.francesoir.fr\/sites\/default\/files\/inline-images\/14_10.png\"\/><\/p>\n<p>Retrouvez la vid\u00e9o r\u00e9sumant cet article :<\/p>\n<p><iframe loading=\"lazy\" title=\"L&#039;affaire David Morens et l&#039;onde choc judiciaire\" width=\"1110\" height=\"624\" src=\"https:\/\/www.youtube.com\/embed\/eJX2UMqiqaY?feature=oembed\" frameborder=\"0\" allow=\"accelerometer; autoplay; clipboard-write; encrypted-media; gyroscope; picture-in-picture; web-share\" referrerpolicy=\"strict-origin-when-cross-origin\" allowfullscreen><\/iframe><\/p>\n<p>(1) <strong>les cons\u00e9quences potentielles pour l\u2019Europe :<\/strong><\/p>\n<ul>\n<li data-list-item-id=\"ee8393dba10c9cbf039b1e1a8854a3573\"><strong>D\u00e9bat sur les origines et la gestion de la pand\u00e9mie<\/strong> : l\u2019Europe, qui a connu des confinements stricts, des campagnes de vaccination massives et des pertes \u00e9conomiques majeures, pourrait voir <strong>raviver les questions sur la cr\u00e9dibilit\u00e9 des narratifs scientifiques officiels<\/strong>. Dans certains pays, des voix critiques (parlementaires ou scientifiques dissidents) pourraient s\u2019en servir pour r\u00e9clamer une r\u00e9\u00e9valuation des r\u00e9ponses nationales ou du r\u00f4le de l\u2019OMS.<\/li>\n<li data-list-item-id=\"edf957d595bd16c27f92f411a3c690f4c\"><strong>Confiance dans les institutions<\/strong> : cela risque d\u2019\u00e9roder davantage la confiance du public europ\u00e9en envers les experts et les agences de sant\u00e9. Les enqu\u00eates parlementaires europ\u00e9ennes sur la gestion de la pand\u00e9mie (d\u00e9j\u00e0 men\u00e9es au Parlement europ\u00e9en) pourraient s\u2019en inspirer pour exiger plus de transparence sur les financements internationaux de recherches virologiques.<\/li>\n<li data-list-item-id=\"e4076345dfbc9c2d11975dec3426481b1\"><strong>Coop\u00e9rations scientifiques<\/strong> : les collaborations transatlantiques et avec la Chine en virologie pourraient \u00eatre scrut\u00e9es de plus pr\u00e8s, avec un possible durcissement des r\u00e8gles \u00e9thiques et de financement au niveau de l\u2019UE (programme Horizon Europe, etc.).<\/li>\n<li data-list-item-id=\"e13b270063ade6b7e8130aa732d47151a\"><strong>Impact politique<\/strong> : dans un contexte de mont\u00e9e des mouvements sceptiques ou populistes, cette inculpation pourrait alimenter les discours anti-establishment, sans toutefois d\u00e9clencher pour l\u2019instant de crise diplomatique ou r\u00e9glementaire directe.<\/li>\n<\/ul>\n<\/div>\n<p><script>(function(d, s, id) {  var js, fjs = d.getElementsByTagName(s)[0];  if (d.getElementById(id)) return;  js = d.createElement(s); js.id = id;  js.src = \"\/\/connect.facebook.net\/fr_FR\/sdk.js#xfbml=1&version=v2.3\";  fjs.parentNode.insertBefore(js, fjs);}(document, \"script\", \"facebook-jssdk\"));<\/script><br \/>\n<br \/><br \/>\n<br \/><a href=\"https:\/\/www.francesoir.fr\/politique-monde-societe-justice\/david-morens-ancien-conseiller-senior-d-anthony-fauci-au-niaid\" target=\"_blank\"\">Source link <\/a><\/p>\n","protected":false},"excerpt":{"rendered":"<p>Le 28 avril 2026, le D\u00e9partement de la Justice am\u00e9ricain (DOJ) a annonc\u00e9 l\u2019inculpation de David M. Morens, 78 ans, ancien haut fonctionnaire du National Institute of Allergy and Infectious&hellip; <\/p>\n","protected":false},"author":1,"featured_media":27274,"comment_status":"open","ping_status":"open","sticky":false,"template":"","format":"standard","meta":{"footnotes":""},"categories":[1],"tags":[],"class_list":["post-27273","post","type-post","status-publish","format-standard","has-post-thumbnail","hentry","category-non-classe"],"_links":{"self":[{"href":"https:\/\/monde25.info\/index.php\/wp-json\/wp\/v2\/posts\/27273","targetHints":{"allow":["GET"]}}],"collection":[{"href":"https:\/\/monde25.info\/index.php\/wp-json\/wp\/v2\/posts"}],"about":[{"href":"https:\/\/monde25.info\/index.php\/wp-json\/wp\/v2\/types\/post"}],"author":[{"embeddable":true,"href":"https:\/\/monde25.info\/index.php\/wp-json\/wp\/v2\/users\/1"}],"replies":[{"embeddable":true,"href":"https:\/\/monde25.info\/index.php\/wp-json\/wp\/v2\/comments?post=27273"}],"version-history":[{"count":0,"href":"https:\/\/monde25.info\/index.php\/wp-json\/wp\/v2\/posts\/27273\/revisions"}],"wp:featuredmedia":[{"embeddable":true,"href":"https:\/\/monde25.info\/index.php\/wp-json\/wp\/v2\/media\/27274"}],"wp:attachment":[{"href":"https:\/\/monde25.info\/index.php\/wp-json\/wp\/v2\/media?parent=27273"}],"wp:term":[{"taxonomy":"category","embeddable":true,"href":"https:\/\/monde25.info\/index.php\/wp-json\/wp\/v2\/categories?post=27273"},{"taxonomy":"post_tag","embeddable":true,"href":"https:\/\/monde25.info\/index.php\/wp-json\/wp\/v2\/tags?post=27273"}],"curies":[{"name":"wp","href":"https:\/\/api.w.org\/{rel}","templated":true}]}}