{"id":27275,"date":"2026-05-02T04:25:42","date_gmt":"2026-05-02T02:25:42","guid":{"rendered":"https:\/\/monde25.info\/index.php\/2026\/05\/02\/sebastien-lecornu-admet-lechec-de-letat-et-sort-enfin-le-carnet-de-cheques-rt-en-francais\/"},"modified":"2026-05-02T04:25:42","modified_gmt":"2026-05-02T02:25:42","slug":"sebastien-lecornu-admet-lechec-de-letat-et-sort-enfin-le-carnet-de-cheques-rt-en-francais","status":"publish","type":"post","link":"https:\/\/monde25.info\/index.php\/2026\/05\/02\/sebastien-lecornu-admet-lechec-de-letat-et-sort-enfin-le-carnet-de-cheques-rt-en-francais\/","title":{"rendered":"S\u00e9bastien Lecornu admet l\u2019\u00e9chec de l\u2019\u00c9tat et sort enfin le carnet de ch\u00e8ques \u2014 RT en fran\u00e7ais"},"content":{"rendered":"<p> <br \/>\n<br \/><img decoding=\"async\" src=\"https:\/\/mf.b37mrtl.ru\/french\/images\/2026.05\/thumbnail\/69f4af376f7ccc28a01cf221.png\" \/><\/p>\n<div>\n<p class=\"text__summary\">\n                                        Apr\u00e8s l\u2019attaque massive contre l\u2019ANTS, S\u00e9bastien Lecornu annonce 200 millions d\u2019euros suppl\u00e9mentaires pour renforcer la cybers\u00e9curit\u00e9 de l\u2019\u00c9tat. Face \u00e0 une moyenne de trois vols de donn\u00e9es par jour depuis janvier, le gouvernement promet une nouvelle doctrine num\u00e9rique.\n                                    <\/p>\n<p><a target=\"_blank\" href=\"https:\/\/francais.rt.com\/france\/133455-cybermenace-etat-francais-sous-tension\">L\u2019attaque contre l\u2019Agence nationale des titres s\u00e9curis\u00e9s a agi comme un r\u00e9v\u00e9lateur<\/a>. En visant un service central de l\u2019\u00c9tat, charg\u00e9 notamment des demandes de pi\u00e8ces d\u2019identit\u00e9, elle a rappel\u00e9 la vuln\u00e9rabilit\u00e9 des administrations fran\u00e7aises face \u00e0 des cyberattaques devenues massives et r\u00e9p\u00e9t\u00e9es.<\/p>\n<p>\u00a0<\/p>\n<h2>\u00ab\u00a0Un casse du si\u00e8cle\u00a0\u00bb devenu presque banal<\/h2>\n<p><strong>\u00a0<\/strong><\/p>\n<p>En d\u00e9placement \u00e0 l\u2019ANTS, touch\u00e9e le 15 avril par une attaque ayant concern\u00e9 les donn\u00e9es de pr\u00e8s de 12 millions de particuliers et professionnels, S\u00e9bastien Lecornu a annonc\u00e9 le d\u00e9blocage de 200 millions d\u2019euros \u00ab\u00a0d\u00e8s la semaine prochaine\u00a0\u00bb. Ces cr\u00e9dits doivent s\u2019inscrire dans le cadre de France 2030, sans que leur affectation d\u00e9taill\u00e9e soit encore pr\u00e9cis\u00e9e.<\/p>\n<p>Le Premier ministre a surtout cherch\u00e9 \u00e0 dramatiser l\u2019enjeu : depuis le d\u00e9but de l\u2019ann\u00e9e 2026, la France subirait environ trois vols de donn\u00e9es par jour. \u00ab\u00a0On est donc au fond sur un casse du si\u00e8cle, mais qui a pratiquement lieu tous les mois\u00a0\u00bb, a-t-il r\u00e9sum\u00e9. Il a appel\u00e9 sur X le 1er mai \u00e0 \u00ab\u00a0renforcer la protection de nos syst\u00e8mes face \u00e0 la multiplication des cyberattaques\u00a0\u00bb, \u00e9voquant \u00ab\u00a0une question de s\u00e9curit\u00e9 et de souverainet\u00e9\u00a0\u00bb.<\/p>\n<div class=\"rtcode\">\n<blockquote class=\"twitter-tweet\">\n<p lang=\"fr\" dir=\"ltr\">Il faut renforcer la protection de nos syst\u00e8mes face \u00e0 la multiplication des cyberattaques.<\/p>\n<p>Chaque service de l\u2019\u00c9tat se voit confier des responsabilit\u00e9s claires en mati\u00e8re de cybers\u00e9curit\u00e9.<\/p>\n<p>Les services cyber et de s\u00e9curit\u00e9 de l\u2019\u00c9tat vont conduire des sc\u00e9narios d&rsquo;attaque sur\u2026<\/p>\n<p>\u2014 S\u00e9bastien Lecornu (@SebLecornu) <a target=\"_blank\" href=\"https:\/\/twitter.com\/SebLecornu\/status\/2050097803284615502?ref_src=twsrc%5Etfw\">May 1, 2026<\/a><\/p><\/blockquote>\n<\/div>\n<p><a target=\"_blank\" href=\"https:\/\/x.com\/SebLecornu\/status\/2050097803284615502?s=20\"\/>Sur X, plusieurs observateurs sp\u00e9cialis\u00e9s en cybers\u00e9curit\u00e9 ont soulign\u00e9 que l\u2019affaire ANTS illustrait moins un accident isol\u00e9 qu\u2019un probl\u00e8me structurel : l\u2019\u00c9tat accumule des donn\u00e9es sensibles, mais peine \u00e0 les prot\u00e9ger au niveau attendu.<\/p>\n<p>Le Hacker SaxX souligne\u00a0: \u00ab\u00a0Le Premier Ministre S\u00e9bastien Lecornu reconna\u00eet que la situation est assez grave ! Fini donc le tout va bien&#8230;\u00a0\u00bb et d\u2019affirmer\u00a0: \u00abLe piratage de l&rsquo;ANTS avec 12M de comptes pirat\u00e9s aura sonn\u00e9 la fin de la r\u00e9cr\u00e9ation !\u00a0\u00bb.<\/p>\n<div class=\"rtcode\">\n<blockquote class=\"twitter-tweet\">\n<p lang=\"fr\" dir=\"ltr\">\ud83d\udea8\ud83d\udd34\ud83c\uddeb\ud83c\uddf7 CYBERATTAQUES EN FRANCE | Les annonces folles de S\u00e9bastien Lecornu pour renforcer la s\u00e9curit\u00e9 num\u00e9rique de l&rsquo;\u00c9tat et endiguer les fuites de donn\u00e9es \ud83d\udc47\ud83c\udffe<\/p>\n<p>Le Premier Ministre S\u00e9bastien Lecornu reconna\u00eet que la situation est assez grave ! Fini donc le tout va bien&#8230;<\/p>\n<p>\ud83d\udc49\ud83c\udffe Les\u2026 <a target=\"_blank\" href=\"https:\/\/t.co\/m3AQj35Ph3\">pic.twitter.com\/m3AQj35Ph3<\/a><\/p>\n<p>\u2014 SaxX \u00af\\_(\u30c4)_\/\u00af (@_SaxX_) <a target=\"_blank\" href=\"https:\/\/twitter.com\/_SaxX_\/status\/2049895490917945485?ref_src=twsrc%5Etfw\">April 30, 2026<\/a><\/p><\/blockquote>\n<\/div>\n<p><a target=\"_blank\" href=\"https:\/\/x.com\/_SaxX_\/status\/2049895490917945485?s=20\"\/>Le plan annonc\u00e9 repose sur trois axes. D\u2019abord, une nouvelle gouvernance, avec la fusion de la Direction interminist\u00e9rielle du num\u00e9rique et de la Direction interminist\u00e9rielle de la transformation publique pour cr\u00e9er une \u00ab\u00a0autorit\u00e9 num\u00e9rique de l\u2019\u00c9tat\u00a0\u00bb, plac\u00e9e aupr\u00e8s de Matignon. Ensuite, un financement renforc\u00e9 : 200 millions d\u2019euros, mais aussi l\u2019affectation des amendes de la CNIL \u00e0 un fonds de modernisation num\u00e9rique, et l\u2019objectif de consacrer 5\u00a0% des budgets num\u00e9riques minist\u00e9riels au cyber d\u00e8s 2027.<\/p>\n<div class=\"rtcode\">\n<blockquote class=\"twitter-tweet\">\n<p lang=\"fr\" dir=\"ltr\">Il faut augmenter nos moyens pour renforcer notre cybers\u00e9curit\u00e9.<\/p>\n<p>Les cyberattaques visent nos services publics du quotidien : h\u00f4pitaux, \u00e9ducation, imp\u00f4ts.<\/p>\n<p>Dans les pires sc\u00e9narios, ces attaques peuvent permettre \u00e0 un adversaire de la France de paralyser le pays.<\/p>\n<p>Des moyens\u2026<\/p>\n<p>\u2014 S\u00e9bastien Lecornu (@SebLecornu) <a target=\"_blank\" href=\"https:\/\/twitter.com\/SebLecornu\/status\/2049939509119271169?ref_src=twsrc%5Etfw\">April 30, 2026<\/a><\/p><\/blockquote>\n<\/div>\n<p><a target=\"_blank\" href=\"https:\/\/x.com\/SebLecornu\/status\/2049939509119271169?s=20\"\/>Enfin, le gouvernement veut changer de m\u00e9thode : tests de vuln\u00e9rabilit\u00e9, exercices d\u2019\u00ab\u00a0auto-attaque\u00a0\u00bb, sc\u00e9narios de crise en cas de \u00ab\u00a0blackout num\u00e9rique\u00a0\u00bb, recours accru \u00e0 l\u2019intelligence artificielle et investissements dans la cryptographie post-quantique.<\/p>\n<p><a target=\"_blank\" href=\"https:\/\/francais.rt.com\/news\/133715-france-adolescent-arrete-piratage-ants\">L\u2019arrestation d\u2019un mineur de 15 ans, soup\u00e7onn\u00e9 dans l\u2019attaque contre l\u2019ANTS, ajoute une dimension troublante au dossier<\/a>. Elle montre qu\u2019une menace strat\u00e9gique peut parfois venir d\u2019acteurs tr\u00e8s jeunes, mais aussi que la faiblesse des syst\u00e8mes publics transforme chaque faille en affaire d\u2019\u00c9tat.<\/p>\n<\/div>\n<p><script async src=\"\/\/platform.twitter.com\/widgets.js\" charset=\"utf-8\"><\/script><br \/>\n<br \/><br \/>\n<br \/><a href=\"https:\/\/francais.rt.com\/france\/133742-cyberattaques-sebastien-lecornu-admet-echec\" target=\"_blank\"\">Source link <\/a><\/p>\n","protected":false},"excerpt":{"rendered":"<p>Apr\u00e8s l\u2019attaque massive contre l\u2019ANTS, S\u00e9bastien Lecornu annonce 200 millions d\u2019euros suppl\u00e9mentaires pour renforcer la cybers\u00e9curit\u00e9 de l\u2019\u00c9tat. Face \u00e0 une moyenne de trois vols de donn\u00e9es par jour depuis&hellip; <\/p>\n","protected":false},"author":1,"featured_media":27276,"comment_status":"open","ping_status":"open","sticky":false,"template":"","format":"standard","meta":{"footnotes":""},"categories":[1],"tags":[],"class_list":["post-27275","post","type-post","status-publish","format-standard","has-post-thumbnail","hentry","category-non-classe"],"_links":{"self":[{"href":"https:\/\/monde25.info\/index.php\/wp-json\/wp\/v2\/posts\/27275","targetHints":{"allow":["GET"]}}],"collection":[{"href":"https:\/\/monde25.info\/index.php\/wp-json\/wp\/v2\/posts"}],"about":[{"href":"https:\/\/monde25.info\/index.php\/wp-json\/wp\/v2\/types\/post"}],"author":[{"embeddable":true,"href":"https:\/\/monde25.info\/index.php\/wp-json\/wp\/v2\/users\/1"}],"replies":[{"embeddable":true,"href":"https:\/\/monde25.info\/index.php\/wp-json\/wp\/v2\/comments?post=27275"}],"version-history":[{"count":0,"href":"https:\/\/monde25.info\/index.php\/wp-json\/wp\/v2\/posts\/27275\/revisions"}],"wp:featuredmedia":[{"embeddable":true,"href":"https:\/\/monde25.info\/index.php\/wp-json\/wp\/v2\/media\/27276"}],"wp:attachment":[{"href":"https:\/\/monde25.info\/index.php\/wp-json\/wp\/v2\/media?parent=27275"}],"wp:term":[{"taxonomy":"category","embeddable":true,"href":"https:\/\/monde25.info\/index.php\/wp-json\/wp\/v2\/categories?post=27275"},{"taxonomy":"post_tag","embeddable":true,"href":"https:\/\/monde25.info\/index.php\/wp-json\/wp\/v2\/tags?post=27275"}],"curies":[{"name":"wp","href":"https:\/\/api.w.org\/{rel}","templated":true}]}}