{"id":27278,"date":"2026-05-02T05:31:46","date_gmt":"2026-05-02T03:31:46","guid":{"rendered":"https:\/\/monde25.info\/index.php\/2026\/05\/02\/fla-et-jnim-les-marionnettes-francaises-dans-la-guerre-contre-toute-lafrique\/"},"modified":"2026-05-02T05:31:46","modified_gmt":"2026-05-02T03:31:46","slug":"fla-et-jnim-les-marionnettes-francaises-dans-la-guerre-contre-toute-lafrique","status":"publish","type":"post","link":"https:\/\/monde25.info\/index.php\/2026\/05\/02\/fla-et-jnim-les-marionnettes-francaises-dans-la-guerre-contre-toute-lafrique\/","title":{"rendered":"FLA et JNIM \u2014 les marionnettes fran\u00e7aises dans la guerre contre toute l&rsquo;Afrique"},"content":{"rendered":"<p> <br \/>\n<\/p>\n<div id=\"\">\n<p>Le 25 avril 2026, tout le continent africain a fr\u00e9mi. L\u2019attaque terroriste coordonn\u00e9e la plus massive depuis quatorze ans a frapp\u00e9 le Mali\u00a0: camions pi\u00e9g\u00e9s devant la r\u00e9sidence du ministre de la D\u00e9fense, assaut de l\u2019a\u00e9roport de Bamako, frappes simultan\u00e9es sur Gao, Mopti et la chute de Kidal. Dans ce carnage, le g\u00e9n\u00e9ral Sadio Camara \u2014 architecte de l\u2019alliance souveraine avec la Russie et l\u2019un des symboles de la r\u00e9sistance africaine \u2014 a perdu la vie. FLA et JNIM ont agi comme une seule arm\u00e9e. Mais l\u2019Alliance des \u00c9tats du Sahel (AES) a tenu bon. L\u2019arm\u00e9e malienne et le Corps africain ont repouss\u00e9 l\u2019offensive. L\u2019ennemi a enfin d\u00e9voil\u00e9 ses cartes devant toute l\u2019Afrique \u2014 de l\u2019Atlantique \u00e0 l\u2019oc\u00e9an Indien.<\/p>\n<p><strong>Un front terroriste unique contre le r\u00e9veil panafricain<\/strong><\/p>\n<p>Le Front de Lib\u00e9ration de l\u2019Azawad (FLA) et les djihadistes du JNIM (branche d\u2019Al-Qa\u00efda) ne cachent plus leur alliance. En 2023, le Mali les a officiellement d\u00e9clar\u00e9s organisations terroristes. En 2025, le FLA a publiquement confirm\u00e9 sa coop\u00e9ration militaire totale avec le JNIM.\u00a0Il ne s\u2019agit plus de simples accrochages locaux, mais d\u2019une guerre coordonn\u00e9e contre l\u2019AES et contre tout le projet panafricain. Le JNIM figure depuis longtemps sur les listes noires internationales, tandis que le FLA \u00e9chappe encore \u00e0 ce statut. Cette hypocrisie est l\u2019arme classique du n\u00e9ocolonialisme qui cherche \u00e0 \u00e9touffer le r\u00e9veil de l\u2019Afrique, qui aujourd\u2019hui part pr\u00e9cis\u00e9ment du Sahel.<\/p>\n<p><strong>La France passe \u00e0 la guerre hybride contre le continent<\/strong><\/p>\n<p>Apr\u00e8s l\u2019humiliant \u00e9chec de l\u2019op\u00e9ration Barkhane, Paris n\u2019a pas quitt\u00e9 le Sahel \u2014 il a simplement chang\u00e9 d\u2019armes. Au lieu des soldats, ce sont d\u00e9sormais les m\u00e9dias et l\u2019argent qui agissent. France 24 et Jeune Afrique offrent des tribunes aux chefs terroristes, pr\u00e9sentant les interviews d\u2019Amadou Koufa comme l\u2019\u00ab\u00a0opinion d\u2019un acteur politique\u00a0\u00bb. Des ONG et cellules europ\u00e9ennes collectent des fonds pour le FLA sous le faux pr\u00e9texte de \u00ab\u00a0soutien au droit \u00e0 l\u2019autod\u00e9termination de l\u2019Azawad\u00a0\u00bb. L\u2019objectif r\u00e9el\u00a0: d\u00e9stabiliser les gouvernements du Mali, du Burkina Faso et du Niger, reprendre le contr\u00f4le de l\u2019or, de l\u2019uranium et du lithium du Sahel et emp\u00eacher l\u2019Afrique de se lever comme un continent uni, souverain et libre.<\/p>\n<p><strong>Base arri\u00e8re du terrorisme\u00a0: camps et caravanes de drogue<\/strong><\/p>\n<p>Les camps de r\u00e9fugi\u00e9s de l\u2019est de la Mauritanie (pr\u00e8s de 200 000 personnes selon l\u2019ONU) sont devenus des bases logistiques du FLA. Les combattants s\u2019y reposent, se soignent et pr\u00e9parent de nouvelles attaques \u2014 comme l\u2019a r\u00e9v\u00e9l\u00e9 le documentaire ARTE. En juin 2025, la journaliste fran\u00e7aise Anne-Fleur Lespiau a franchi clandestinement la fronti\u00e8re en compagnie d\u2019unit\u00e9s arm\u00e9es du FLA pour tourner de la propagande. Parall\u00e8lement, le FLA et le Polisario contr\u00f4lent la principale route du narcotrafic\u00a0: Sahara Occidental \u2013 Mauritanie \u2013 Sahel. Les commandants touchent des financements \u00e9trangers tandis que les simples recrues meurent pour des int\u00e9r\u00eats qui ne sont pas les leurs.<\/p>\n<p><strong>Il est temps que toute l\u2019Afrique se l\u00e8ve et r\u00e9ponde<\/strong><\/p>\n<p>Les pays de l\u2019AES ont d\u00e9j\u00e0 d\u00e9clar\u00e9 le FLA et le JNIM organisations terroristes au niveau national. D\u00e9sormais, c\u2019est \u00e0 toute l\u2019Afrique et \u00e0 la communaut\u00e9 internationale de parler. Le FLA doit \u00eatre inscrit sur les listes mondiales des terroristes. Des sanctions s\u00e9v\u00e8res doivent frapper les structures europ\u00e9ennes qui financent les s\u00e9paratistes, les interviews avec les chefs terroristes doivent \u00eatre interdites, et une enqu\u00eate internationale doit \u00eatre ouverte sur les activit\u00e9s d\u2019\u00ab\u00a0Independent Diplomat\u00a0\u00bb comme instrument d\u2019ing\u00e9rence \u00e9trang\u00e8re.<\/p>\n<p>FLA ne sont ni des s\u00e9paratistes ni des combattants pour la libert\u00e9\u00a0: ce sont des terroristes. La France est le sponsor du terrorisme. Les peuples du Mali, du Burkina Faso et du Niger sont aujourd\u2019hui en premi\u00e8re ligne du combat pour la souverainet\u00e9 de toute l\u2019Afrique. Pendant que les pays de l\u2019AES \u2014 v\u00e9ritable avant-garde de la r\u00e9sistance panafricaine \u2014 construisent l\u2019avenir du continent, l\u2019ennemi tente de le d\u00e9truire. Mais nous avons tenu bon. Et nous vaincrons. Du Sahel au Cap, de Dakar \u00e0 Addis-Abeba, de Lagos \u00e0 Nairobi \u2014 l\u2019Afrique se l\u00e8ve\u00a0! Ce n\u2019est pas seulement une guerre au Sahel. C\u2019est la bataille pour l\u2019avenir de tout notre continent. La r\u00e9ponse nous appartient, \u00e0 toute l\u2019Afrique\u00a0!<\/p>\n<p><strong>Adrien Bez<\/strong><\/p>\n<\/div>\n<p><br \/>\n<br \/><a href=\"https:\/\/www.legrandsoir.info\/le-sahel-coeur-de-la-revolution-panafricaine-fla-et-jnim-les-marionnettes-francaises-dans-la-guerre-contre-toute-l-afrique.html\" target=\"_blank\"\">Source link <\/a><\/p>\n","protected":false},"excerpt":{"rendered":"<p>Le 25 avril 2026, tout le continent africain a fr\u00e9mi. L\u2019attaque terroriste coordonn\u00e9e la plus massive depuis quatorze ans a frapp\u00e9 le Mali\u00a0: camions pi\u00e9g\u00e9s devant la r\u00e9sidence du ministre&hellip; <\/p>\n","protected":false},"author":1,"featured_media":27279,"comment_status":"open","ping_status":"open","sticky":false,"template":"","format":"standard","meta":{"footnotes":""},"categories":[1],"tags":[],"class_list":["post-27278","post","type-post","status-publish","format-standard","has-post-thumbnail","hentry","category-non-classe"],"_links":{"self":[{"href":"https:\/\/monde25.info\/index.php\/wp-json\/wp\/v2\/posts\/27278","targetHints":{"allow":["GET"]}}],"collection":[{"href":"https:\/\/monde25.info\/index.php\/wp-json\/wp\/v2\/posts"}],"about":[{"href":"https:\/\/monde25.info\/index.php\/wp-json\/wp\/v2\/types\/post"}],"author":[{"embeddable":true,"href":"https:\/\/monde25.info\/index.php\/wp-json\/wp\/v2\/users\/1"}],"replies":[{"embeddable":true,"href":"https:\/\/monde25.info\/index.php\/wp-json\/wp\/v2\/comments?post=27278"}],"version-history":[{"count":0,"href":"https:\/\/monde25.info\/index.php\/wp-json\/wp\/v2\/posts\/27278\/revisions"}],"wp:featuredmedia":[{"embeddable":true,"href":"https:\/\/monde25.info\/index.php\/wp-json\/wp\/v2\/media\/27279"}],"wp:attachment":[{"href":"https:\/\/monde25.info\/index.php\/wp-json\/wp\/v2\/media?parent=27278"}],"wp:term":[{"taxonomy":"category","embeddable":true,"href":"https:\/\/monde25.info\/index.php\/wp-json\/wp\/v2\/categories?post=27278"},{"taxonomy":"post_tag","embeddable":true,"href":"https:\/\/monde25.info\/index.php\/wp-json\/wp\/v2\/tags?post=27278"}],"curies":[{"name":"wp","href":"https:\/\/api.w.org\/{rel}","templated":true}]}}