{"id":2728,"date":"2025-02-16T12:02:22","date_gmt":"2025-02-16T11:02:22","guid":{"rendered":"https:\/\/monde25.info\/index.php\/2025\/02\/16\/lescrologie-pour-les-nuls-mesdames-messieurs-les-dirigeants-quand-allez-vous-enfin-ecouter-et-representer-le-peuple\/"},"modified":"2025-02-16T12:02:22","modified_gmt":"2025-02-16T11:02:22","slug":"lescrologie-pour-les-nuls-mesdames-messieurs-les-dirigeants-quand-allez-vous-enfin-ecouter-et-representer-le-peuple","status":"publish","type":"post","link":"https:\/\/monde25.info\/index.php\/2025\/02\/16\/lescrologie-pour-les-nuls-mesdames-messieurs-les-dirigeants-quand-allez-vous-enfin-ecouter-et-representer-le-peuple\/","title":{"rendered":"L&rsquo;escrologie pour les nuls. Mesdames, Messieurs les dirigeants, quand allez-vous enfin \u00e9couter et repr\u00e9senter le peuple ?"},"content":{"rendered":"<p> <br \/>\n<\/p>\n<div>\n<p>Je vous avais d\u00e9j\u00e0 parl\u00e9 de \u00ab\u00a0l\u2019escrologie\u00a0\u00bb dans un \u00e9dito pr\u00e9c\u00e9dent\u00a0: \u00ab\u00a0<a target=\"_blank\" href=\"https:\/\/www.francesoir.fr\/opinions-editos\/l-escrologie-bat-son-plein\">l\u2019escrologie bat son plein\u00a0<\/a>\u00bb. Et comme r\u00e9p\u00e9ter un message n\u2019alt\u00e8re en rien son contenu, j\u2019ai jug\u00e9 opportun d\u2019y revenir !\u00a0<\/p>\n<p>\u00ab\u00a0Escrologie\u00a0\u00bb est la contraction des mots \u00ab\u00a0\u00e9cologie\u00a0\u00bb et \u00ab\u00a0escroquerie.\u00a0\u00bb \u00a0Elle intervient \u00e0 juste titre.<\/p>\n<p>En effet, faux pr\u00e9texte de \u00ab\u00a0prot\u00e9ger la plan\u00e8te\u00a0\u00bb (\u00e0 savoir plus exactement prot\u00e9ger l&rsquo;environnement et les \u00e9quilibres naturels), l&rsquo;\u00e9cologie politique qui nous est impos\u00e9e aujourd&rsquo;hui, consiste en ceci. D&rsquo;un c\u00f4t\u00e9 faire payer aux citoyens, artisans, commer\u00e7ants et aux petites et moyennes entreprises, des imp\u00f4ts et taxes tr\u00e8s \u00e9lev\u00e9s dans tous les domaines, et, de l&rsquo;autre c\u00f4t\u00e9, \u00e0 exon\u00e9rer de ces imp\u00f4ts et taxes ceux qui sont les v\u00e9ritables responsables de la destruction de l&rsquo;environnement \u00e0 l&rsquo;\u00e9chelle de la plan\u00e8te (pollution de l&rsquo;eau, de l&rsquo;air, du sol et du sous-sol), \u00e0 savoir les tr\u00e8s grandes entreprises. L&rsquo;industrie p\u00e9troli\u00e8re et l&rsquo;industrie chimique en t\u00eate, \u00e9videmment, sans oublier le transport maritime mondial de marchandises (d&rsquo;un continent \u00e0 l&rsquo;autre).<\/p>\n<p>Au terme d&rsquo;un lobbying acharn\u00e9 et d&rsquo;une corruption politique active op\u00e9r\u00e9e par Rockefeller &amp; Cie au d\u00e9but du si\u00e8cle dernier, l&rsquo;utilisation du chanvre (qui jusqu&rsquo;alors servait \u00e0 quasiment tout ce qui aujourd&rsquo;hui est fait \u00e0 partir du p\u00e9trole) a \u00e9t\u00e9 d\u00e9clar\u00e9e soi-disant \u00ab\u00a0dangereuse\u00a0\u00bb, et donc ill\u00e9gale, pr\u00e9cis\u00e9ment pour conf\u00e9rer par cette entremise \u00e0 l&rsquo;industrie p\u00e9troli\u00e8re, la toute puissance \u00e9conomique et politique qu&rsquo;elle a depuis lors, l&rsquo;utilisation syst\u00e9matique du p\u00e9trole s&rsquo;est impos\u00e9e dans absolument tous les domaines.<\/p>\n<p>Et cent ans plus tard, voici ce qu&rsquo;il en est.<\/p>\n<p>L&rsquo;\u00e9nergie, c&rsquo;est le p\u00e9trole. Le chauffage, c&rsquo;est le p\u00e9trole. La chimie, c&rsquo;est le p\u00e9trole Les transports, c&rsquo;est le p\u00e9trole. Le textile, c&rsquo;est le p\u00e9trole. Et le plastique, c&rsquo;est le p\u00e9trole. Les plastiques de toutes sortes, notamment les sacs plastiques, et autres plastiques d&#8217;emballage, qui partout dans le monde nuisent au possible \u00e0 l&rsquo;environnement de mani\u00e8re catastrophique, tout particuli\u00e8rement au pr\u00e9judice des esp\u00e8ces animales des mers et oc\u00e9ans.<\/p>\n<p>Or, outre les d\u00e9g\u00e2ts consid\u00e9rables que son extraction cause \u00e0 l&rsquo;environnement, tout ce p\u00e9trole, il faut le transporter. Le transporter des endroits o\u00f9 il est extrait, jusqu&rsquo;aux endroits o\u00f9 il est utilis\u00e9.<\/p>\n<p>Et, malgr\u00e9 l&rsquo;utilisation de plus en plus importante des pipelines, le transport du p\u00e9trole se fait encore essentiellement par voie maritime. Par supertankers. Ces navires p\u00e9troliers gigantesques mesurent \u00a0285 m\u00e8tres de long et 45 m\u00e8tres de large, et peuvent transporter 180.000 tonnes de p\u00e9trole \u00e0 chaque voyage. Et \u00e0 l&rsquo;instar des tr\u00e8s gros porte-conteneurs (les super cargos), un seul de ces supertankers pollue \u00e0 lui seul, autant que 50 millions de voitures de particuliers.<\/p>\n<p>Et donc vingt de ces supertankers ou de ces super cargos, polluent autant que le milliard de voitures de particuliers qu&rsquo;il y a dans le monde. <strong>Or, 60.000 de ces supertankers et de ces super cargos circulent en permanence sur la plan\u00e8te.<\/strong><\/p>\n<p>Ainsi, le transport maritime mondial de p\u00e9trole et de marchandises pollue 3.000 fois plus que toutes les voitures des particuliers du monde r\u00e9unies.<\/p>\n<p>Pourtant, ce ne sont pas les compagnies de transport maritime mondial de p\u00e9trole et de marchandises qui sont tax\u00e9es par les Gouvernements, ce sont les voitures des particuliers. Les voitures du citoyen de base. En France, le Fran\u00e7ais moyen. C&rsquo;est \u00e0 lui que le Gouvernement et le Parlement fran\u00e7ais imposent des taxes et des restrictions de d\u00e9placements, au faux pr\u00e9texte de lutter contre la pollution.<\/p>\n<p>Eh oui\u00a0!<\/p>\n<p>Supertankers et tr\u00e8s gros porte-conteneurs br\u00fblent chacun, en moyenne, entre 140 et 300 tonnes de p\u00e9trole par jour, dans des moteurs hauts comme des immeubles. Un bateau de commerce plus petit, entre 25 et 65 tonnes. C&rsquo;est ainsi qu&rsquo;au total le transport maritime de marchandises et du p\u00e9trole consomme 250 millions de tonnes de p\u00e9trole par an, \u00e0 savoir un peu plus de 10% de la production p\u00e9troli\u00e8re mondiale, alors que c&rsquo;est nettement moins d&rsquo;un pour cent de la production p\u00e9troli\u00e8re mondiale qui est consomm\u00e9e par les voitures des particuliers. Le milliard de voitures de particuliers environ, qui sont en circulation actuellement sur la plan\u00e8te.<\/p>\n<p>Les autres 90% de la production p\u00e9troli\u00e8re mondiale sont utilis\u00e9s au principal, pour la production d&rsquo;\u00e9lectricit\u00e9, pour la fabrication des plastiques et pour le chauffage.<\/p>\n<p>Mais, c&rsquo;est le raffinage du p\u00e9trole qui pollue le plus.<\/p>\n<p>Pardi\u00a0! Except\u00e9e l&rsquo;utilisation du p\u00e9trole brut comme source \u00e9nerg\u00e9tique, qui est l&rsquo;utilisation polluante la plus visible\u00a0; quelle que soit l&rsquo;utilisation finale faite du p\u00e9trole, il faut le raffiner.<\/p>\n<p>Et, c&rsquo;est justement lors du raffinage du p\u00e9trole que sont lib\u00e9r\u00e9es dans l&rsquo;atmosph\u00e8re, en quantit\u00e9 astronomique, les composantes les plus polluantes du p\u00e9trole. Celles que les ap\u00f4tres de l&rsquo;escrologie accusent les voitures qu&rsquo;ils ont class\u00e9es \u00ab\u00a0Crit&rsquo; Air\u00a03, \u00ab\u00a0Crit&rsquo; Air 4\u00a0\u00bb et \u00ab\u00a0Crit&rsquo; Air 5\u00a0\u00bb, de r\u00e9pandre dans l&rsquo;atmosph\u00e8re. Les fameuses particules fines.<\/p>\n<p>L&rsquo;industrie du raffinage du p\u00e9trole est responsable de pr\u00e8s des 2\/3 de la pollution atmosph\u00e9rique, \u00e9mission des particules fines comprises. Mais pour ce qui est de la pollution, l&rsquo;industrie du raffinage du p\u00e9trole n&rsquo;est nullement tax\u00e9e. Et, \u00e0 l&rsquo;inverse, c&rsquo;est au faux pr\u00e9texte de lutter contre la pollution, que les voitures des particuliers, elles, sont lourdement tax\u00e9es, et qu&rsquo;en outre, depuis janvier 2025, elles sont interdites de circulation dans les tristement c\u00e9l\u00e8bres Z.F.E. Ces zones urbaines appel\u00e9es officiellement \u00ab\u00a0zones \u00e0 faibles \u00e9missions\u00a0\u00bb, 100% foutage de gueule, et qu&rsquo;il convient d\u00e8s lors plut\u00f4t d&rsquo;appeler \u00ab\u00a0zones \u00e0 fortes exclusions.\u00a0\u00bb<\/p>\n<p>Je m&rsquo;explique.<\/p>\n<p>Alors que les crit\u00e8res de ces \u00ab\u00a0Crit&rsquo; Air\u00a0\u00bb, ce sont les \u00e9missions de CO2, les voitures des pauvres (que sont les citoyens qui ne peuvent pas se payer une voiture neuve basique, class\u00e9e \u00ab\u00a0Crit&rsquo; Air 1\u00a0\u00bb ou \u00ab\u00a0Crit&rsquo; Air 2\u00a0\u00bb), \u00e0 savoir les voitures qui sont class\u00e9es \u00ab\u00a0Crit&rsquo; Air 3\u00a0\u00bb, \u00ab\u00a0Crit&rsquo; Air 4\u00a0\u00bb et \u00ab\u00a0Crit&rsquo; Air 5\u00a0\u00bb\u00a0; les voitures des pauvres sont interdites d&rsquo;acc\u00e8s dans les ZFE, mais les voitures des riches, elles, peuvent y circuler. \u00c0 savoir les voitures de luxe qui sont class\u00e9es \u00ab\u00a0Crit&rsquo; Air 1\u00a0\u00bb, bien que pourtant elles \u00e9mettent jusqu&rsquo;\u00e0 trois fois plus de CO2 que les voitures class\u00e9es \u00ab\u00a0Crit&rsquo; Air 3.\u00a0\u00bb<\/p>\n<p>Voici un exemple avec une Ferrarri ann\u00e9e 2011 et une Twingo classe 1\u00a0:<\/p>\n<p><img decoding=\"async\" data-entity-uuid=\"9d351601-ab8a-4f91-9bb2-d65e4f460b15\" data-entity-type=\"file\" alt=\"Ferrari Twingo\" width=\"640\" height=\"435\" loading=\"lazy\" class=\"lazyload\" src=\"https:\/\/www.francesoir.fr\/sites\/default\/files\/inline-images\/image_76.png\"\/><\/p>\n<p>Et s&rsquo;ajoute \u00e0 ce manque de respect manifeste, le fait patent qu&rsquo;il n&rsquo;y a pas de ZFE pour les jets priv\u00e9s, ni pour les bateaux de croisi\u00e8re, ni pour les yachts. Ces g\u00e9ants des mers polluent pourtant autant qu&rsquo;un porte-conteneurs, et \u00ab\u00a0l&rsquo;impact carbone\u00a0\u00bb d&rsquo;un jet priv\u00e9 est pourtant 300 fois plus important que celui d&rsquo;une voiture class\u00e9e \u00ab\u00a0Crit&rsquo; Air 3.\u00a0\u00bb Et l&rsquo;impact carbone dit \u00ab\u00a0par personne\u00a0\u00bb d&rsquo;un jet priv\u00e9, est lui carr\u00e9ment mille fois plus important que celui des personnes qui, contraintes et forc\u00e9es, empruntent les transports en commun, c&rsquo;est-\u00e0-dire les Fran\u00e7ais les plus pauvres. \u00ab\u00a0<em>Les personnes qui ne sont rien\u00a0<\/em>\u00bb, comme l&rsquo;a dit Emmanuel Macron. Les Fran\u00e7ais que les escrocs de l&rsquo;\u00e9cologie politique veulent emp\u00eacher de circuler en voiture. R\u00e9duire leurs d\u00e9placements le plus possible.<\/p>\n<p>Et, absolument <a target=\"_blank\" href=\"https:\/\/www.francesoir.fr\/opinions-editos\/mais-de-qui-se-moque-t-0\" target=\"_blank\">tous les politiciens sont dans la combine<\/a>, tous captur\u00e9s ou potentiellemen achet\u00e9s qu&rsquo;ils sont par les compagnies de transport maritime mondial\u00a0; <a target=\"_blank\" href=\"https:\/\/www.francesoir.fr\/politique-france\/alexis-kohler-bras-droit-d-emmanuel-macron-mis-en-examen-mais-maintenu-l-elysee\" target=\"_blank\">Alexis Kohler<\/a> en t\u00eate, secr\u00e9taire g\u00e9n\u00e9ral inamovible de l\u2019\u00c9lys\u00e9e sous l&rsquo;\u00e8re Macron et d\u00e9j\u00e0 pr\u00e9sent sous Nicolas Sarkozy\u00a0; et achet\u00e9s aussi bien s\u00fbr par les compagnies p\u00e9troli\u00e8res et par l&rsquo;industrie chimique, notamment l&rsquo;industrie pharmaceutique.<\/p>\n<p>Ah \u00e7a\u00a0! On ne le r\u00e9p\u00e9tera jamais assez. Avec les politiciens qu&rsquo;on a aujourd&rsquo;hui, et le syst\u00e8me politique verrouill\u00e9 qui nous est impos\u00e9, qui r\u00e9serve l&rsquo;acc\u00e8s au pouvoir \u00e0 ces seuls politiciens-l\u00e0, voter, c&rsquo;est se faire hara-kiri.<\/p>\n<p>Et, c&rsquo;est pareil au niveau europ\u00e9en. La Commission Europ\u00e9enne, organe politique qui d\u00e9cide de tout dans l&rsquo;Union europ\u00e9enne, elle aussi est totalement vendue aux compagnies p\u00e9troli\u00e8res, \u00e0 l&rsquo;industrie chimique et aux compagnies de transport maritime mondial. Ces compagnies qui sont responsables \u00e0 elles seules de la quasi-totalit\u00e9 de la pollution de masse, tous types de pollution compris, mais qui b\u00e9n\u00e9ficient des bonnes gr\u00e2ces de la Commission Europ\u00e9enne pour ce qui est d&rsquo;\u00e9chapper au principe du pollueur-payeur, principe que la Commission Europ\u00e9enne applique aux citoyens. Un principe que <a target=\"_blank\" href=\"https:\/\/edition.francesoir.fr\/opinions-editos\/montrons-du-doigt-les-pollueurs-de-l-info\" target=\"_blank\">l&rsquo;on ferrait bien d&rsquo;appliquer aux pollueurs informationnels<\/a> que sont <a target=\"_blank\" href=\"https:\/\/www.francesoir.fr\/opinions-editos\/faire-du-journalisme-autrement-c-est-possible\" target=\"_blank\">les journalistes aux ordres des m\u00e9dias subventionn\u00e9s<\/a> ! Et tant qu&rsquo;on y est, il est possible d&rsquo;\u00e9tendre ce principe aux politiques qui <a target=\"_blank\" href=\"https:\/\/www.francesoir.fr\/opinions-editos\/au-nom-de-la-verite-si-je-mens-ou-le-mensonge-dans-la-peau\" target=\"_blank\">ayant le mensonge dans la peau<\/a> <a target=\"_blank\" href=\"https:\/\/www.francesoir.fr\/politique-france\/le-mensonge-un-nouvel-outil-de-communication-pour-le-gouvernement\" target=\"_blank\">l&rsquo;ont port\u00e9 au rang institutionnel<\/a> !\u00a0<\/p>\n<p>\u00a0<\/p>\n<p><strong>La <\/strong><a target=\"_blank\" href=\"https:\/\/www.euractiv.fr\/section\/energie-climat\/news\/les-elites-se-rendent-au-sommet-de-davos-en-jet-prive-malgre-la-gratuite-des-trains\/\"><strong>mystification dans toute sa d\u00e9mesure\u00a0!<\/strong><\/a><\/p>\n<p>Au lieu de privil\u00e9gier les transports en commun (comme ils le demandent aux gens du peuple), voil\u00e0 comment dirigeants mondialistes et industriels se sont rendus \u00e0 Davos, en Suisse, au sommet du Forum \u00e9conomique mondial, fin janvier\u00a0: chacun d&rsquo;eux dans son jet priv\u00e9, un moyen de transport qui g\u00e9n\u00e8re 50\u00a0fois plus d\u2019\u00e9missions carbone que les trains \u00e0 grande vitesse.<\/p>\n<p>Et qu&rsquo;ont-ils fait durant ce sommet\u00a0?<\/p>\n<p>Ils ont d\u00e9cid\u00e9 quelles nouvelles restrictions suppl\u00e9mentaires des libert\u00e9s publiques et priv\u00e9es (interdictions, obligations, imp\u00f4ts, taxes et amendes) vont encore \u00eatre impos\u00e9es aux peuples, toujours pareil\u00a0: soi-disant pour lutter contre le r\u00e9chauffement climatique.<\/p>\n<p>Donc voil\u00e0 ce que je propose.<\/p>\n<p>Plut\u00f4t que d&rsquo;exiger des peuples europ\u00e9ens toujours plus d&rsquo;efforts et de sacrifices, cr\u00e9ons une ZFE \u00ab\u00a0a\u00e9rienne\u00a0\u00bb\u00a0: l&rsquo;interdiction, pour les dirigeants politiques et les industriels, de circuler en jet priv\u00e9 dans l&rsquo;Union europ\u00e9enne. Et, aussi une ZFE marine tant que l\u2019on y est afin que tous ces propri\u00e9taires de yacht priv\u00e9s ne puissent plus les faire naviguer dans les eaux territoriales\u00a0!<\/p>\n<p>Certes, cette mesure ne r\u00e9soudra pas tous les probl\u00e8mes \u00e0 elle seule. N\u00e9anmoins, l&rsquo;impact carbone global s&rsquo;en trouvera tr\u00e8s nettement r\u00e9duit. Et en bonus, une fois n&rsquo;est pas coutume, dans la lutte contre la pollution en tous genres, c&rsquo;est l&rsquo;\u00e9quit\u00e9, la logique et le bon sens qui seront privil\u00e9gi\u00e9s.<\/p>\n<p>NOTA\u00a0: dans la m\u00eame veine hautement nocive pour l&rsquo;environnement dont proc\u00e8dent l&rsquo;extraction et l&rsquo;acheminement des minerais et des mat\u00e9riaux n\u00e9cessaires \u00e0 la construction des v\u00e9hicules \u00e9lectriques\u00a0; \u00e0 savoir les v\u00e9hicules faussement appel\u00e9s \u00ab\u00a0propres\u00a0\u00bb (ainsi que les panneaux solaires)\u00a0; la construction des structures de production de l&rsquo;\u00e9lectricit\u00e9 elle aussi faussement appel\u00e9e \u00ab\u00a0propre\u00a0\u00bb, que sont les \u00e9oliennes, leur construction est \u00e9galement catastrophique pour l&rsquo;environnement..<\/p>\n<p>Chaque \u00e9olienne est constitu\u00e9e de 260 tonnes d&rsquo;acier. Les fabriquer n\u00e9cessite 300 tonnes de minerai de fer et 170 tonnes de charbon \u00e0 coke. Ce minerai de fer et ce charbon \u00e0 coke doivent \u00eatre extraits et transport\u00e9s. Comment\u00a0? \u00c0 l&rsquo;aide d&rsquo;hydrocarbures. Et ces 260 tonnes d&rsquo;acier qui, elles aussi, sont fabriqu\u00e9es \u00e0 l&rsquo;aide d&rsquo;hydrocarbures, il faut ensuite les amener \u00e0 l&rsquo;endroit o\u00f9 l&rsquo;\u00e9olienne est construite. Cela se fait pareillement \u00e0 100% en consommant une quantit\u00e9 d&rsquo;hydrocarbures tr\u00e8s importante.<\/p>\n<p>Mais ce n&rsquo;est pas tout. Il faut ajouter \u00e0 cela les 2.000 tonnes de b\u00e9ton des fondations de l&rsquo;\u00e9olienne classique, \u00e0 savoir la \u00ab\u00a0Nordex N149\u00a0\u00bb de 5MW. C&rsquo;est autant de ciment et de sable qu&rsquo;il faut extraire et transporter sur place, puis couler. Or, cela se fait similairement en consommant des hydrocarbures en tr\u00e8s grande quantit\u00e9.<\/p>\n<p><img decoding=\"async\" data-entity-uuid=\"4672b4b9-21f7-4f8a-9a12-d7625c16c513\" data-entity-type=\"file\" alt=\"Fondation eolienne\" width=\"472\" height=\"800\" loading=\"lazy\" class=\"lazyload\" src=\"https:\/\/www.francesoir.fr\/sites\/default\/files\/inline-images\/image_77.png\"\/><\/p>\n<p>Et tout ceci qui plus est, \u00e0 un co\u00fbt qui lui aussi est \u00ab\u00a0h\u00e9naurme\u00a0\u00bb, compar\u00e9 \u00e0 la quantit\u00e9 d&rsquo;\u00e9lectricit\u00e9 produite par une \u00e9olienne. Co\u00fbt de fabrication, d&rsquo;entretien et de fonctionnement, l&rsquo;\u00e9lectricit\u00e9 produite par une \u00e9olienne est 10 fois plus ch\u00e8re que l&rsquo;\u00e9lectricit\u00e9 produite par le p\u00e9trole, et 30 fois plus ch\u00e8re que l&rsquo;\u00e9lectricit\u00e9 nucl\u00e9aire.<\/p>\n<p>Enfin, n&rsquo;oublions pas les nuisances que l&rsquo;utilisation des \u00e9oliennes causent \u00e0 l&rsquo;environnement, s&rsquo;agissant tant des animaux et des \u00eatres humains. Ces nuisances sont tellement graves et manifestes, qu&rsquo;elles sont dor\u00e9navant admises et reconnues par les autorit\u00e9s fran\u00e7aises. N\u00e9anmoins, les autorit\u00e9s fran\u00e7aises maintiennent leur politique d&rsquo;implantation d&rsquo;\u00e9oliennes, au nom de l&rsquo;\u00e9cologie.<\/p>\n<p>En fait, comme pour chacune des escroqueries \u00e9tatiques op\u00e9r\u00e9es en bandes parfaitement organis\u00e9es, les seules personnes \u00e0 qui l&rsquo;implantation des \u00e9oliennes profite, ce sont les personnes morales de droit priv\u00e9 qui concourent \u00e0 l&rsquo;implantation des \u00e9oliennes\u00a0: aci\u00e9ries, fabricants de b\u00e9ton, et constructeurs d&rsquo;\u00e9oliennes. Les grandes entreprises, toujours les m\u00eames, qui h\u00e9ritent des march\u00e9s publics nationaux. Ici ceux de l&rsquo;implantation des \u00e9oliennes\u00a0: Bouygues, Vestas Vestas, Siemens, etc.<\/p>\n<p>Et \u00e0 qui appartiennent ces grandes entreprises\u00a0? Aux grands patrons du CAC40.<\/p>\n<p>Et nos politiciens \u00e9tant les marionnettes des grands patrons du CAC 40, ils pondent des lois qui servent les int\u00e9r\u00eats de leurs marionnettistes.<\/p>\n<p>Au d\u00e9triment de qui\u00a0? Du peuple.<\/p>\n<p>Mais fort heureusement, le peuple n\u2019est plus dupe. En t\u00e9moigne ce sondage r\u00e9cent France-Soir\/BonSens.org\u00a0: <a target=\"_blank\" href=\"https:\/\/edition.francesoir.fr\/politique-france-societe-economie-sante-environnement\/confiance-dans-les-dirigeants-francais-le\">la confiance coule<\/a>\u00a0: pour <strong>77 %, le gouvernement fran\u00e7ais doit compl\u00e9tement revoir la politique sur le r\u00e9chauffement climatique<\/strong>\u00a0et\u00a0<strong>prendre en compte les avis divergents<\/strong> et pour 56 %, la loi sur les ZFE est discriminatoire contre les plus pauvres et doit \u00eatre annul\u00e9e.<\/p>\n<p>Il y a donc un r\u00e9el probl\u00e8me de fracture entre les Fran\u00e7ais et les politiques. Ce qui expliquerait <a target=\"_blank\" href=\"https:\/\/www.francesoir.fr\/politique-monde\/europe-en-crise-jd-vance-sonne-l-alarmante-derive-des-valeurs-democratiques\" target=\"_blank\">les mots durs, mais r\u00e9alistes du Vice-Pr\u00e9sident am\u00e9ricain JD Vance \u00e0 l\u2019\u00e9gard de la capacit\u00e9 des dirigeants \u00e0 \u00e9couter et \u00e0 repr\u00e9senter leur peuple<\/a>\u00a0: \u00ab\u00a0<em>La d\u00e9mocratie repose sur le principe sacr\u00e9 que la voix du peuple compte.<\/em>\u00a0\u00bb \u00ab\u00a0<em>Si nous refusons d&rsquo;\u00e9couter cette voix, m\u00eame nos combats les plus fructueux n&rsquo;aboutiront qu&rsquo;\u00e0 tr\u00e8s peu de choses<\/em>\u00a0\u00bb, a-t-il conclu.<\/p>\n<p>Alors mesdames, messieurs les dirigeants, quand allez-vous enfin \u00e9couter et repr\u00e9senter le peuple ?<\/p>\n<p><img decoding=\"async\" data-entity-uuid=\"15c00ea0-baf4-45f1-8102-1c87e164f91e\" data-entity-type=\"file\" alt=\"De qui se moque-t-on ?\" width=\"833\" height=\"558\" loading=\"lazy\" class=\"lazyload\" src=\"https:\/\/www.francesoir.fr\/sites\/default\/files\/inline-images\/image_78.png\"\/><\/p>\n<p>\u00a0<\/p>\n<\/div>\n<p><script>(function(d, s, id) {  var js, fjs = d.getElementsByTagName(s)[0];  if (d.getElementById(id)) return;  js = d.createElement(s); js.id = id;  js.src = \"\/\/connect.facebook.net\/fr_FR\/sdk.js#xfbml=1&version=v2.3\";  fjs.parentNode.insertBefore(js, fjs);}(document, \"script\", \"facebook-jssdk\"));<\/script><br \/>\n<br \/><br \/>\n<br \/><a href=\"https:\/\/www.francesoir.fr\/opinions-editos\/l-escrologie-pour-les-nuls-mesdames-messieurs-les-dirigeants-quand-allez-vous-enfin\" target=\"_blank\"\">Source link <\/a><\/p>\n","protected":false},"excerpt":{"rendered":"<p>Je vous avais d\u00e9j\u00e0 parl\u00e9 de \u00ab\u00a0l\u2019escrologie\u00a0\u00bb dans un \u00e9dito pr\u00e9c\u00e9dent\u00a0: \u00ab\u00a0l\u2019escrologie bat son plein\u00a0\u00bb. Et comme r\u00e9p\u00e9ter un message n\u2019alt\u00e8re en rien son contenu, j\u2019ai jug\u00e9 opportun d\u2019y revenir&hellip; <\/p>\n","protected":false},"author":1,"featured_media":2729,"comment_status":"open","ping_status":"open","sticky":false,"template":"","format":"standard","meta":{"footnotes":""},"categories":[1],"tags":[],"class_list":["post-2728","post","type-post","status-publish","format-standard","has-post-thumbnail","hentry","category-non-classe"],"_links":{"self":[{"href":"https:\/\/monde25.info\/index.php\/wp-json\/wp\/v2\/posts\/2728","targetHints":{"allow":["GET"]}}],"collection":[{"href":"https:\/\/monde25.info\/index.php\/wp-json\/wp\/v2\/posts"}],"about":[{"href":"https:\/\/monde25.info\/index.php\/wp-json\/wp\/v2\/types\/post"}],"author":[{"embeddable":true,"href":"https:\/\/monde25.info\/index.php\/wp-json\/wp\/v2\/users\/1"}],"replies":[{"embeddable":true,"href":"https:\/\/monde25.info\/index.php\/wp-json\/wp\/v2\/comments?post=2728"}],"version-history":[{"count":0,"href":"https:\/\/monde25.info\/index.php\/wp-json\/wp\/v2\/posts\/2728\/revisions"}],"wp:featuredmedia":[{"embeddable":true,"href":"https:\/\/monde25.info\/index.php\/wp-json\/wp\/v2\/media\/2729"}],"wp:attachment":[{"href":"https:\/\/monde25.info\/index.php\/wp-json\/wp\/v2\/media?parent=2728"}],"wp:term":[{"taxonomy":"category","embeddable":true,"href":"https:\/\/monde25.info\/index.php\/wp-json\/wp\/v2\/categories?post=2728"},{"taxonomy":"post_tag","embeddable":true,"href":"https:\/\/monde25.info\/index.php\/wp-json\/wp\/v2\/tags?post=2728"}],"curies":[{"name":"wp","href":"https:\/\/api.w.org\/{rel}","templated":true}]}}