{"id":27280,"date":"2026-05-02T06:04:42","date_gmt":"2026-05-02T04:04:42","guid":{"rendered":"https:\/\/monde25.info\/index.php\/2026\/05\/02\/bankable-le-handicap-par-louise-dumas-le-monde-diplomatique-mai-2026\/"},"modified":"2026-05-02T06:04:42","modified_gmt":"2026-05-02T04:04:42","slug":"bankable-le-handicap-par-louise-dumas-le-monde-diplomatique-mai-2026","status":"publish","type":"post","link":"https:\/\/monde25.info\/index.php\/2026\/05\/02\/bankable-le-handicap-par-louise-dumas-le-monde-diplomatique-mai-2026\/","title":{"rendered":"\u00ab Bankable \u00bb, le handicap ?, par Louise Dumas (Le Monde diplomatique, mai 2026)"},"content":{"rendered":"<p> <br \/>\n<\/p>\n<div couleurfade=\"fffce6\" couleurclaire=\"fef7cc\" couleurpale=\"f3e7a4\" couleurmi=\"caac01\" couleurfoncee=\"988100\" couleursombre=\"322b00\" couleurfond=\"7f784c\" couleurtexte=\"000000\">\n<figure class=\"spip_document_42117 spip_documents spip_documents_right\" style=\"float:right; width:200px;\">\n<div class=\"limage\">\n<p>\t\t\t<img loading=\"lazy\" decoding=\"async\" src=\"https:\/\/www.monde-diplomatique.fr\/local\/cache-vignettes\/L200xH267\/un-ptit-truc-en-plus-6867f.jpg?1776790820\" width=\"200\" height=\"267\" class=\"spip_logos\" alt=\"JPEG - 46.8\u00a0kio\"\/><\/p><\/div><figcaption>\n<\/figcaption><\/figure>\n<p><i><span class=\"mot-lettrine\"><span class=\"lettrine\">U<\/span>n<\/span> p\u2019tit truc en plus,<\/i> le premier film d\u2019Artus, sorti en 2024, racontait la rencontre de deux braqueurs en cavale, p\u00e8re et fils, avec des personnes en situation de handicap<span class=\"spip_note_ref\">\u00a0(<a target=\"_blank\" href=\"http:\/\/www.monde-diplomatique.fr\/2026\/05\/DUMAS\/69537#nb1\" class=\"spip_note\" rel=\"appendix\" title=\"Un p\u2019tit truc en plus, d\u2019Artus, est disponible en DVD (10 euros) ou Blu-ray\u00a0(\u2026)\" id=\"nh1\">1<\/a>)<\/span>. Avec plus de dix millions d\u2019entr\u00e9es, ce fut un succ\u00e8s spectaculaire, qui c\u00e9l\u00e9brait une inclusion enfin devenue \u00e9vidente, voire festive, ce qui donna \u00e0 penser qu\u2019un nouveau chapitre s\u2019ouvrait dans la repr\u00e9sentation du handicap, d\u2019autant que le film sugg\u00e9rait que tous, m\u00eame les plus convaincus d\u2019\u00eatre valides, nous aurions notre petit grain, quel qu\u2019il soit. La sortie simultan\u00e9e de <i>Sorda<\/i> et de <i>Caravane<\/i> confirme effectivement la pr\u00e9sence accrue \u2014 oserait-on dire <i>bankable<\/i><small class=\"fine\">\u00a0<\/small>? \u2014 du th\u00e8me dans le cin\u00e9ma r\u00e9cent. Qu\u2019elles rel\u00e8vent du cin\u00e9ma populaire ou du drame d\u2019auteur, ces productions t\u00e9moignent de sa visibilit\u00e9 nouvelle, \u00e0 travers un naturalisme qui n\u2019est pas tout \u00e0 fait sans ambigu\u00eft\u00e9, les r\u00f4les \u00e9tant confi\u00e9s \u00e0 des interpr\u00e8tes qui partagent l\u2019exp\u00e9rience du handicap repr\u00e9sent\u00e9.<\/p>\n<p>Pour autant, ces films ne c\u00e9l\u00e8brent pas vraiment l\u2019inclusion. Certes, ils ont en commun de se situer loin de l\u2019imaginaire hospitalier ou institutionnel pour privil\u00e9gier des d\u00e9cors ouverts et solaires\u00a0: g\u00eete perdu au c\u0153ur du Vercors, o\u00f9 aucun r\u00e9seau ne passe, dans <i>Un p\u2019tit truc en plus<\/i><small class=\"fine\">\u00a0<\/small>; \u00e9t\u00e9 calabrais dans <i>Caravane<\/i><small class=\"fine\">\u00a0<\/small>; Espagne rurale et lumineuse dans <i>Sorda.<\/i> Mais cette lumi\u00e8re estivale \u00e9claire en r\u00e9alit\u00e9 des formes de vie en retrait, des espaces o\u00f9 l\u2019\u00e9quilibre se construit \u00e0 distance du monde ordinaire.<\/p>\n<figure class=\"spip_document_42118 spip_documents spip_documents_right\" style=\"float:right; width:200px;\">\n<div class=\"limage\">\n<p>\t\t\t<img loading=\"lazy\" decoding=\"async\" src=\"https:\/\/www.monde-diplomatique.fr\/local\/cache-vignettes\/L200xH286\/sorda-82eaa.jpg?1776790820\" width=\"200\" height=\"286\" class=\"spip_logos\" alt=\"JPEG - 37.6\u00a0kio\"\/><\/p><\/div><figcaption>\n<\/figcaption><\/figure>\n<p>Pr\u00e9sent\u00e9 cette ann\u00e9e \u00e0 la Berlinale, o\u00f9 il a remport\u00e9 le prix du public de la section Panorama, <i>Sorda,<\/i> d\u2019Eva Libertad, a \u00e9t\u00e9 nomin\u00e9 pour repr\u00e9senter l\u2019Espagne aux Oscars<span class=\"spip_note_ref\">\u00a0(<a target=\"_blank\" href=\"http:\/\/www.monde-diplomatique.fr\/2026\/05\/DUMAS\/69537#nb2\" class=\"spip_note\" rel=\"appendix\" title=\"Sorda, d\u2019Eva Libertad, en salles le 29 avril.\" id=\"nh2\">2<\/a>)<\/span>. \u00c1ngela, jeune femme sourde, d\u00e9couvre ce que signifie devenir m\u00e8re dans un monde organis\u00e9 pour les entendants. Lorsqu\u2019elle apprend que sa fille en fera partie, on voit passer sur son visage \u00e0 la fois le soulagement et une ombre\u00a0: l\u2019enfant habitera un monde auquel elle, \u00c1ngela, n\u2019aura jamais pleinement acc\u00e8s. Le travail sonore du film rend perceptible la confrontation des deux univers\u00a0: dans le dernier tiers, il bascule vers la perception d\u2019\u00c1ngela, donnant \u00e0 entendre au spectateur, par la mise en sc\u00e8ne, la coexistence de deux r\u00e9gimes sensoriels.<\/p>\n<figure class=\"spip_document_42119 spip_documents spip_documents_right\" style=\"float:right; width:200px;\">\n<div class=\"limage\">\n<p>\t\t\t<img loading=\"lazy\" decoding=\"async\" src=\"https:\/\/www.monde-diplomatique.fr\/local\/cache-vignettes\/L200xH300\/caravane-18c72.jpg?1776790820\" width=\"200\" height=\"300\" class=\"spip_logos\" alt=\"JPEG - 25.2\u00a0kio\"\/><\/p><\/div><figcaption>\n<\/figcaption><\/figure>\n<p><i>Caravane<\/i> (2025), premier long-m\u00e9trage de la r\u00e9alisatrice tch\u00e8que Zuzana Kirchnerov\u00e1, explore la relation entre une m\u00e8re et son fils trisomique<span class=\"spip_note_ref\">\u00a0(<a target=\"_blank\" href=\"http:\/\/www.monde-diplomatique.fr\/2026\/05\/DUMAS\/69537#nb3\" class=\"spip_note\" rel=\"appendix\" title=\"Caravane, de Zuzana Kirchnerov\u00e1-Spidlova, en salles le 22 avril.\" id=\"nh3\">3<\/a>)<\/span>. \u00c0 bord d\u2019une caravane, ils vont voyager en Italie, et comme souvent dans le road movie, qui met traditionnellement en sc\u00e8ne des personnages en rupture de ban, le mouvement est moins une promesse d\u2019\u00e9vasion que le signe d\u2019une impossible int\u00e9gration. Le duo est entra\u00een\u00e9 dans une spirale de pr\u00e9carit\u00e9 mat\u00e9rielle et sociale, mais aussi affective et sexuelle pour la m\u00e8re, qui affleure derri\u00e8re les paysages d\u2019une Calabre sans glamour, faite d\u2019aires d\u2019autoroute, de fermes isol\u00e9es et de parkings p\u00e9riph\u00e9riques peupl\u00e9s par des d\u00e9class\u00e9s de tous bords.<\/p>\n<figure class=\"spip_document_42120 spip_documents spip_documents_right\" style=\"float:right; width:200px;\">\n<div class=\"limage\">\n<p>\t\t\t<img loading=\"lazy\" decoding=\"async\" src=\"https:\/\/www.monde-diplomatique.fr\/local\/cache-vignettes\/L200xH272\/qui-brille-au-combat-036a1.jpg?1776790820\" width=\"200\" height=\"272\" class=\"spip_logos\" alt=\"JPEG - 31.3\u00a0kio\"\/><\/p><\/div><figcaption>\n<\/figcaption><\/figure>\n<p>Le motif de la maternit\u00e9 appara\u00eet ainsi comme un puissant dispositif narratif autant que symbolique\u00a0: peut-\u00eatre la seule relation assez forte pour faire coexister deux mondes perceptifs <i>(Sorda)<\/i> ou pour construire, co\u00fbte que co\u00fbte, un espace habitable \u00e0 deux <i>(Caravane).<\/i> Un autre trait rapproche ces films\u00a0: la proximit\u00e9 de leurs auteures avec leur sujet. Eva Libertad a \u00e9crit <i>Sorda<\/i> pour sa s\u0153ur, l\u2019actrice sourde Miriam Garlo<small class=\"fine\">\u00a0<\/small>; Zuzana Kirchnerov\u00e1 s\u2019inspire de son exp\u00e9rience de m\u00e8re d\u2019un enfant autiste. La repr\u00e9sentation du handicap, devenu plus visible mais aussi plus scrut\u00e9, semble peut-\u00eatre appeler d\u00e9sormais une forme de l\u00e9gitimit\u00e9 fond\u00e9e sur l\u2019exp\u00e9rience<span class=\"spip_note_ref\">\u00a0(<a target=\"_blank\" href=\"http:\/\/www.monde-diplomatique.fr\/2026\/05\/DUMAS\/69537#nb4\" class=\"spip_note\" rel=\"appendix\" title=\"Le film Qui brille au combat, de Jos\u00e9phine Japy, inspir\u00e9 par la s\u0153ur de la\u00a0(\u2026)\" id=\"nh4\">4<\/a>)<\/span>.<\/p>\n<p>\u00c0 l\u2019heure o\u00f9 le vivre-ensemble est devenu un mot d\u2019ordre, le paradoxe est l\u00e0\u00a0: ces films rencontrent un large \u00e9cho, tout en d\u00e9crivant des existences souvent contraintes de s\u2019organiser en marge. Ce cin\u00e9ma c\u00e9l\u00e8bre moins l\u2019int\u00e9gration qu\u2019il n\u2019observe les arrangements fragiles de ces vies sous la lumi\u00e8re d\u2019un \u00e9t\u00e9 plus aveuglant que doux.<\/p>\n<\/p><\/div>\n<p><br \/>\n<br \/><a href=\"https:\/\/www.monde-diplomatique.fr\/2026\/05\/DUMAS\/69537\" target=\"_blank\"\">Source link <\/a><\/p>\n","protected":false},"excerpt":{"rendered":"<p>Un p\u2019tit truc en plus, le premier film d\u2019Artus, sorti en 2024, racontait la rencontre de deux braqueurs en cavale, p\u00e8re et fils, avec des personnes en situation de handicap\u00a0(1).&hellip; <\/p>\n","protected":false},"author":1,"featured_media":27281,"comment_status":"open","ping_status":"open","sticky":false,"template":"","format":"standard","meta":{"footnotes":""},"categories":[1],"tags":[],"class_list":["post-27280","post","type-post","status-publish","format-standard","has-post-thumbnail","hentry","category-non-classe"],"_links":{"self":[{"href":"https:\/\/monde25.info\/index.php\/wp-json\/wp\/v2\/posts\/27280","targetHints":{"allow":["GET"]}}],"collection":[{"href":"https:\/\/monde25.info\/index.php\/wp-json\/wp\/v2\/posts"}],"about":[{"href":"https:\/\/monde25.info\/index.php\/wp-json\/wp\/v2\/types\/post"}],"author":[{"embeddable":true,"href":"https:\/\/monde25.info\/index.php\/wp-json\/wp\/v2\/users\/1"}],"replies":[{"embeddable":true,"href":"https:\/\/monde25.info\/index.php\/wp-json\/wp\/v2\/comments?post=27280"}],"version-history":[{"count":0,"href":"https:\/\/monde25.info\/index.php\/wp-json\/wp\/v2\/posts\/27280\/revisions"}],"wp:featuredmedia":[{"embeddable":true,"href":"https:\/\/monde25.info\/index.php\/wp-json\/wp\/v2\/media\/27281"}],"wp:attachment":[{"href":"https:\/\/monde25.info\/index.php\/wp-json\/wp\/v2\/media?parent=27280"}],"wp:term":[{"taxonomy":"category","embeddable":true,"href":"https:\/\/monde25.info\/index.php\/wp-json\/wp\/v2\/categories?post=27280"},{"taxonomy":"post_tag","embeddable":true,"href":"https:\/\/monde25.info\/index.php\/wp-json\/wp\/v2\/tags?post=27280"}],"curies":[{"name":"wp","href":"https:\/\/api.w.org\/{rel}","templated":true}]}}