{"id":27282,"date":"2026-05-02T06:37:46","date_gmt":"2026-05-02T04:37:46","guid":{"rendered":"https:\/\/monde25.info\/index.php\/2026\/05\/02\/leurope-na-jamais-autant-brule-quen-2025-alertent-les-scientifiques\/"},"modified":"2026-05-02T06:37:46","modified_gmt":"2026-05-02T04:37:46","slug":"leurope-na-jamais-autant-brule-quen-2025-alertent-les-scientifiques","status":"publish","type":"post","link":"https:\/\/monde25.info\/index.php\/2026\/05\/02\/leurope-na-jamais-autant-brule-quen-2025-alertent-les-scientifiques\/","title":{"rendered":"L&#039;Europe n&#039;a jamais autant br\u00fbl\u00e9 qu&#039;en 2025, alertent les scientifiques"},"content":{"rendered":"<p> <br \/>\n<br \/><img loading=\"lazy\" decoding=\"async\" src=\"https:\/\/reporterre.net\/local\/cache-vignettes\/L700xH467\/afp__20250819__2230891240__v1__highres__heatwavecauseswildfiresacrossgalicia_resized-6c93d.jpg?1777428002\" class=\"spip_logo\" width=\"700\" height=\"467\" alt=\"\" \/><\/p>\n<p>Fonte des glaces, canicules marines, feux g\u00e9ants&#8230; L&rsquo;Europe a enregistr\u00e9 nombre de records en termes de ph\u00e9nom\u00e8nes catastrophiques en 2025 dus au r\u00e9chauffement climatique, selon un rapport publi\u00e9 le 29\u00a0avril. <br class=\"autobr\" \/> En ao\u00fbt 2025, un m\u00e9gafeu d&rsquo;une intensit\u00e9 inou\u00efe avait ravag\u00e9 le massif des Corbi\u00e8res, dans l&rsquo;Aude. Cette catastrophe pourrait faire office d&rsquo;all\u00e9gorie pour l&rsquo;ann\u00e9e climatique \u00e9coul\u00e9e en Europe. \u00c0 l&rsquo;\u00e9chelle du continent, 2025 a battu d&rsquo;effrayants records\u00a0: fonte des glaces, canicules\u00a0(\u2026)<\/p>\n<p>                    <a target=\"_blank\" href=\"https:\/\/reporterre.net\/L-Europe-n-a-jamais-autant-brule-qu-en-2025-alertent-les-scientifiques?utm_source=RSS&amp;utm_medium=RSS\">Lire la suite<\/a><\/p>\n<p>                    &#8211;<br \/>\n                        <a target=\"_blank\" href=\"https:\/\/reporterre.net\/Autres-infos\" rel=\"directory\">Info<\/a><\/p>\n<p>                    \/<br \/>\n                        <a target=\"_blank\" href=\"https:\/\/reporterre.net\/Climat-18\" rel=\"tag\">Climat <\/a><br \/>\n<br \/><br \/>\n<br \/><a href=\"https:\/\/reporterre.net\/L-Europe-n-a-jamais-autant-brule-qu-en-2025-alertent-les-scientifiques\" target=\"_blank\"\">Source link <\/a><\/p>\n","protected":false},"excerpt":{"rendered":"<p>Fonte des glaces, canicules marines, feux g\u00e9ants&#8230; L&rsquo;Europe a enregistr\u00e9 nombre de records en termes de ph\u00e9nom\u00e8nes catastrophiques en 2025 dus au r\u00e9chauffement climatique, selon un rapport publi\u00e9 le 29\u00a0avril.&hellip; <\/p>\n","protected":false},"author":1,"featured_media":0,"comment_status":"open","ping_status":"open","sticky":false,"template":"","format":"standard","meta":{"footnotes":""},"categories":[1],"tags":[],"class_list":["post-27282","post","type-post","status-publish","format-standard","hentry","category-non-classe"],"_links":{"self":[{"href":"https:\/\/monde25.info\/index.php\/wp-json\/wp\/v2\/posts\/27282","targetHints":{"allow":["GET"]}}],"collection":[{"href":"https:\/\/monde25.info\/index.php\/wp-json\/wp\/v2\/posts"}],"about":[{"href":"https:\/\/monde25.info\/index.php\/wp-json\/wp\/v2\/types\/post"}],"author":[{"embeddable":true,"href":"https:\/\/monde25.info\/index.php\/wp-json\/wp\/v2\/users\/1"}],"replies":[{"embeddable":true,"href":"https:\/\/monde25.info\/index.php\/wp-json\/wp\/v2\/comments?post=27282"}],"version-history":[{"count":0,"href":"https:\/\/monde25.info\/index.php\/wp-json\/wp\/v2\/posts\/27282\/revisions"}],"wp:attachment":[{"href":"https:\/\/monde25.info\/index.php\/wp-json\/wp\/v2\/media?parent=27282"}],"wp:term":[{"taxonomy":"category","embeddable":true,"href":"https:\/\/monde25.info\/index.php\/wp-json\/wp\/v2\/categories?post=27282"},{"taxonomy":"post_tag","embeddable":true,"href":"https:\/\/monde25.info\/index.php\/wp-json\/wp\/v2\/tags?post=27282"}],"curies":[{"name":"wp","href":"https:\/\/api.w.org\/{rel}","templated":true}]}}