{"id":27283,"date":"2026-05-02T07:10:37","date_gmt":"2026-05-02T05:10:37","guid":{"rendered":"https:\/\/monde25.info\/index.php\/2026\/05\/02\/macron-fossiles-et-pollution-les-10-infos-de-la-semaine\/"},"modified":"2026-05-02T07:10:37","modified_gmt":"2026-05-02T05:10:37","slug":"macron-fossiles-et-pollution-les-10-infos-de-la-semaine","status":"publish","type":"post","link":"https:\/\/monde25.info\/index.php\/2026\/05\/02\/macron-fossiles-et-pollution-les-10-infos-de-la-semaine\/","title":{"rendered":"Macron, fossiles et pollution : les 10 infos de la semaine"},"content":{"rendered":"<p> <br \/>\n<\/p>\n<div style=\"margin-top: 0px;margin-bottom: 0px\" class=\"sharethis-inline-share-buttons\"><\/div>\n<p>Vous n&rsquo;avez pas eu le temps de suivre l&rsquo;actu ? Voici 10 infos \u00e0 ne surtout pas manquer cette semaine.<\/p>\n<p><span id=\"more-1718442\"><\/span><\/p>\n<section class=\"text-token-text-primary w-full focus:outline-none [--shadow-height:45px] has-data-writing-block:pointer-events-none has-data-writing-block:-mt-(--shadow-height) has-data-writing-block:pt-(--shadow-height) [&amp;:has([data-writing-block])&gt;*]:pointer-events-auto R6Vx5W_threadScrollVars scroll-mb-[calc(var(--scroll-root-safe-area-inset-bottom,0px)+var(--thread-response-height))] scroll-mt-(--header-height)\" dir=\"auto\" data-turn-id=\"a06d8975-97e8-43c9-b0fe-2b2616774685\" data-testid=\"conversation-turn-5\" data-scroll-anchor=\"false\" data-turn=\"user\"><\/section>\n<section class=\"text-token-text-primary w-full focus:outline-none [--shadow-height:45px] has-data-writing-block:pointer-events-none has-data-writing-block:-mt-(--shadow-height) has-data-writing-block:pt-(--shadow-height) [&amp;:has([data-writing-block])&gt;*]:pointer-events-auto [content-visibility:auto] supports-[content-visibility:auto]:[contain-intrinsic-size:auto_100lvh] R6Vx5W_threadScrollVars scroll-mb-[calc(var(--scroll-root-safe-area-inset-bottom,0px)+var(--thread-response-height))] scroll-mt-[calc(var(--header-height)+min(200px,max(70px,20svh)))]\" dir=\"auto\" data-turn-id=\"request-WEB:1a2182aa-5749-4329-a344-382f757027e7-2\" data-testid=\"conversation-turn-6\" data-scroll-anchor=\"false\" data-turn=\"assistant\">\n<div class=\"text-base my-auto mx-auto pb-10 [--thread-content-margin:var(--thread-content-margin-xs,calc(var(--spacing)*4))] @w-sm\/main:[--thread-content-margin:var(--thread-content-margin-sm,calc(var(--spacing)*6))] @w-lg\/main:[--thread-content-margin:var(--thread-content-margin-lg,calc(var(--spacing)*16))] px-(--thread-content-margin)\">\n<div class=\"[--thread-content-max-width:40rem] @w-lg\/main:[--thread-content-max-width:48rem] mx-auto max-w-(--thread-content-max-width) flex-1 group\/turn-messages focus-visible:outline-hidden relative flex w-full min-w-0 flex-col agent-turn\">\n<div class=\"flex max-w-full flex-col gap-4 grow\">\n<div class=\"min-h-8 text-message relative flex w-full flex-col items-end gap-2 text-start break-words whitespace-normal outline-none keyboard-focused:focus-ring [.text-message+&amp;]:mt-1\" dir=\"auto\" data-message-author-role=\"assistant\" data-message-id=\"a1a94e3f-a8e8-4131-bae6-11fc4b4de75f\" data-message-model-slug=\"gpt-5-3\" data-turn-start-message=\"true\">\n<div class=\"flex w-full flex-col gap-1 empty:hidden\">\n<div class=\"markdown prose dark:prose-invert w-full wrap-break-word light markdown-new-styling\">\n<h2 data-start=\"0\" data-end=\"61\"><strong data-start=\"0\" data-end=\"59\">1. Dix ans de macronisme : la sant\u00e9 au travail au plus bas<\/strong><\/h2>\n<p data-start=\"63\" data-end=\"409\" data-is-last-node=\"\" data-is-only-node=\"\">\u00c0 l\u2019occasion de la journ\u00e9e mondiale du 28 avril,<strong> le bilan des deux quinquennats d\u2019Emmanuel <a target=\"_blank\" href=\"https:\/\/mrmondialisation.org\/ps-macronie-gauche-voie-rn\/\">Macron<\/a> est jug\u00e9 tr\u00e8s n\u00e9gatif :<\/strong> les indicateurs de sant\u00e9 et s\u00e9curit\u00e9 au travail se d\u00e9gradent fortement. <strong>La hausse des morts au travail<\/strong>, d\u00e9j\u00e0 d\u00e9nonc\u00e9e lors de la r\u00e9forme des <a target=\"_blank\" href=\"https:\/\/mrmondialisation.org\/capitalisation-fin-age-retraite\/\">retraites<\/a>, relance les critiques sur la responsabilit\u00e9 politique. <em data-start=\"394\" data-end=\"409\" data-is-last-node=\"\">(<a target=\"_blank\" href=\"https:\/\/www.mediapart.fr\/journal\/economie-et-social\/280426\/sante-et-securite-au-travail-le-terrible-bilan-de-dix-ans-de-macronisme\">Mediapart<\/a>)<\/em><\/p>\n<h2 data-start=\"63\" data-end=\"409\"><strong>2.<\/strong> <strong>Sortie des fossiles : la France fixe son calendrier<\/strong><\/h2>\n<p>Lors d\u2019un sommet international en Colombie, <strong>la France officialise sa trajectoire : fin du charbon en 2030, du p\u00e9trole en 2045 et du gaz fossile d\u2019ici 2050.<\/strong> Cette annonce s\u2019inscrit dans une initiative de pays volontaires pour relancer la sortie des \u00e9nergies fossiles, sans les grands \u00e9metteurs absents des discussions. <em>(<a target=\"_blank\" href=\"https:\/\/vert.eco\/articles\/fin-du-petrole-en-2045-du-gaz-en-2050-en-colombie-la-france-officialise-sa-trajectoire-de-sortie-des-energies-fossiles\">Vert<\/a>)<\/em><\/p>\n<h2><strong>3.\u00a0<\/strong><strong>Los Angeles limite les \u00e9crans \u00e0 l\u2019\u00e9cole<\/strong><\/h2>\n<p><strong>Le district scolaire de Los Angeles a vot\u00e9 pour restreindre l\u2019usage des ordinateurs et tablettes en classe, notamment pour les plus jeunes,<\/strong> apr\u00e8s une mobilisation de parents d\u00e9non\u00e7ant leurs effets sur l\u2019attention et les r\u00e9sultats scolaires. La mesure doit entrer en vigueur en 2026. (<a target=\"_blank\" href=\"https:\/\/www.theguardian.com\/us-news\/2026\/apr\/22\/los-angeles-school-district-screen-time\">The Guardian<\/a>)<\/p>\n<p><strong style=\"color: #111111;font-family: Roboto, sans-serif;font-size: 27px\">4. Des \u00e9trangers exploit\u00e9s par la p\u00eache bretonne<\/strong><\/p>\n<p>Face \u00e0 la crise et au manque de main-d\u2019\u0153uvre, <strong>la p\u00eache bretonne recourt massivement \u00e0 des marins \u00e9trangers, notamment indon\u00e9siens, souvent moins pay\u00e9s et soumis \u00e0 des conditions d\u00e9grad\u00e9es.<\/strong> Entre assouplissement des r\u00e8gles sociales, discrimination salariale et absence de syndicats, un mod\u00e8le d\u2019exploitation semble s\u2019installer. <em>(<a target=\"_blank\" href=\"https:\/\/splann.org\/enquete\/peche\/matelots-indonesiens-en-bretagne-une-main-doeuvre-corveable-a-merci\/\">Splann !<\/a>)<\/em><\/p>\n<h2><strong>5. Mort au travail chez Lustucru : un accident apr\u00e8s des alertes ignor\u00e9es<\/strong><\/h2>\n<p><strong>Un int\u00e9rimaire de 22 ans est mort happ\u00e9 par une machine dans une usine Lustucru pr\u00e8s de Lyon, quelques mois apr\u00e8s son embauche.<\/strong> Le site, d\u00e9j\u00e0 condamn\u00e9 en 2025 pour \u00ab <em>faute inexcusable<\/em> \u00bb, avait fait l\u2019objet de plusieurs alertes de s\u00e9curit\u00e9 rest\u00e9es sans r\u00e9ponse. <em>(<a target=\"_blank\" href=\"https:\/\/www.rue89lyon.fr\/2026\/04\/28\/mort-au-travail-lustucru-securite-du-site-de-saint-genois-priorite-absolue\/\">Rue89Lyon<\/a>)<\/em><\/p>\n<h2><strong>6. Cosm\u00e9tiques : des substances nocives toujours pr\u00e9sentes malgr\u00e9 les interdictions<\/strong><\/h2>\n<p><a target=\"_blank\" href=\"https:\/\/www.sciencedirect.com\/science\/article\/pii\/S0160412026002011?via%3Dihub\">Une \u00e9tude<\/a> montre qu\u2019<strong>en r\u00e9duisant l\u2019usage de cosm\u00e9tiques, l\u2019exposition \u00e0 des substances chimiques dangereuses chute rapidement.<\/strong> Pourtant, malgr\u00e9 les risques av\u00e9r\u00e9s, la r\u00e9glementation europ\u00e9enne pourrait \u00eatre assouplie sous pression des industriels, retardant leur retrait du march\u00e9. <em>(<a target=\"_blank\" href=\"https:\/\/bonpote.com\/cosmetiques-pourquoi-il-faut-faire-le-tri-dans-votre-salle-de-bain\/\">Bon Pote<\/a>)<\/em><\/p>\n<h2><strong>7. \u00c9conomie sociale et solidaire : plus de 10 000 emplois d\u00e9truits en 2025<\/strong><\/h2>\n<p><strong>Le secteur de l\u2019ESS enregistre une perte nette de plus de 10 000 emplois en 2025, particuli\u00e8rement marqu\u00e9e dans les associations.<\/strong> Fragilis\u00e9es par la baisse des financements publics, <strong>plusieurs activit\u00e9s essentielles comme la culture ou l\u2019aide \u00e0 domicile sont menac\u00e9es.<\/strong> <em>(<a target=\"_blank\" href=\"https:\/\/www.carenews.com\/carenews-info\/news\/l-economie-sociale-et-solidaire-a-perdu-10-000-emplois-en-2025\">Carenews<\/a>)<\/em><\/p>\n<h2><strong>8. Cancers d\u2019enfants \u00e0 La Rochelle : des pesticides dans le viseur<\/strong><\/h2>\n<p><strong>Plusieurs zones autour de La Rochelle pr\u00e9sentent un nombre anormalement \u00e9lev\u00e9 de cancers chez les jeunes, suscitant des enqu\u00eates sur l\u2019usage de pesticides interdits.<\/strong> Des traces de ces substances ont \u00e9t\u00e9 retrouv\u00e9es chez des enfants, renfor\u00e7ant les inqui\u00e9tudes sur un lien avec l\u2019environnement. <em>(<a target=\"_blank\" href=\"https:\/\/lareleveetlapeste.fr\/a-la-rochelle-des-clusters-de-cancers-chez-les-enfants-seraient-causes-par-les-pesticides\/\">La Rel\u00e8ve et la Peste<\/a>)<\/em><\/p>\n<h2><strong>9. <a target=\"_blank\" href=\"https:\/\/mrmondialisation.org\/climat-128-desinformation-mediatique\/\">Climat<\/a> : l\u2019Europe se r\u00e9chauffe deux fois plus vite que le monde<\/strong><\/h2>\n<p>Selon un rapport de l\u2019ONU, <strong>l\u2019Europe conna\u00eet un r\u00e9chauffement acc\u00e9l\u00e9r\u00e9, avec des records de chaleur, de s\u00e9cheresse et d\u2019incendies en 2025.<\/strong> Cette hausse rapide entra\u00eene <strong>fonte des glaciers, recul de la neige et pressions accrues sur les \u00e9cosyst\u00e8mes, malgr\u00e9 une progression des \u00e9nergies renouvelables.<\/strong> <em>(<a target=\"_blank\" href=\"https:\/\/www.ungeneva.org\/fr\/news-media\/news\/2026\/04\/118127\/climat-leurope-se-rechauffe-deux-fois-plus-vite-que-la-moyenne#:~:text=Ce%20continent%20se%20r%C3%A9chauffe%20deux,superficie%20br%C3%BBl%C3%A9e%20par%20les%20incendies.\">ONU Info<\/a>)<\/em><\/p>\n<h2><strong>10.CRA : la s\u00e9curit\u00e9 priv\u00e9e s\u2019impose, au risque d\u2019une d\u00e9rive carc\u00e9rale<\/strong><\/h2>\n<p><strong>L\u2019\u00c9tat g\u00e9n\u00e9ralise le recours \u00e0 des agents de s\u00e9curit\u00e9 priv\u00e9e dans les centres de r\u00e9tention administrative, comme \u00e0 Toulouse.<\/strong> Cette externalisation soul\u00e8ve des inqui\u00e9tudes sur le cadre l\u00e9gal et sur une logique de s\u00e9curisation renforc\u00e9e, assimil\u00e9e \u00e0 une \u00ab<em> carc\u00e9ralisation<\/em> \u00bb des lieux. <em>(<a target=\"_blank\" href=\"https:\/\/www.politis.fr\/articles\/2026\/04\/enquete-comment-letat-systematise-la-securite-privee-dans-les-cra\/\">Politis<\/a>)<\/em><\/p>\n<\/div>\n<p>* Visuel de couverture : <a target=\"_blank\" href=\"https:\/\/commons.wikimedia.org\/wiki\/File:Emmanuel_Macron,_2017.06.22_(02).jpg\">wikicommons<\/a><\/p>\n<div class=\"markdown prose dark:prose-invert w-full wrap-break-word light markdown-new-styling\">\n<p style=\"text-align: right\"><em>&#8211;\u00a0 Mauricette Baelen<\/em><\/p>\n<\/div>\n<\/div>\n<\/div>\n<\/div>\n<\/div>\n<\/div>\n<\/section>\n<p>The post <a target=\"_blank\" href=\"https:\/\/mrmondialisation.org\/macron-fossiles-et-pollution-les-10-infos-de-la-semaine\/\">Macron, fossiles et pollution : les 10 infos de la semaine<\/a> first appeared on <a target=\"_blank\" href=\"https:\/\/mrmondialisation.org\">Mr Mondialisation<\/a>.<br \/>\n<br \/><br \/>\n<br \/><a href=\"https:\/\/mrmondialisation.org\/macron-fossiles-et-pollution-les-10-infos-de-la-semaine\/\" target=\"_blank\"\">Source link <\/a><\/p>\n","protected":false},"excerpt":{"rendered":"<p>Vous n&rsquo;avez pas eu le temps de suivre l&rsquo;actu ? Voici 10 infos \u00e0 ne surtout pas manquer cette semaine. 1. Dix ans de macronisme : la sant\u00e9 au travail&hellip; <\/p>\n","protected":false},"author":1,"featured_media":27284,"comment_status":"open","ping_status":"open","sticky":false,"template":"","format":"standard","meta":{"footnotes":""},"categories":[1],"tags":[],"class_list":["post-27283","post","type-post","status-publish","format-standard","has-post-thumbnail","hentry","category-non-classe"],"_links":{"self":[{"href":"https:\/\/monde25.info\/index.php\/wp-json\/wp\/v2\/posts\/27283","targetHints":{"allow":["GET"]}}],"collection":[{"href":"https:\/\/monde25.info\/index.php\/wp-json\/wp\/v2\/posts"}],"about":[{"href":"https:\/\/monde25.info\/index.php\/wp-json\/wp\/v2\/types\/post"}],"author":[{"embeddable":true,"href":"https:\/\/monde25.info\/index.php\/wp-json\/wp\/v2\/users\/1"}],"replies":[{"embeddable":true,"href":"https:\/\/monde25.info\/index.php\/wp-json\/wp\/v2\/comments?post=27283"}],"version-history":[{"count":0,"href":"https:\/\/monde25.info\/index.php\/wp-json\/wp\/v2\/posts\/27283\/revisions"}],"wp:featuredmedia":[{"embeddable":true,"href":"https:\/\/monde25.info\/index.php\/wp-json\/wp\/v2\/media\/27284"}],"wp:attachment":[{"href":"https:\/\/monde25.info\/index.php\/wp-json\/wp\/v2\/media?parent=27283"}],"wp:term":[{"taxonomy":"category","embeddable":true,"href":"https:\/\/monde25.info\/index.php\/wp-json\/wp\/v2\/categories?post=27283"},{"taxonomy":"post_tag","embeddable":true,"href":"https:\/\/monde25.info\/index.php\/wp-json\/wp\/v2\/tags?post=27283"}],"curies":[{"name":"wp","href":"https:\/\/api.w.org\/{rel}","templated":true}]}}