{"id":27289,"date":"2026-05-02T08:49:40","date_gmt":"2026-05-02T06:49:40","guid":{"rendered":"https:\/\/monde25.info\/index.php\/2026\/05\/02\/olivier-faure-enfarine-defense-du-jour-chome-un-premier-mai-2026-combattif-a-gauche-rt-en-francais\/"},"modified":"2026-05-02T08:49:40","modified_gmt":"2026-05-02T06:49:40","slug":"olivier-faure-enfarine-defense-du-jour-chome-un-premier-mai-2026-combattif-a-gauche-rt-en-francais","status":"publish","type":"post","link":"https:\/\/monde25.info\/index.php\/2026\/05\/02\/olivier-faure-enfarine-defense-du-jour-chome-un-premier-mai-2026-combattif-a-gauche-rt-en-francais\/","title":{"rendered":"Olivier Faure enfarin\u00e9, d\u00e9fense du jour ch\u00f4m\u00e9, un Premier mai 2026 combattif \u00e0 gauche \u2014 RT en fran\u00e7ais"},"content":{"rendered":"<p> <br \/>\n<br \/><img decoding=\"async\" src=\"https:\/\/mf.b37mrtl.ru\/french\/images\/2026.05\/thumbnail\/69f4a9936f7ccc25c80b7ae4.jpg\" \/><\/p>\n<div>\n<p class=\"text__summary\">\n                                        Alors que le gouvernement veut assouplir le travail salari\u00e9 le 1er mai, les cort\u00e8ges syndicaux se mobilisent pour d\u00e9fendre une journ\u00e9e \u00abf\u00e9ri\u00e9e et ch\u00f4m\u00e9e\u00bb. Pouvoir d\u2019achat, salaires, carburants et \u00abvol du 1er mai\u00bb dominent cette \u00e9dition 2026.\n                                    <\/p>\n<p>Le 1er mai 2026 prend une tonalit\u00e9 plus politique qu\u2019\u00e0 l\u2019accoutum\u00e9e. Au-del\u00e0 des traditionnels mots d\u2019ordre sociaux, les syndicats veulent faire barrage aux tentatives d\u2019\u00e9largir le travail salari\u00e9 dans certains commerces, notamment les boulangeries et fleuristes.<\/p>\n<h2>\u00ab\u00a0Pas touche\u00a0\u00bb au 1er mai, syndicats et partis de gauche mobilis\u00e9s<\/h2>\n<p>Pr\u00e8s de 320 manifestations \u00e9taient pr\u00e9vues dans le pays, avec un peu plus de 100 000 participants attendus selon le ministre de l\u2019Int\u00e9rieur Laurent Nu\u00f1ez. \u00c0 Lyon, la pr\u00e9fecture a recens\u00e9 6 500 manifestants, dans un cort\u00e8ge globalement calme malgr\u00e9 la pr\u00e9sence de quelques dizaines de black blocs, des tirs de mortiers et quatre interpellations.<\/p>\n<p>\u00c0 Paris, le cort\u00e8ge s\u2019est \u00e9lanc\u00e9 de la place de la R\u00e9publique vers Nation, avec les responsables syndicaux en premi\u00e8re ligne. La CGT et la CFDT ont centr\u00e9 leur discours sur la d\u00e9fense du 1er mai ch\u00f4m\u00e9, apr\u00e8s les initiatives du gouvernement et de Gabriel Attal en faveur d\u2019une ouverture encadr\u00e9e de certains commerces.<\/p>\n<p>Sophie Binet, secr\u00e9taire g\u00e9n\u00e9rale de la CGT, a d\u00e9nonc\u00e9 une \u00ab\u00a0insulte \u00e0 l\u2019histoire ouvri\u00e8re\u00a0\u00bb et accus\u00e9 la \u00ab\u00a0cacophonie gouvernementale\u00a0\u00bb d\u2019avoir laiss\u00e9 libre cours \u00e0 la \u00ab\u00a0d\u00e9linquance patronale\u00a0\u00bb <a target=\"_blank\" href=\"https:\/\/francais.rt.com\/france\/133739-travail-1er-mai-offensive-centre\">citant des responsables centristes qui font campagne pour le travail du 1er mai dont Gabriel Attal et Bruno Retailleau<\/a>.<\/p>\n<div class=\"rtcode\">\n<blockquote class=\"twitter-tweet\">\n<p lang=\"fr\" dir=\"ltr\">1er-Mai : \u201cEn voulant nous voler le 1er mai, Attal, Bardella, Retailleau et leurs amis ont fait une insulte \u00e0 l&rsquo;histoire ouvri\u00e8re.\u201d Sophie Binet, secr\u00e9taire g\u00e9n\u00e9rale de la CGT, rend hommage \u00e0 Maria Blondeau, une des neuf ouvriers gr\u00e9vistes assassin\u00e9s le 1er mai 1891 \u00e0 Fourmies. <a target=\"_blank\" href=\"https:\/\/t.co\/lB9kD8Kkhf\">pic.twitter.com\/lB9kD8Kkhf<\/a><\/p>\n<p>\u2014 France Inter (@franceinter) <a target=\"_blank\" href=\"https:\/\/twitter.com\/franceinter\/status\/2050111102915055734?ref_src=twsrc%5Etfw\">May 1, 2026<\/a><\/p><\/blockquote>\n<\/div>\n<p><a target=\"_blank\" href=\"https:\/\/x.com\/franceinter\/status\/2050111102915055734?s=20\"\/>Elle r\u00e9clame aussi un blocage des prix du carburant, une hausse imm\u00e9diate de 5% du Smic et l\u2019indexation des salaires sur les prix.<\/p>\n<p>Marylise L\u00e9on, pour la CFDT, a fustig\u00e9 la visite de S\u00e9bastien Lecornu et de Gabriel Attal chez des boulangers comme une \u00ab\u00a0politique spectacle\u00a0\u00bb. Fran\u00e7ois Ruffin, sur BFMTV-RMC, a d\u00e9fendu le 1er mai comme un \u00ab\u00a0rite\u00a0\u00bb et une \u00ab\u00a0tradition\u00a0\u00bb.<\/p>\n<p>La gauche politique a aussi investi la journ\u00e9e. Jean-Luc M\u00e9lenchon a rappel\u00e9 que le 1er mai \u00e9tait \u00ab\u00a0une journ\u00e9e de lutte\u00a0\u00bb, avant d\u2019appeler \u00e0 \u00ab\u00a0tourner la page\u00a0\u00bb Emmanuel Macron et <a target=\"_blank\" href=\"https:\/\/francais.rt.com\/france\/133697-totalenergies-coeur-tempete-politique-autour-superprofits\">\u00e0 taxer les profits de TotalEnergies<\/a> : \u00ab\u00a0TotalEnergies, passez \u00e0 la caisse !\u00a0\u00bb.<\/p>\n<div class=\"rtcode\">\n<blockquote class=\"twitter-tweet\">\n<p lang=\"fr\" dir=\"ltr\">Total doit passer \u00e0 la caisse !<\/p>\n<p>Voil\u00e0 les b\u00e9n\u00e9fices de cette multinationale :<\/p>\n<p>&#8211; 2025 : 13,1 milliards \u20ac<br \/>&#8211; 2024 : 15,2 milliards \u20ac<br \/>&#8211; 2023 : 19,8 milliards \u20ac<\/p>\n<p>Nous trouverons des patrons moins chers et qui donneront moins d&rsquo;argent aux actionnaires.<\/p>\n<p>Il faut bloquer les prix\u2026 <a target=\"_blank\" href=\"https:\/\/t.co\/2KjZhVPxCO\">pic.twitter.com\/2KjZhVPxCO<\/a><\/p>\n<p>\u2014 Jean-Luc M\u00e9lenchon (@JLMelenchon) <a target=\"_blank\" href=\"https:\/\/twitter.com\/JLMelenchon\/status\/2050196515524579576?ref_src=twsrc%5Etfw\">May 1, 2026<\/a><\/p><\/blockquote>\n<\/div>\n<p><a target=\"_blank\" href=\"https:\/\/x.com\/JLMelenchon\/status\/2050196515524579576?s=20\"\/>\u00c0 Amiens, le premier secr\u00e9taire du PS Olivier Faure a lui \u00e9t\u00e9 enfarin\u00e9 par deux hommes masqu\u00e9s, au cris de \u00ab\u00a0casse-toi, sale tra\u00eetre\u00a0\u00bb, rappelant aux socialistes que leur pr\u00e9sence dans les cort\u00e8ges syndicaux n&rsquo;\u00e9tait pas une \u00e9vidence pour une partie du mouvement social. <a target=\"_blank\" href=\"https:\/\/francais.rt.com\/france\/110928-manifestations-1er-mai-2024\">Il y a deux ans, c\u2019\u00e9tait leur alli\u00e9 et t\u00eate de liste aux \u00e9lections europ\u00e9ennes Rapha\u00ebl Glucksmann qui avait \u00e9t\u00e9 chahut\u00e9 \u00e0 Saint-Etienne<\/a>.<\/p>\n<p><a target=\"_blank\" href=\"https:\/\/x.com\/realmarcel1\/status\/2050184595560190440?s=20\"\/>Son rival en interne, Boris Vallaud lui a apport\u00e9 son soutien sur X, d\u00e9non\u00e7ant des \u00ab\u00a0m\u00e9thodes inacceptables\u00a0\u00bb. \u00c0 la mi-journ\u00e9e peu d\u2019incidents \u00e9taient recens\u00e9s, <a target=\"_blank\" href=\"https:\/\/francais.rt.com\/france\/133703-1er-mai-sous-haute-tension\">dans un contexte de crainte de d\u00e9sordres<\/a>, mais c\u2019est d\u2019ordinaire en fin de journ\u00e9e et parfois en marge des cort\u00e8ges que les affrontements avec les forces de polices, les d\u00e9gradations de bien et les agressions ont lieu.<\/p>\n<\/div>\n<p><script async src=\"\/\/platform.twitter.com\/widgets.js\" charset=\"utf-8\"><\/script><br \/>\n<br \/><br \/>\n<br \/><a href=\"https:\/\/francais.rt.com\/france\/133740-olivier-faure-enfarine-defense-jour-chome-premier-mai-2026-combattif-gauche\" target=\"_blank\"\">Source link <\/a><\/p>\n","protected":false},"excerpt":{"rendered":"<p>Alors que le gouvernement veut assouplir le travail salari\u00e9 le 1er mai, les cort\u00e8ges syndicaux se mobilisent pour d\u00e9fendre une journ\u00e9e \u00abf\u00e9ri\u00e9e et ch\u00f4m\u00e9e\u00bb. Pouvoir d\u2019achat, salaires, carburants et \u00abvol&hellip; <\/p>\n","protected":false},"author":1,"featured_media":27290,"comment_status":"open","ping_status":"open","sticky":false,"template":"","format":"standard","meta":{"footnotes":""},"categories":[1],"tags":[],"class_list":["post-27289","post","type-post","status-publish","format-standard","has-post-thumbnail","hentry","category-non-classe"],"_links":{"self":[{"href":"https:\/\/monde25.info\/index.php\/wp-json\/wp\/v2\/posts\/27289","targetHints":{"allow":["GET"]}}],"collection":[{"href":"https:\/\/monde25.info\/index.php\/wp-json\/wp\/v2\/posts"}],"about":[{"href":"https:\/\/monde25.info\/index.php\/wp-json\/wp\/v2\/types\/post"}],"author":[{"embeddable":true,"href":"https:\/\/monde25.info\/index.php\/wp-json\/wp\/v2\/users\/1"}],"replies":[{"embeddable":true,"href":"https:\/\/monde25.info\/index.php\/wp-json\/wp\/v2\/comments?post=27289"}],"version-history":[{"count":0,"href":"https:\/\/monde25.info\/index.php\/wp-json\/wp\/v2\/posts\/27289\/revisions"}],"wp:featuredmedia":[{"embeddable":true,"href":"https:\/\/monde25.info\/index.php\/wp-json\/wp\/v2\/media\/27290"}],"wp:attachment":[{"href":"https:\/\/monde25.info\/index.php\/wp-json\/wp\/v2\/media?parent=27289"}],"wp:term":[{"taxonomy":"category","embeddable":true,"href":"https:\/\/monde25.info\/index.php\/wp-json\/wp\/v2\/categories?post=27289"},{"taxonomy":"post_tag","embeddable":true,"href":"https:\/\/monde25.info\/index.php\/wp-json\/wp\/v2\/tags?post=27289"}],"curies":[{"name":"wp","href":"https:\/\/api.w.org\/{rel}","templated":true}]}}