{"id":27298,"date":"2026-05-02T12:40:47","date_gmt":"2026-05-02T10:40:47","guid":{"rendered":"https:\/\/monde25.info\/index.php\/2026\/05\/02\/thierry-meyssan-invite-de-claude-janvier-et-deric-montana-sur-jsf-tv-2\/"},"modified":"2026-05-02T12:40:47","modified_gmt":"2026-05-02T10:40:47","slug":"thierry-meyssan-invite-de-claude-janvier-et-deric-montana-sur-jsf-tv-2","status":"publish","type":"post","link":"https:\/\/monde25.info\/index.php\/2026\/05\/02\/thierry-meyssan-invite-de-claude-janvier-et-deric-montana-sur-jsf-tv-2\/","title":{"rendered":"Thierry Meyssan invit\u00e9 de Claude Janvier et d&rsquo;\u00c9ric Montana sur JSF-TV"},"content":{"rendered":"<p> <br \/>\n<\/p>\n<div id=\"article-text\">\n<div class=\"article-text-images crayon article-texte-224384 \">\n<div align=\"center\"><img loading=\"lazy\" decoding=\"async\" src=\"https:\/\/www.voltairenet.org\/local\/cache-vignettes\/L751xH563\/400_-_1-718-64991.jpg?1777702457\" class=\"spip_logo\" width=\"751\" height=\"563\" alt=\"\"\/><\/div>\n<p>Thierry Meyssan \u00e9tait l\u2019invit\u00e9 de Claude Janvier et d\u2019\u00c9ric Montana, le 1er mai 2026, sur JSF-TV, en partenariat avec R\u00e9seau international et Profession gendarme.<\/p>\n<p>L\u2019entretien a port\u00e9 sur la situation au Moyen-Orient. Apr\u00e8s une longue introduction sur la restauration du \u00ab\u00a0droit international\u00a0\u00bb face \u00e0 \u00ab\u00a0l\u2019ordre mondial \u00e9tabli sur des r\u00e8gles\u00a0\u00bb, Thierry Meyssan a trait\u00e9 de l\u2019\u00e9quilibre des forces militaires entre les arm\u00e9es isra\u00e9lo-\u00e9tats-uno-britanno-australiennes et celles de l\u2019Iran. Il a insist\u00e9 sur l\u2019absolue \u00e9galit\u00e9 en mati\u00e8re d\u2019observation satellitaire, confirm\u00e9e par la stagnation actuelle des combats. Il a \u00e9galement trait\u00e9 de la situation au Liban, comparant l\u2019opposition entre la r\u00e9sistance d\u2019un c\u00f4t\u00e9, et le gouvernement de collaboration du Premier ministre Nawaf Salam, de l\u2019autre, avec celle de Charles De Gaulle et de Philippe P\u00e9tain.<\/p>\n<p><iframe loading=\"lazy\" title=\"Les derniers jours de l&#039;Empire am\u00e9ricain ? - avec Thierry Meyssan\" width=\"1110\" height=\"624\" src=\"https:\/\/www.youtube.com\/embed\/ULogaZU6k9c?feature=oembed\" frameborder=\"0\" allow=\"accelerometer; autoplay; clipboard-write; encrypted-media; gyroscope; picture-in-picture; web-share\" referrerpolicy=\"strict-origin-when-cross-origin\" allowfullscreen><\/iframe>\n<\/div>\n<aside>\n<\/aside>\n<div class=\"follow\" id=\"social\">\n<h4>Restez en contact<\/h4>\n<div class=\"follow-left\">\n<h5>Suivez-nous sur les r\u00e9seaux sociaux<\/h5>\n<p><a target=\"_blank\" href=\"https:\/\/www.facebook.com\/R%C3%A9seau-Voltaire-en-fran%C3%A7ais-106616878523973\" title=\"\" target=\"_blank\"><img decoding=\"async\" src=\"https:\/\/www.voltairenet.org\/squelettes\/images\/follow-fb.png\" alt=\"\"\/><\/a><br \/>\n<a target=\"_blank\" href=\"https:\/\/t.me\/reseauvoltaire\" title=\"\" target=\"_blank\"><img decoding=\"async\" src=\"https:\/\/www.voltairenet.org\/squelettes\/images\/follow-tg.png\" alt=\"\"\/><\/a><br \/>\n<a target=\"_blank\" href=\"https:\/\/twitter.com\/voltairenetFr\" title=\"\" target=\"_blank\"><img decoding=\"async\" src=\"https:\/\/www.voltairenet.org\/squelettes\/images\/follow-tw.png\" alt=\"\"\/><\/a>\n<\/div>\n<p><h5>Subscribe to weekly newsletter<\/h5>\n<\/p>\n<\/div>\n<p><!--\n\n<div><\/div>\n\n--><\/p>\n<\/div>\n<p><script async src=\"\/\/platform.twitter.com\/widgets.js\" charset=\"utf-8\"><\/script><br \/>\n<br \/><br \/>\n<br \/><a href=\"https:\/\/www.voltairenet.org\/article224384.html\" target=\"_blank\"\">Source link <\/a><\/p>\n","protected":false},"excerpt":{"rendered":"<p>Thierry Meyssan \u00e9tait l\u2019invit\u00e9 de Claude Janvier et d\u2019\u00c9ric Montana, le 1er mai 2026, sur JSF-TV, en partenariat avec R\u00e9seau international et Profession gendarme. L\u2019entretien a port\u00e9 sur la situation&hellip; <\/p>\n","protected":false},"author":1,"featured_media":27299,"comment_status":"open","ping_status":"open","sticky":false,"template":"","format":"standard","meta":{"footnotes":""},"categories":[1],"tags":[],"class_list":["post-27298","post","type-post","status-publish","format-standard","has-post-thumbnail","hentry","category-non-classe"],"_links":{"self":[{"href":"https:\/\/monde25.info\/index.php\/wp-json\/wp\/v2\/posts\/27298","targetHints":{"allow":["GET"]}}],"collection":[{"href":"https:\/\/monde25.info\/index.php\/wp-json\/wp\/v2\/posts"}],"about":[{"href":"https:\/\/monde25.info\/index.php\/wp-json\/wp\/v2\/types\/post"}],"author":[{"embeddable":true,"href":"https:\/\/monde25.info\/index.php\/wp-json\/wp\/v2\/users\/1"}],"replies":[{"embeddable":true,"href":"https:\/\/monde25.info\/index.php\/wp-json\/wp\/v2\/comments?post=27298"}],"version-history":[{"count":0,"href":"https:\/\/monde25.info\/index.php\/wp-json\/wp\/v2\/posts\/27298\/revisions"}],"wp:featuredmedia":[{"embeddable":true,"href":"https:\/\/monde25.info\/index.php\/wp-json\/wp\/v2\/media\/27299"}],"wp:attachment":[{"href":"https:\/\/monde25.info\/index.php\/wp-json\/wp\/v2\/media?parent=27298"}],"wp:term":[{"taxonomy":"category","embeddable":true,"href":"https:\/\/monde25.info\/index.php\/wp-json\/wp\/v2\/categories?post=27298"},{"taxonomy":"post_tag","embeddable":true,"href":"https:\/\/monde25.info\/index.php\/wp-json\/wp\/v2\/tags?post=27298"}],"curies":[{"name":"wp","href":"https:\/\/api.w.org\/{rel}","templated":true}]}}