{"id":273,"date":"2024-11-16T19:25:26","date_gmt":"2024-11-16T18:25:26","guid":{"rendered":"https:\/\/monde25.info\/index.php\/2024\/11\/16\/la-pologne-va-t-elle-declencher-une-guerre-avec-la-russie-un-plan-pour-lotan-est-deja-pret-les-moutons-enrages\/"},"modified":"2024-11-16T19:25:26","modified_gmt":"2024-11-16T18:25:26","slug":"la-pologne-va-t-elle-declencher-une-guerre-avec-la-russie-un-plan-pour-lotan-est-deja-pret-les-moutons-enrages","status":"publish","type":"post","link":"https:\/\/monde25.info\/index.php\/2024\/11\/16\/la-pologne-va-t-elle-declencher-une-guerre-avec-la-russie-un-plan-pour-lotan-est-deja-pret-les-moutons-enrages\/","title":{"rendered":"La Pologne va-t-elle d\u00e9clencher une guerre avec la Russie ? Un plan pour l\u2019OTAN est d\u00e9j\u00e0 pr\u00eat \u2013 Les moutons enrag\u00e9s"},"content":{"rendered":"<p> <br \/>\n<\/p>\n<div>\n<p>Par <a target=\"_blank\" href=\"https:\/\/www.mondialisation.ca\/author\/philippe-rosenthal\">Philippe Rosenthal<\/a> pour <a target=\"_blank\" href=\"https:\/\/www.observateurcontinental.fr\/?module=articles&amp;action=view&amp;id=6460\" target=\"_blank\" rel=\"noreferrer noopener\">Observateur continental<\/a> via <a target=\"_blank\" href=\"https:\/\/www.mondialisation.ca\/la-pologne-va-t-elle-declencher-une-guerre-avec-la-russie-un-plan-pour-lotan-est-deja-pret\/5693964?doing_wp_cron=1731682335.1694641113281250000000\">Mondialisation.ca<\/a><\/p>\n<div class=\"wp-block-image\">\n<figure class=\"aligncenter size-large is-resized\"><img fetchpriority=\"high\" decoding=\"async\" width=\"502\" height=\"330\" src=\"https:\/\/lesmoutonsenrages.fr\/wp-content\/uploads\/2024\/11\/image-63-502x330.png\" alt=\"\" class=\"wp-image-163469\" style=\"width:452px;height:auto\" srcset=\"https:\/\/lesmoutonsenrages.fr\/wp-content\/uploads\/2024\/11\/image-63-502x330.png 502w, https:\/\/lesmoutonsenrages.fr\/wp-content\/uploads\/2024\/11\/image-63-250x164.png 250w, https:\/\/lesmoutonsenrages.fr\/wp-content\/uploads\/2024\/11\/image-63-150x99.png 150w, https:\/\/lesmoutonsenrages.fr\/wp-content\/uploads\/2024\/11\/image-63.png 768w\" sizes=\"(max-width: 502px) 100vw, 502px\"\/><\/figure>\n<\/div>\n<p><strong>L\u2019ordre du jour de la prochaine r\u00e9union des ministres des Affaires \u00e9trang\u00e8res, qui se r\u00e9uniront au si\u00e8ge de l\u2019OTAN, \u00e0 Bruxelles, pourrait traiter de la question d\u2019autoriser les pays de l\u2019OTAN \u00e0 intercepter des missiles dans le ciel au-dessus de l\u2019Ukraine.<\/strong><\/p>\n<p>C\u2019est ce que le ministre polonais des Affaires \u00e9trang\u00e8res, Radoslaw Sikorski, a annonc\u00e9 dans un entretien \u00e0 la t\u00e9l\u00e9vision polonaise.<\/p>\n<p><span id=\"more-163468\"\/><\/p>\n<p>Radoslaw Sikorski, membre de Plate-forme civique comme le Premier ministre polonais, Donald Tusk, a soulev\u00e9 le 4 novembre dernier la question de l\u2019interception de missiles par les forces de l\u2019OTAN. \u00abLes membres de l\u2019OTAN pourraient discuter de la possibilit\u00e9 d\u2019intercepter des missiles russes au-dessus du territoire ukrainien lors de leur prochaine r\u00e9union minist\u00e9rielle, <a target=\"_blank\" href=\"https:\/\/tvn24.pl\/go\/programy,7\/fakty-po-faktach-odcinki,15048\/odcinek-3625,S00E3625,1497823\" target=\"_blank\" rel=\"noreferrer noopener\">a-t-il annonc\u00e9<\/a>\u00a0\u00e0 la cha\u00eene de t\u00e9l\u00e9vision polonaise\u00a0<em>TVN24<\/em>.<\/p>\n<p>La r\u00e9union de l\u2019OTAN semble \u00eatre pr\u00e9vue les 3 et 4\u00a0d\u00e9cembre\u00a02024, si ce n\u2019est pas plus t\u00f4t. Pour le moment le site de l\u2019OTAN <a target=\"_blank\" href=\"https:\/\/www.nato.int\/cps\/fr\/natohq\/news_230276.htm\" target=\"_blank\" rel=\"noreferrer noopener\">fait\u00a0savoir<\/a>: \u00abLe programme d\u00e9taill\u00e9 pour les m\u00e9dias sera publi\u00e9 sur le site web de l\u2019OTAN peu avant la r\u00e9union\u00bb. La question de l\u2019interception des missiles russes dans l\u2019espace a\u00e9rien au-dessus de l\u2019Ukraine par les \u00c9tats membres de l\u2019OTAN a suscit\u00e9 des discussions complexes sur les limites du droit \u00e0 l\u2019autod\u00e9fense. Toutefois, cette question est r\u00e9guli\u00e8rement soulev\u00e9e.<\/p>\n<p>Le m\u00eame jour de l\u2019entretien de Radoslaw Sikorski, comme <a target=\"_blank\" href=\"https:\/\/www.observateurcontinental.fr\/?module=news&amp;action=view&amp;id=6443\">signal\u00e9<\/a>\u00a0par\u00a0<em>Observateur Continental\u00a0<\/em>le vice-Premier ministre polonais, Krzysztof Gawkowski du parti politique de la Nouvelle Gauche, a accus\u00e9 Volodymyr Zelensky d\u2019attirer la Pologne dans la guerre avec la Russie. \u00abZelensky veut que la Pologne lance des missiles sur l\u2019Ukraine, c\u2019est-\u00e0-dire qu\u2019il veut que la Pologne entre en guerre, c\u2019est-\u00e0-dire qu\u2019il veut que la Pologne soit en guerre avec la Russie\u00bb, a-t-il d\u00e9nonc\u00e9 au contraire de Radoslaw Sikorski, montrant des divergences profondes dans l\u2019establishment politique sur les rives de la Vistule.<\/p>\n<p>Selon Radoslaw Sikorski, il est question de la possibilit\u00e9 de pouvoir intercepter des missiles russes dans le ciel ukrainien. Il y a quelques mois, le ministre polonais des Affaires \u00e9trang\u00e8res avait\u00a0d\u00e9j\u00e0 lanc\u00e9 <a target=\"_blank\" href=\"https:\/\/tvn24.pl\/swiat\/radoslaw-sikorski-wywiad-dla-financial-times-polska-ma-obowiazek-zestrzeliwac-nadlatujace-rosyjskie-pociski-st8067368\" target=\"_blank\" rel=\"noreferrer noopener\">une initiative<\/a>similaire, soulignant qu\u2019il \u00e9tait du \u00abdevoir constitutionnel\u00bb des \u00c9tats limitrophes de l\u2019Ukraine d\u2019abattre les missiles russes. Radoslaw Sikorski a, \u00e9galement, ajout\u00e9 que l\u2019adh\u00e9sion \u00e0 l\u2019OTAN \u00abn\u2019annule pas la responsabilit\u00e9 de chaque pays de prot\u00e9ger son espace a\u00e9rien\u00bb.<\/p>\n<p>Le pr\u00e9sident ukrainien, Volodymyr Zelensky, <a target=\"_blank\" href=\"https:\/\/www.tf1info.fr\/international\/ukraine-volodymyr-zelensky-jalouse-la-defense-antiaerienne-et-le-soutien-dont-a-beneficie-d-israel-face-a-l-attaque-de-l-iran-2295679.html\" target=\"_blank\" rel=\"noreferrer noopener\">a\u00a0appel\u00e9<\/a> \u00e0 plusieurs reprises les pays occidentaux \u00e0 abattre les drones et les missiles lanc\u00e9s depuis la Russie au-dessus du territoire ukrainien. \u00c0\u00a0titre d\u2019exemple, il a cit\u00e9 l\u2019assistance apport\u00e9e \u00e0 Tel-Aviv lors de l\u2019attaque iranienne contre Isra\u00ebl en avril de cette ann\u00e9e. Ensuite, sur plus de 300 drones et missiles tir\u00e9s par T\u00e9h\u00e9ran, seuls quelques-uns sont tomb\u00e9s sur le territoire isra\u00e9lien, provoquant des d\u00e9g\u00e2ts mineurs. Le succ\u00e8s de leur interception a \u00e9t\u00e9 assur\u00e9 par les \u00c9tats-Unis et un certain nombre de pays arabes, dont la Jordanie, l\u2019Arabie saoudite et les \u00c9mirats arabes unis (EAU).<\/p>\n<p>Mais, Jens Stoltenberg, qui \u00e9tait alors secr\u00e9taire g\u00e9n\u00e9ral de l\u2019OTAN, \u00abl\u2019avait rejet\u00e9e, estimant qu\u2019elle risquait d\u2019entra\u00eener l\u2019Alliance dans le conflit\u00bb, <a target=\"_blank\" href=\"https:\/\/www.opex360.com\/2024\/09\/02\/la-pologne-voudrait-abattre-des-missiles-hostiles-en-ukraine-pour-prevenir-toute-violation-de-son-espace-aerien\/\" target=\"_blank\" rel=\"noreferrer noopener\">souligne<\/a>\u00a0le site\u00a0<em>Zone Militaire<\/em>.<\/p>\n<p>Le fait que la d\u00e9fense a\u00e9rienne polonaise puisse \u00eatre utilis\u00e9e pour d\u00e9truire des missiles dans le ciel ukrainien a commenc\u00e9 \u00e0 \u00eatre discut\u00e9 \u00e0 l\u2019\u00e9t\u00e9 2024. Kiev et Varsovie ont\u00a0sign\u00e9 <a target=\"_blank\" href=\"https:\/\/fr.news.yahoo.com\/sport\/guerre-ukraine-accord-s%C3%A9curit%C3%A9-sign%C3%A9-091248178.html\" target=\"_blank\" rel=\"noreferrer noopener\">un accord<\/a> de coop\u00e9ration en mati\u00e8re de s\u00e9curit\u00e9 en juillet.<\/p>\n<p>Comme Volodymyr Zelensky l\u2019a expliqu\u00e9, ce document pr\u00e9voit la possibilit\u00e9 d\u2019intercepter des missiles et des drones dans l\u2019espace a\u00e9rien ukrainien tir\u00e9s vers l\u2019ouest. En outre, l\u2019Ukraine et la Pologne <a target=\"_blank\" href=\"https:\/\/www.euractiv.fr\/section\/international\/news\/la-pologne-est-prete-a-livrer-des-avions-de-combat-a-lukraine\/\" target=\"_blank\" rel=\"noreferrer noopener\">ont\u00a0convenu<\/a> d\u2019une coop\u00e9ration en mati\u00e8re d\u2019aviation de combat, sugg\u00e9rant un travail conjoint avec des avions d\u00e9j\u00e0 transf\u00e9r\u00e9s par les autorit\u00e9s polonaises, ainsi que le transfert \u00e9ventuel d\u2019unit\u00e9s d\u2019\u00e9quipement suppl\u00e9mentaires \u00e0 Kiev.<\/p>\n<p>Dans ces accords bilat\u00e9raux, ils ont, \u00e9galement,\u00a0 d\u00e9cid\u00e9 de former une unit\u00e9 de la L\u00e9gion ukrainienne sur le territoire polonais, pour laquelle les alli\u00e9s occidentaux de Kiev se chargeraient de l\u2019\u00e9quiper.\u00a0<em>Ouest-France<\/em>\u00a0<a target=\"_blank\" href=\"https:\/\/www.ouest-france.fr\/europe\/ukraine\/guerre-en-ukraine-lukraine-recrute-en-pologne-manifestations-a-berlin-le-point-sur-la-nuit-39d12fe0-9594-46c5-9888-499a46027b8b\" target=\"_blank\" rel=\"noreferrer noopener\">a\u00a0comment\u00e9<\/a> cette d\u00e9cision: \u00abLa L\u00e9gion ukrainienne a ouvert un centre de recrutement dans la ville polonaise de Lublin le 3 octobre\u00bb. Le pr\u00e9sident ukrainien a invit\u00e9 les citoyens ukrainiens, qui se trouvent dans les pays de l\u2019UE, \u00e0 rejoindre les forces arm\u00e9es ukrainiennes gr\u00e2ce \u00e0 la L\u00e9gion.<\/p>\n<p>Le Premier ministre polonais, Donald Tusk a, \u00e0 son tour, promis de discuter avec les alli\u00e9s de l\u2019Alliance de la possibilit\u00e9 d\u2019abattre des missiles au-dessus de la partie occidentale de l\u2019Ukraine, pr\u00e8s de la fronti\u00e8re polonaise. Selon lui, les parties ont inclus dans l\u2019accord une clause sur la n\u00e9cessit\u00e9 de commencer \u00e0 discuter de cette question avec les membres du bloc de l\u2019Atlantique Nord. Le chef du gouvernement polonais a soulign\u00e9 que de telles actions \u00abexigent la responsabilit\u00e9 globale de l\u2019Alliance\u00bb.<\/p>\n<p>Le porte-parole du commandement de l\u2019arm\u00e9e de l\u2019air ukrainienne, Ilya Levlach, <a target=\"_blank\" href=\"https:\/\/www.nytimes.com\/interactive\/2024\/05\/13\/world\/europe\/ukraine-missile-defenses.html\" target=\"_blank\" rel=\"noreferrer noopener\">a\u00a0d\u00e9voil\u00e9<\/a> \u2013 \u00e0 plusieurs reprises \u2013 que l\u2019Ukraine ne disposait pas suffisamment de syst\u00e8mes de d\u00e9fense a\u00e9rienne pour abattre les missiles lanc\u00e9s par la Russie. Volodymyr Zelensky a aussi <a target=\"_blank\" href=\"https:\/\/www.latribune.fr\/entreprises-finance\/industrie\/aeronautique-defense\/l-ukraine-recoit-ses-premiers-avions-de-chasse-f-16-1003763.html\" target=\"_blank\" rel=\"noreferrer noopener\">tambourin\u00e9<\/a>\u00a0que l\u2019\u00c9tat dispose d\u2019environ 25% des syst\u00e8mes de d\u00e9fense a\u00e9rienne n\u00e9cessaires et qu\u2019il a besoin de 120 \u00e0 130 avions de chasse modernes.<\/p>\n<p>Quelques jours apr\u00e8s la conclusion de l\u2019accord de juillet, le ministre polonais de la D\u00e9fense, Wladyslaw Kosiniak-Lamysz, <a target=\"_blank\" href=\"https:\/\/polskifm.com\/aktualnosci\/wladyslaw-kosiniak-kamysz-polska-nie-bedzie-zestrzeliwac-rosyjskich-rakiet-nad-ukraina\/\" target=\"_blank\" rel=\"noreferrer noopener\">a\u00a0insist\u00e9<\/a>\u00a0pour dire que son pays n\u2019abattrait pas les missiles russes volant vers l\u2019ouest de l\u2019Ukraine sans obtenir l\u2019approbation de tous les pays de l\u2019OTAN. Il a\u00a0point\u00e9 du doigt que l\u2019Alliance \u00e9tait \u00absceptique quant \u00e0 cette id\u00e9e\u00bb et que dans le bloc de l\u2019Atlantique Nord, il \u00abne voyait pas de partisans favorables \u00e0 une telle d\u00e9cision\u00bb.<\/p>\n<p>En Russie, les propos de Radoslaw Sikorski ont \u2013 comme on pouvait s\u2019y attendre \u2013 suscit\u00e9 l\u2019hostilit\u00e9, les qualifiant d\u2019\u00abirresponsables\u00bb et mena\u00e7ant de \u00abdonner une r\u00e9ponse ad\u00e9quate et sp\u00e9cifique\u00bb. Pendant ce temps, aux \u00c9tats-Unis des membres du Congr\u00e8s des partis d\u00e9mocrate et r\u00e9publicain <a target=\"_blank\" href=\"https:\/\/www.newsweek.com\/us-weighs-nato-allys-offer-shoot-down-russian-missiles-over-ukraine-1978407\" target=\"_blank\" rel=\"noreferrer noopener\">ont\u00a0demand\u00e9<\/a>\u00a0au pr\u00e9sident Joe Biden d\u2019accorder \u00e0 Varsovie le droit de neutraliser et d\u2019intercepter des missiles et des drones au-dessus de l\u2019Ukraine.<\/p>\n<p>Surtout ceux qui menacent d\u2019intrusion dans l\u2019espace a\u00e9rien polonais. Selon eux, une telle mesure est n\u00e9cessaire en tant que m\u00e9canisme pour soutenir l\u2019Ukraine et prot\u00e9ger les fronti\u00e8res de l\u2019Alliance. En novembre 2022, deux agriculteurs ont \u00e9t\u00e9 tu\u00e9s par un missile pr\u00e8s de la fronti\u00e8re avec l\u2019Ukraine. La presse occidentale et polonaise accusaient la Russie.\u00a0<em>Europe1\u00a0<\/em><a target=\"_blank\" href=\"https:\/\/www.europe1.fr\/international\/pologne-le-missile-qui-a-tue-deux-civils-en-2022-etait-bien-ukrainien-confirme-varsovie-4206183\" target=\"_blank\" rel=\"noreferrer noopener\">a remis les faits<\/a>\u00a0\u00e0 l\u2019endroit: \u00abLe missile, qui en novembre 2022 avait tu\u00e9 deux civils dans le village polonais de Przewodow, pr\u00e8s de la fronti\u00e8re avec l\u2019Ukraine, \u00e9tait bien ukrainien et non russe\u00bb.<\/p>\n<p>La Pologne, \u00e0 voir les positions du Premier ministre polonais et du ministre polonais des Affaires \u00e9trang\u00e8res, promeut l\u2019id\u00e9e d\u2019inclure plus activement les pays de l\u2019OTAN dans le conflit, et d\u2019autre part, elle se concentre sur la protection de son territoire.<\/p>\n<p>Ce pays slave peut devenir un leader r\u00e9gional et d\u00e9clarer ensuite sa participation active et la n\u00e9cessit\u00e9 de recevoir une aide financi\u00e8re et des investissements pour cela. Varsovie a ses propres int\u00e9r\u00eats.\u00a0 Varsovie souligne qu\u2019elle soutient \u2013 par tous les moyens \u2013 l\u2019Ukraine de toutes ses forces.<\/p>\n<p>Ainsi, il faut, donc, s\u2019attendre \u00e0 ce que Varsovie propose une discussion sur le probl\u00e8me de la d\u00e9fense a\u00e9rienne ukrainienne lors de la r\u00e9union minist\u00e9rielle de l\u2019OTAN. Volodymyr Zelensky souhaiteraient l\u2019\u00e9largir afin que l\u2019OTAN couvre toute l\u2019Ukraine occidentale d\u2019un parapluie protecteur. Cela m\u00e9rite r\u00e9flexion, mais la Pologne ne mettra certainement pas en \u0153uvre une telle chose sans le consentement de l\u2019OTAN.<\/p>\n<p><strong>Philippe Rosenthal<\/strong><\/p>\n<p>La source originale de cet article est <a target=\"_blank\" href=\"https:\/\/www.observateurcontinental.fr\/?module=articles&amp;action=view&amp;id=6460\" target=\"_blank\" rel=\"noreferrer noopener\">Observateur continental<\/a><\/p>\n<p>Copyright \u00a9 <a target=\"_blank\" href=\"https:\/\/www.mondialisation.ca\/author\/philippe-rosenthal\">Philippe Rosenthal<\/a>, <a target=\"_blank\" href=\"https:\/\/www.observateurcontinental.fr\/?module=articles&amp;action=view&amp;id=6460\" target=\"_blank\" rel=\"noreferrer noopener\">Observateur continental<\/a>, 2024<\/p>\n<p>Tous les articles, la tribune libre et commentaires sont sous la responsabilit\u00e9 de leurs auteurs. Les Moutons Enrag\u00e9s ne sauraient \u00eatre tenus responsables de leur contenu ou orientation.<\/p>\n<\/p><\/div>\n<p><br \/>\n<br \/><a href=\"https:\/\/lesmoutonsenrages.fr\/2024\/11\/16\/la-pologne-va-t-elle-declencher-une-guerre-avec-la-russie-un-plan-pour-lotan-est-deja-pret\/\" target=\"_blank\"\">Source link <\/a><\/p>\n","protected":false},"excerpt":{"rendered":"<p>Par Philippe Rosenthal pour Observateur continental via Mondialisation.ca L\u2019ordre du jour de la prochaine r\u00e9union des ministres des Affaires \u00e9trang\u00e8res, qui se r\u00e9uniront au si\u00e8ge de l\u2019OTAN, \u00e0 Bruxelles, pourrait&hellip; <\/p>\n","protected":false},"author":1,"featured_media":274,"comment_status":"open","ping_status":"open","sticky":false,"template":"","format":"standard","meta":{"footnotes":""},"categories":[1],"tags":[],"class_list":["post-273","post","type-post","status-publish","format-standard","has-post-thumbnail","hentry","category-non-classe"],"_links":{"self":[{"href":"https:\/\/monde25.info\/index.php\/wp-json\/wp\/v2\/posts\/273","targetHints":{"allow":["GET"]}}],"collection":[{"href":"https:\/\/monde25.info\/index.php\/wp-json\/wp\/v2\/posts"}],"about":[{"href":"https:\/\/monde25.info\/index.php\/wp-json\/wp\/v2\/types\/post"}],"author":[{"embeddable":true,"href":"https:\/\/monde25.info\/index.php\/wp-json\/wp\/v2\/users\/1"}],"replies":[{"embeddable":true,"href":"https:\/\/monde25.info\/index.php\/wp-json\/wp\/v2\/comments?post=273"}],"version-history":[{"count":0,"href":"https:\/\/monde25.info\/index.php\/wp-json\/wp\/v2\/posts\/273\/revisions"}],"wp:featuredmedia":[{"embeddable":true,"href":"https:\/\/monde25.info\/index.php\/wp-json\/wp\/v2\/media\/274"}],"wp:attachment":[{"href":"https:\/\/monde25.info\/index.php\/wp-json\/wp\/v2\/media?parent=273"}],"wp:term":[{"taxonomy":"category","embeddable":true,"href":"https:\/\/monde25.info\/index.php\/wp-json\/wp\/v2\/categories?post=273"},{"taxonomy":"post_tag","embeddable":true,"href":"https:\/\/monde25.info\/index.php\/wp-json\/wp\/v2\/tags?post=273"}],"curies":[{"name":"wp","href":"https:\/\/api.w.org\/{rel}","templated":true}]}}