{"id":2732,"date":"2025-02-16T13:08:35","date_gmt":"2025-02-16T12:08:35","guid":{"rendered":"https:\/\/monde25.info\/index.php\/2025\/02\/16\/un-mort-et-cinq-blesses-dans-une-attaque-au-couteau-a-villach-lassaillant-arrete-tout-sourire-rt-en-francais\/"},"modified":"2025-02-16T13:08:35","modified_gmt":"2025-02-16T12:08:35","slug":"un-mort-et-cinq-blesses-dans-une-attaque-au-couteau-a-villach-lassaillant-arrete-tout-sourire-rt-en-francais","status":"publish","type":"post","link":"https:\/\/monde25.info\/index.php\/2025\/02\/16\/un-mort-et-cinq-blesses-dans-une-attaque-au-couteau-a-villach-lassaillant-arrete-tout-sourire-rt-en-francais\/","title":{"rendered":"un mort et cinq bless\u00e9s dans une attaque au couteau \u00e0 Villach, l\u2019assaillant arr\u00eat\u00e9 tout sourire \u2014 RT en fran\u00e7ais"},"content":{"rendered":"<p> <br \/>\n<br \/><img decoding=\"async\" src=\"https:\/\/mf.b37mrtl.ru\/french\/images\/2025.02\/thumbnail\/67b1b0d76f7ccc51b04c203c.jpg\" \/><\/p>\n<div>\n<p class=\"text__summary\">\n                                        Un demandeur d\u2019asile syrien de 23 ans a poignard\u00e9 le 15 f\u00e9vrier six personnes \u00e0 Villach, dans le sud de l\u2019Autriche. Un adolescent de 14 ans a \u00e9t\u00e9 tu\u00e9 dans l\u2019attaque. Selon la police autrichienne, l\u2019assaillant aurait attaqu\u00e9 \u00abau hasard\u00bb les passants. Sur les photos de son arrestation, celui-ci esquisse un large sourire.\n                                    <\/p>\n<p>\u00abC&rsquo;est une attaque islamiste avec des liens avec l&rsquo;EI\u00bb, a d\u00e9clar\u00e9 ce 16 f\u00e9vrier lors d&rsquo;un point presse\u00a0le ministre autrichien de l&rsquo;Int\u00e9rieur,\u00a0Gerhard Karner, au lendemain de l&rsquo;attaque mortelle au couteau survenue \u00e0 Villach.<\/p>\n<p>Dans la matin\u00e9e,\u00a0des habitants de cette petite ville du sud de l\u2019Autriche d\u00e9posaient des fleurs et des bougies devant les commerces de la rue du centre-ville o\u00f9\u00a0un\u00a0demandeur d\u2019asile syrien de 23 ans a poignard\u00e9 des passants.<\/p>\n<p>L&rsquo;assaillant aurait cibl\u00e9 ses victimes \u00abau hasard\u00bb, a d\u00e9clar\u00e9 apr\u00e8s cette attaque le porte-parole de la police, Rainer Dionisio. \u00abUne victime, un gar\u00e7on de 14 ans, est d\u00e9c\u00e9d\u00e9e\u00bb, a-t-il encore pr\u00e9cis\u00e9, avant d&rsquo;ajouter qu\u2019un t\u00e9moin de l\u2019attaque, un livreur de repas, \u00e9galement d\u2019origine syrienne, avait lanc\u00e9 son v\u00e9hicule contre l\u2019assaillant, qui a \u00e9t\u00e9 bless\u00e9 et a pu \u00eatre arr\u00eat\u00e9 \u00abjuste apr\u00e8s les faits\u00bb.<\/p>\n<h2>Des r\u00e9actions politiques en France<\/h2>\n<p>Herbert Kickl, chef de file du Parti autrichien de la libert\u00e9 (FP\u00d6), qui a remport\u00e9 pour la premi\u00e8re fois de son histoire les l\u00e9gislatives en septembre, s\u2019est d\u00e9clar\u00e9 \u00abconstern\u00e9\u00bb par cette attaque. \u00abNous avons besoin d\u2019une r\u00e9pression rigoureuse de l\u2019asile\u00bb, a-t-il d\u00e9clar\u00e9 dans un communiqu\u00e9, fustigeant une d\u00e9faillance du syst\u00e8me.<\/p>\n<p>Une image de l\u2019arrestation de l\u2019assaillant, affichant un large sourire, a fait le tour des r\u00e9seaux sociaux et a \u00e9t\u00e9 comment\u00e9e par des responsables politiques de plusieurs pays, dont la France.<\/p>\n<p>\u00abLe voici, tout sourire, apr\u00e8s avoir commis son acte ignoble : cette image est le symbole de la barbarie assum\u00e9e \u00e0 laquelle nous devons enfin riposter sans faiblesse\u00bb, a lanc\u00e9 sur X, ce 16 f\u00e9vrier, le leader du Rassemblement national, Jordan Bardella.<\/p>\n<div class=\"rtcode\">\n<blockquote class=\"twitter-tweet\">\n<p lang=\"fr\" dir=\"ltr\">En Autriche, ce Syrien a attaqu\u00e9 5 personnes au couteau, tuant un adolescent de 14 ans. <\/p>\n<p>Le voici, tout sourire, apr\u00e8s avoir commis son acte ignoble : cette image est le symbole de la barbarie assum\u00e9e \u00e0 laquelle nous devons enfin riposter sans faiblesse. <a target=\"_blank\" href=\"https:\/\/t.co\/5Ix106F6yN\">pic.twitter.com\/5Ix106F6yN<\/a><\/p>\n<p>\u2014 Jordan Bardella (@J_Bardella) <a target=\"_blank\" href=\"https:\/\/twitter.com\/J_Bardella\/status\/1890899033343860897?ref_src=twsrc%5Etfw\">February 15, 2025<\/a><\/p><\/blockquote>\n<\/div>\n<p>\u00abCombien de drames encore ? L\u2019Europe doit stopper cette submersion migratoire qui tue des Europ\u00e9ens chaque semaine\u00bb, a pour sa part\u00a0jug\u00e9 le pr\u00e9sident de l\u2019Union des droites pour la R\u00e9publique \u00c9ric Ciotti.<\/p>\n<h2>Le bilan de l\u2019attentat de Munich s\u2019alourdit<\/h2>\n<p>Cette attaque est survenue deux jours apr\u00e8s celle, \u00e0 la <a target=\"_blank\" href=\"https:\/\/francais.rt.com\/international\/116881-allemagne-blesses-apres-attaque-munich\">voiture b\u00e9lier<\/a>, de Munich. Le 13 f\u00e9vrier au matin, un demandeur d\u2019asile afghan de 24 ans avait fonc\u00e9 dans le cort\u00e8ge d\u2019une manifestation, juste apr\u00e8s avoir doubl\u00e9 un v\u00e9hicule de police qui fermait la marche, fauchant des dizaines de personnes. Un acte qualifi\u00e9 d&rsquo;\u00abattentat\u00bb par le chancelier Olaf Scholz.<\/p>\n<p>Le 15 f\u00e9vrier, les forces de l\u2019ordre allemandes ont annonc\u00e9 la mort de deux victimes. \u00abNous devons malheureusement confirmer le d\u00e9c\u00e8s aujourd&rsquo;hui de l&rsquo;enfant de\u00a0deux ans et de sa m\u00e8re de 37 ans\u00bb, a d\u00e9clar\u00e9 un porte-parole de la police, Ludwig Waldinger.<\/p>\n<\/div>\n<p><script async src=\"\/\/platform.twitter.com\/widgets.js\" charset=\"utf-8\"><\/script><br \/>\n<br \/><br \/>\n<br \/><a href=\"https:\/\/francais.rt.com\/international\/116923-autriche-mort-cinq-blesses-villach\" target=\"_blank\"\">Source link <\/a><\/p>\n","protected":false},"excerpt":{"rendered":"<p>Un demandeur d\u2019asile syrien de 23 ans a poignard\u00e9 le 15 f\u00e9vrier six personnes \u00e0 Villach, dans le sud de l\u2019Autriche. Un adolescent de 14 ans a \u00e9t\u00e9 tu\u00e9 dans&hellip; <\/p>\n","protected":false},"author":1,"featured_media":2733,"comment_status":"open","ping_status":"open","sticky":false,"template":"","format":"standard","meta":{"footnotes":""},"categories":[1],"tags":[],"class_list":["post-2732","post","type-post","status-publish","format-standard","has-post-thumbnail","hentry","category-non-classe"],"_links":{"self":[{"href":"https:\/\/monde25.info\/index.php\/wp-json\/wp\/v2\/posts\/2732","targetHints":{"allow":["GET"]}}],"collection":[{"href":"https:\/\/monde25.info\/index.php\/wp-json\/wp\/v2\/posts"}],"about":[{"href":"https:\/\/monde25.info\/index.php\/wp-json\/wp\/v2\/types\/post"}],"author":[{"embeddable":true,"href":"https:\/\/monde25.info\/index.php\/wp-json\/wp\/v2\/users\/1"}],"replies":[{"embeddable":true,"href":"https:\/\/monde25.info\/index.php\/wp-json\/wp\/v2\/comments?post=2732"}],"version-history":[{"count":0,"href":"https:\/\/monde25.info\/index.php\/wp-json\/wp\/v2\/posts\/2732\/revisions"}],"wp:featuredmedia":[{"embeddable":true,"href":"https:\/\/monde25.info\/index.php\/wp-json\/wp\/v2\/media\/2733"}],"wp:attachment":[{"href":"https:\/\/monde25.info\/index.php\/wp-json\/wp\/v2\/media?parent=2732"}],"wp:term":[{"taxonomy":"category","embeddable":true,"href":"https:\/\/monde25.info\/index.php\/wp-json\/wp\/v2\/categories?post=2732"},{"taxonomy":"post_tag","embeddable":true,"href":"https:\/\/monde25.info\/index.php\/wp-json\/wp\/v2\/tags?post=2732"}],"curies":[{"name":"wp","href":"https:\/\/api.w.org\/{rel}","templated":true}]}}