{"id":27342,"date":"2026-05-03T11:46:47","date_gmt":"2026-05-03T09:46:47","guid":{"rendered":"https:\/\/monde25.info\/index.php\/2026\/05\/03\/reintroduction-de-grands-tetras-dans-les-vosges-on-va-chercher-des-oiseaux-a-2-000-km-au-nord-cest-absurde\/"},"modified":"2026-05-03T11:46:47","modified_gmt":"2026-05-03T09:46:47","slug":"reintroduction-de-grands-tetras-dans-les-vosges-on-va-chercher-des-oiseaux-a-2-000-km-au-nord-cest-absurde","status":"publish","type":"post","link":"https:\/\/monde25.info\/index.php\/2026\/05\/03\/reintroduction-de-grands-tetras-dans-les-vosges-on-va-chercher-des-oiseaux-a-2-000-km-au-nord-cest-absurde\/","title":{"rendered":"R\u00e9introduction de grands t\u00e9tras dans les Vosges\u00a0: \u00ab\u00a0On va chercher des oiseaux \u00e0 2\u00a0000\u00a0km au Nord, c&#039;est absurde\u00a0!\u00a0\u00bb"},"content":{"rendered":"<p> <br \/>\n<br \/><img loading=\"lazy\" decoding=\"async\" src=\"https:\/\/reporterre.net\/local\/cache-vignettes\/L700xH467\/photo_4_horizontale_au_pied_d_un_arbre_resized-b8ad9.jpg?1777784401\" class=\"spip_logo\" width=\"700\" height=\"467\" alt=\"\" \/><\/p>\n<p>Une troisi\u00e8me campagne pour la r\u00e9introduction du grand t\u00e9tras dans les Vosges est un cours. Un plan absurde, selon Michel Munier, d\u00e9fenseur des for\u00eats du massif, qui invite \u00e0 pr\u00e9server l&rsquo;ensemble de la faune et leur habitat. <br class=\"autobr\" \/><br \/>\nVosges (France), reportage <br class=\"autobr\" \/><br \/>\nD\u00e9j\u00e0 plus de trace de neige dans cette for\u00eat de l&rsquo;ouest des hautes cr\u00eates vosgiennes alors qu&rsquo;avril pointe le bout de son nez. Le massif abritait des grands t\u00e9tras jusqu&rsquo;au tout d\u00e9but des ann\u00e9es 2000, lorsque la neige \u00e9tait encore abondante\u00a0(\u2026)<\/p>\n<p>                    <a target=\"_blank\" href=\"https:\/\/reporterre.net\/Reintroduction-de-grands-tetras-dans-les-Vosges-On-va-chercher-des-oiseaux-a-2-000-km-au?utm_source=RSS&amp;utm_medium=RSS\">Lire la suite<\/a><\/p>\n<p>                    &#8211;<br \/>\n                        <a target=\"_blank\" href=\"https:\/\/reporterre.net\/Reportage\" rel=\"directory\">Reportage<\/a><\/p>\n<p>                    \/<br \/>\n                        <a target=\"_blank\" href=\"https:\/\/reporterre.net\/Animaux\" rel=\"tag\">Animaux<\/a><br \/>\n<br \/><br \/>\n<br \/><a href=\"https:\/\/reporterre.net\/Reintroduction-de-grands-tetras-dans-les-Vosges-On-va-chercher-des-oiseaux-a-2-000-km-au\" target=\"_blank\"\">Source link <\/a><\/p>\n","protected":false},"excerpt":{"rendered":"<p>Une troisi\u00e8me campagne pour la r\u00e9introduction du grand t\u00e9tras dans les Vosges est un cours. Un plan absurde, selon Michel Munier, d\u00e9fenseur des for\u00eats du massif, qui invite \u00e0 pr\u00e9server&hellip; <\/p>\n","protected":false},"author":1,"featured_media":0,"comment_status":"open","ping_status":"open","sticky":false,"template":"","format":"standard","meta":{"footnotes":""},"categories":[1],"tags":[],"class_list":["post-27342","post","type-post","status-publish","format-standard","hentry","category-non-classe"],"_links":{"self":[{"href":"https:\/\/monde25.info\/index.php\/wp-json\/wp\/v2\/posts\/27342","targetHints":{"allow":["GET"]}}],"collection":[{"href":"https:\/\/monde25.info\/index.php\/wp-json\/wp\/v2\/posts"}],"about":[{"href":"https:\/\/monde25.info\/index.php\/wp-json\/wp\/v2\/types\/post"}],"author":[{"embeddable":true,"href":"https:\/\/monde25.info\/index.php\/wp-json\/wp\/v2\/users\/1"}],"replies":[{"embeddable":true,"href":"https:\/\/monde25.info\/index.php\/wp-json\/wp\/v2\/comments?post=27342"}],"version-history":[{"count":0,"href":"https:\/\/monde25.info\/index.php\/wp-json\/wp\/v2\/posts\/27342\/revisions"}],"wp:attachment":[{"href":"https:\/\/monde25.info\/index.php\/wp-json\/wp\/v2\/media?parent=27342"}],"wp:term":[{"taxonomy":"category","embeddable":true,"href":"https:\/\/monde25.info\/index.php\/wp-json\/wp\/v2\/categories?post=27342"},{"taxonomy":"post_tag","embeddable":true,"href":"https:\/\/monde25.info\/index.php\/wp-json\/wp\/v2\/tags?post=27342"}],"curies":[{"name":"wp","href":"https:\/\/api.w.org\/{rel}","templated":true}]}}