{"id":27343,"date":"2026-05-03T12:52:42","date_gmt":"2026-05-03T10:52:42","guid":{"rendered":"https:\/\/monde25.info\/index.php\/2026\/05\/03\/devoir-de-memoire-le-florilege-de-la-servitude-volontaire-les-lecons-de-ce-florilege-et-les-voies-pour-retrouver-lautonomie-collective\/"},"modified":"2026-05-03T12:52:42","modified_gmt":"2026-05-03T10:52:42","slug":"devoir-de-memoire-le-florilege-de-la-servitude-volontaire-les-lecons-de-ce-florilege-et-les-voies-pour-retrouver-lautonomie-collective","status":"publish","type":"post","link":"https:\/\/monde25.info\/index.php\/2026\/05\/03\/devoir-de-memoire-le-florilege-de-la-servitude-volontaire-les-lecons-de-ce-florilege-et-les-voies-pour-retrouver-lautonomie-collective\/","title":{"rendered":"DEVOIR DE MEMOIRE-le floril\u00e8ge de la servitude volontaire : les le\u00e7ons de ce floril\u00e8ge et les voies pour retrouver l\u2019autonomie collective"},"content":{"rendered":"<p> <br \/>\n<\/p>\n<div>\n<p>Apr\u00e8s avoir dress\u00e9 le constat factuel et philosophique de la servitude volontaire (article 1), <a target=\"_blank\" href=\"https:\/\/www.francesoir.fr\/opinions-tribunes\/devoir-de-memoire-le-florilege-de-la-servitude-volontaire-les-techniques-de\">analys\u00e9 les techniques de programmation collective par la peur<\/a> (article 2), expos\u00e9 <a target=\"_blank\" href=\"https:\/\/www.francesoir.fr\/opinions-tribunes\/devoir-de-memoire-le-florilege-de-la-servitude-volontaire-l-hypocrisie-des-elites\">l\u2019hypocrisie des \u00e9lites et leur trahison du contrat social<\/a> (article 3), puis <a target=\"_blank\" href=\"https:\/\/www.francesoir.fr\/opinions-tribunes\/devoir-de-memoire-le-florilege-de-la-servitude-volontaire-le-bilan-cout-benefice\">\u00e9tabli un bilan co\u00fbt-b\u00e9n\u00e9fice accablant et durable<\/a> (article 4), il reste \u00e0 tirer les le\u00e7ons ultimes de cet \u00ab exercice \u00bb collectif qui a marqu\u00e9 la France et une grande partie des soci\u00e9t\u00e9s occidentales entre 2020 et 2022.<\/p>\n<p><img decoding=\"async\" data-entity-uuid=\"a591af6b-2bba-4913-9f3a-c4d13b5f2a77\" data-entity-type=\"file\" alt=\"Servitude part 5\" width=\"653\" height=\"365\" class=\"align-center lazyload\" loading=\"lazy\" src=\"https:\/\/www.francesoir.fr\/sites\/default\/files\/inline-images\/3_24.png\"\/><\/p>\n<p>\u00a0<\/p>\n<p>Ce floril\u00e8ge ne raconte pas seulement une crise sanitaire mal g\u00e9r\u00e9e. Il r\u00e9v\u00e8le un moment historique o\u00f9 une soci\u00e9t\u00e9 moderne, \u00e9duqu\u00e9e, attach\u00e9e en principe aux Lumi\u00e8res et aux libert\u00e9s fondamentales, a accept\u00e9, presque volontairement, de se d\u00e9poss\u00e9der de son autonomie. Il montre comment la peur orchestr\u00e9e, la conformit\u00e9 sociale algorithmique, la banalit\u00e9 du bien et le pi\u00e8ge rationnel des incitations ont transform\u00e9 des citoyens en sujets dociles et des \u00e9lites en complices actifs de leur propre asservissement.<\/p>\n<p>Le devoir de m\u00e9moire n\u2019est pas une nostalgie am\u00e8re ni un exercice de regret. C\u2019est un acte de lucidit\u00e9, de r\u00e9sistance et de reconqu\u00eate. Nommer ce qui s\u2019est pass\u00e9, comprendre les m\u00e9canismes profonds qui l\u2019ont rendu possible, en tirer les le\u00e7ons concr\u00e8tes et proposer des voies de sortie est la seule mani\u00e8re d\u2019emp\u00eacher que cela ne se reproduise sous d\u2019autres formes d\u2019\u00ab urgence \u00bb \u2013 climatique, cyber, sanitaire ou s\u00e9curitaire. Cet article final n\u2019est pas une conclusion passive, mais un appel \u00e0 la reconqu\u00eate de l\u2019autonomie individuelle et collective, fond\u00e9e sur la v\u00e9rit\u00e9, le courage et la responsabilit\u00e9.<\/p>\n<p>\u00a0<\/p>\n<h5><strong>Les le\u00e7ons fondamentales sur la nature humaine et la servitude volontaire moderne<\/strong><\/h5>\n<p>Le premier enseignement est intemporel et universel : la <strong>servitude volontaire <\/strong>d\u00e9crite par \u00c9tienne de La Bo\u00e9tie en 1548 n\u2019a pas disparu avec les tyrans visibles. Elle s\u2019est modernis\u00e9e et sophistiqu\u00e9e. Elle ne repose plus sur la force brute d\u2019un despote, mais sur la peur orchestr\u00e9e, la conformit\u00e9 sociale algorithmique, la banalit\u00e9 du bien et le pi\u00e8ge rationnel des incitations. Les citoyens ont souvent r\u00e9clam\u00e9 eux-m\u00eames leurs cha\u00eenes \u2013 passe sanitaire, QR code, attestations de d\u00e9placement \u2013 pour retrouver une \u00ab normalit\u00e9 \u00bb qui leur avait \u00e9t\u00e9 artificiellement retir\u00e9e.<\/p>\n<p><img decoding=\"async\" data-entity-uuid=\"5fee6d40-de86-436a-9f61-db3394aa4f14\" data-entity-type=\"file\" alt=\"Servitude part 5\" width=\"654\" height=\"365\" class=\"align-center lazyload\" loading=\"lazy\" src=\"https:\/\/www.francesoir.fr\/sites\/default\/files\/inline-images\/4_26.png\"\/><\/p>\n<p>\u00a0<\/p>\n<p>La <strong>peur<\/strong> n\u2019\u00e9tait pas seulement sanitaire. Elle \u00e9tait existentielle (la mort), sociale (l\u2019exclusion, l\u2019\u00e9tiquetage \u00ab complotiste \u00bb ou \u00ab irresponsable \u00bb) et \u00e9conomique (perte d\u2019emploi, pr\u00e9carit\u00e9). Elle a profond\u00e9ment modifi\u00e9 les priors beliefs de millions de personnes, rendant rationnel ce qui \u00e9tait auparavant inconcevable. La \u00ab banalit\u00e9 du bien \u00bb th\u00e9oris\u00e9e par Patrick Sigwalt a jou\u00e9 un r\u00f4le d\u00e9cisif : le discours moralisateur (\u00ab prot\u00e9gez les autres \u00bb, \u00ab solidarit\u00e9 nationale \u00bb, \u00ab science au service du plus grand nombre \u00bb) a rationalis\u00e9 collectivement la division, la honte, la culpabilisation et la transgression r\u00e9p\u00e9t\u00e9e des rep\u00e8res symboliques fondamentaux (consentement libre et \u00e9clair\u00e9, d\u00e9bat contradictoire, autonomie du sujet, loi de la parole).<\/p>\n<p><img decoding=\"async\" data-entity-uuid=\"bb1cf3eb-ded3-4630-97b0-5aaf89243dcb\" data-entity-type=\"file\" alt=\"Servitude part 5\" width=\"653\" height=\"365\" class=\"align-center lazyload\" loading=\"lazy\" src=\"https:\/\/www.francesoir.fr\/sites\/default\/files\/inline-images\/5_26.png\"\/><\/p>\n<p>Hannah Arendt aurait reconnu ici une<strong> inversion redoutable de la banalit\u00e9 du mal<\/strong> : le mal se commet aujourd\u2019hui au nom du bien, sans que ses acteurs se per\u00e7oivent comme violents. Emmanuel Levinas nous rappelle que la responsabilit\u00e9 envers l\u2019Autre est le fondement m\u00eame de l\u2019\u00e9thique ; or, les \u00e9lites ont choisi de fermer les yeux sur l\u2019Autre concret (le patient priv\u00e9 de traitement pr\u00e9coce, l\u2019enfant dont l\u2019\u00e9cole a ferm\u00e9, le commer\u00e7ant ruin\u00e9) au nom d\u2019un \u00ab bien \u00bb abstrait et statistique. Nietzsche y aurait vu une forme moderne de \u00ab <em>morale des esclaves<\/em> \u00bb : valoriser la s\u00e9curit\u00e9, la protection du plus faible et la conformit\u00e9 plut\u00f4t que le courage, la v\u00e9rit\u00e9 et la grandeur.<\/p>\n<p><img decoding=\"async\" data-entity-uuid=\"e33c7d00-57d0-4d3d-b9ad-96e5628777e6\" data-entity-type=\"file\" alt=\"Servitude part 5\" width=\"659\" height=\"368\" class=\"align-center lazyload\" loading=\"lazy\" src=\"https:\/\/www.francesoir.fr\/sites\/default\/files\/inline-images\/6_24.png\"\/><\/p>\n<p>Cet \u00e9pisode r\u00e9v\u00e8le la fragilit\u00e9 de l\u2019\u00eatre humain face \u00e0 la peur collective et \u00e0 la promesse de s\u00e9curit\u00e9. La servitude volontaire moderne est moins impos\u00e9e par un tyran que consentie par des individus fatigu\u00e9s, satur\u00e9s d\u2019informations contradictoires, qui pr\u00e9f\u00e8rent d\u00e9l\u00e9guer leur jugement \u00e0 l\u2019autorit\u00e9 plut\u00f4t que d\u2019assumer l\u2019incertitude et la solitude du questionnement.<\/p>\n<p>\u00a0<\/p>\n<h5><strong>Ce que cet exercice r\u00e9v\u00e8le sur les \u00e9lites et le contrat social<\/strong><\/h5>\n<p>Les \u00e9lites fran\u00e7aises \u2013 politique, intellectuelle et \u00e9conomique \u2013 ont \u00e9chou\u00e9 collectivement aux cinq difficult\u00e9s pour dire la v\u00e9rit\u00e9 identifi\u00e9es par Bertolt Brecht en 1935. Brecht, dramaturge marxiste et antifasciste, \u00e9crivit cet essai en exil au Danemark apr\u00e8s avoir fui l\u2019Allemagne nazie en 1933. Il assistait \u00e0 la mont\u00e9e d\u2019un r\u00e9gime totalitaire qui contr\u00f4lait la presse, la culture et l\u2019information, imposait une v\u00e9rit\u00e9 officielle par la propagande et punissait s\u00e9v\u00e8rement toute dissidence. Face \u00e0 cette barbarie, Brecht ne se contenta pas de d\u00e9noncer : il offrit un manuel pratique destin\u00e9 aux intellectuels et aux r\u00e9sistants pour continuer \u00e0 dire la v\u00e9rit\u00e9 malgr\u00e9 la censure et la terreur.<\/p>\n<p>Brecht identifiait cinq obstacles concrets que doit surmonter quiconque veut dire la v\u00e9rit\u00e9 en p\u00e9riode de crise ou d\u2019oppression :<\/p>\n<ol>\n<li data-list-item-id=\"e3851cff1fc2199fb8d7fd0913abbb3fa\">Le <strong>courage<\/strong> de la dire malgr\u00e9 les risques d\u2019exclusion, de d\u00e9classement ou de stigmatisation.<\/li>\n<li data-list-item-id=\"e1d9fc16da2c6fdf98841fd95d31ed2d1\">La <strong>lucidit\u00e9<\/strong> de la reconna\u00eetre au milieu de la propagande et des fausses v\u00e9rit\u00e9s officielles.<\/li>\n<li data-list-item-id=\"e009108e9f1197743f03497ece5f25bf9\">Le <strong>jugement<\/strong> de choisir quelle v\u00e9rit\u00e9 est la plus urgente \u00e0 dire.<\/li>\n<li data-list-item-id=\"ec77ba7607d4d3ac14fab54ee843b36f1\"><strong>L\u2019art<\/strong> de la rendre utilisable comme une arme pour la r\u00e9sistance.<\/li>\n<li data-list-item-id=\"ec73dbe52816e3b2889ca0c6b5d6b817a\">La <strong>ruse<\/strong> de la diffuser sans se faire imm\u00e9diatement r\u00e9duire au silence.<\/li>\n<\/ol>\n<p><img decoding=\"async\" data-entity-uuid=\"1a7951bc-257a-4a10-af58-5fecc3809234\" data-entity-type=\"file\" alt=\"Servitude part 5\" width=\"653\" height=\"365\" class=\"align-center lazyload\" loading=\"lazy\" src=\"https:\/\/www.francesoir.fr\/sites\/default\/files\/inline-images\/8_18.png\"\/><\/p>\n<p>Les \u00e9lites fran\u00e7aises ont \u00e9chou\u00e9 sur ces cinq points. Elles ont manqu\u00e9 de courage face \u00e0 l\u2019\u00e9tiquetage \u00ab <em>complotiste<\/em> \u00bb, de lucidit\u00e9 face aux donn\u00e9es qui contredisaient le narratif officiel, de jugement en <strong>privil\u00e9giant la v\u00e9rit\u00e9 de groupe<\/strong> plut\u00f4t que la v\u00e9rit\u00e9 factuelle, d\u2019art pour transformer leur savoir en contre-pouvoir, et de ruse pour faire circuler les faits sans se faire ostraciser. Au lieu de cela, elles ont choisi la conformit\u00e9, transformant leur silence ou leur acquiescement en un nouvel outil de gouvernance.<\/p>\n<p><img decoding=\"async\" data-entity-uuid=\"aa80dfda-bdf5-4ff8-bd90-20ea618c40ef\" data-entity-type=\"file\" alt=\"Servitude part 5\" width=\"650\" height=\"363\" class=\"align-center lazyload\" loading=\"lazy\" src=\"https:\/\/www.francesoir.fr\/sites\/default\/files\/inline-images\/7_20.png\"\/><\/p>\n<p>Un exemple flagrant de cette capitulation persiste encore aujourd\u2019hui : la <a target=\"_blank\" href=\"https:\/\/www.pasteur.fr\/fr\/journal-recherche\/actualites\/pres-300-personnalites-defendent-vaccination-vie-sauvee-toutes-huit-secondes\">tribune publi\u00e9e par l\u2019Institut Pasteur en avril 2026<\/a>, sign\u00e9e par pr\u00e8s de 300 personnalit\u00e9s (dont nombre se sont tromp\u00e9es), affirmait avec dogmatisme qu\u2019une vie \u00e9tait sauv\u00e9e \u00ab <em>toutes les huit secondes<\/em> \u00bb gr\u00e2ce \u00e0 la vaccination. Cette <a target=\"_blank\" href=\"https:\/\/x.com\/xazalbert\/status\/2049239362726961628?s=20\">d\u00e9claration, reprise et amplifi\u00e9e par la ministre de la Sant\u00e9 et une d\u00e9put\u00e9e,<\/a> permet justement de <strong>rappeler que \u00ab <\/strong><em><strong>les Lumi\u00e8res, ce n\u2019est pas le dogme<\/strong><\/em><strong> \u00bb<\/strong>. On y voit clairement la science transform\u00e9e en religion d\u2019\u00c9tat, o\u00f9 le doute m\u00e9thodique est remplac\u00e9 par la foi aveugle et le slogan.<\/p>\n<p>Cette capitulation n\u2019est pas anodine. Elle r\u00e9v\u00e8le que m\u00eame les mieux form\u00e9s <strong>peuvent sacrifier l\u2019esprit critique<\/strong> lorsque le co\u00fbt personnel de la dissidence devient trop \u00e9lev\u00e9. Le Dilemme du Prisonnier et l\u2019\u00c9quilibre de Nash expliquent rationnellement ce pi\u00e8ge : chaque \u00e9lite avait int\u00e9r\u00eat individuel \u00e0 rester dans le groupe, m\u00eame si collectivement elles contribuaient \u00e0 la destruction de la v\u00e9rit\u00e9 et de la confiance.<\/p>\n<p>Comme le soulignait l\u2019analyse sur <a target=\"_blank\" href=\"https:\/\/www.francesoir.fr\/opinions-editos\/la-declaration-de-paris-l-etat-artisan-de-ses-propres-mensonges-face-une-verite-qu\"><em><strong>La D\u00e9claration de Paris<\/strong><\/em><\/a><em>, \u00ab l\u2019\u00c9tat fran\u00e7ais s\u2019auto-proclame juge et partie<\/em> \u00bb tout en \u00e9tant \u00ab <em>le fossoyeur en chef de la v\u00e9rit\u00e9<\/em> \u00bb. Cette inversion accusatoire, o\u00f9 l\u2019\u00c9tat fabrique ses propres mensonges tout en pr\u00e9tendant les combattre, prolonge directement la trahison du contrat social analys\u00e9e pr\u00e9c\u00e9demment.<\/p>\n<p>Le contrat social rousseauiste <strong>a \u00e9t\u00e9 rompu de mani\u00e8re spectaculaire<\/strong>. L\u2019\u00e9galit\u00e9 devant la loi a disparu, la transparence a \u00e9t\u00e9 remplac\u00e9e par l\u2019opacit\u00e9, et le \u00ab bien \u00bb abstrait a servi de justification \u00e0 la maltraitance concr\u00e8te. La France, pays des Lumi\u00e8res, est devenue un pays des Lumi\u00e8res \u00e9teintes.<\/p>\n<p>\u00a0<\/p>\n<h5><strong>Les cons\u00e9quences structurelles et durables (2026)<\/strong><\/h5>\n<p>En 2026, les effets de cet exercice sont encore profond\u00e9ment ressentis. Le sondage <a target=\"_blank\" href=\"https:\/\/www.francesoir.fr\/politique-france\/les-francais-face-une-crise-multidimensionnelle-en-fevrier-2026-sondage-france\">MIS Group de f\u00e9vrier 2026<\/a> r\u00e9v\u00e8le une d\u00e9fiance massive et durable : 73 % des Fran\u00e7ais n\u2019ont plus confiance dans le gouvernement, 65 % jugent les m\u00e9dias mainstream non objectifs, et une part significative accuse explicitement les mensonges d\u2019\u00c9tat pendant la crise. Le barom\u00e8tre de l\u2019opinion de f\u00e9vrier 2025 confirme une France en rupture de confiance, avec un rejet prononc\u00e9 des \u00e9lites et une forte d\u00e9fiance vis-\u00e0-vis de la vaccination COVID.<\/p>\n<p><img decoding=\"async\" data-entity-uuid=\"67b8011c-18b4-4cb6-892b-8190c0f4f711\" data-entity-type=\"file\" alt=\"Servitude part 5\" width=\"658\" height=\"367\" class=\"align-center lazyload\" loading=\"lazy\" src=\"https:\/\/www.francesoir.fr\/sites\/default\/files\/inline-images\/9_20.png\"\/><\/p>\n<p>M\u00eame une partie des m\u00e9dias mainstream commence \u00e0 reconna\u00eetre que Macron a \u00ab <em>saccag\u00e9 la France<\/em> \u00bb. Le pays des Lumi\u00e8res est devenu un pays des Lumi\u00e8res \u00e9teintes : opacit\u00e9, divisions, trahison des libert\u00e9s. On assiste \u00e0 un d\u00e9classement de la France en d\u00e9mocratie d\u00e9faillante. La \u00ab grande allergie fran\u00e7aise \u00bb d\u00e9crite par plusieurs analyses \u2013 cette rupture irr\u00e9parable entre le peuple et ses \u00e9lites \u2013 se manifeste par une soci\u00e9t\u00e9 fractur\u00e9e, o\u00f9 le malaise est devenu chronique.<\/p>\n<h5>\u00a0<\/h5>\n<h5><strong>Les voies pour retrouver l\u2019autonomie collective<\/strong><\/h5>\n<p>Le devoir de m\u00e9moire ne suffit pas. Il doit se transformer en action. Brecht nous donne un cadre concret et op\u00e9rationnel avec ses cinq difficult\u00e9s pour dire la v\u00e9rit\u00e9. Voici comment les appliquer aujourd\u2019hui, de mani\u00e8re pr\u00e9cise et exigeante :<\/p>\n<ol>\n<li data-list-item-id=\"e35d49eb53c4aa447ccbb00e20cf155d9\">Le <strong>courage<\/strong> : oser dire la v\u00e9rit\u00e9 malgr\u00e9 les risques d\u2019\u00e9tiquetage, de d\u00e9classement ou d\u2019ostracisme. Cela implique de refuser le silence complice, m\u00eame lorsque le prix social est \u00e9lev\u00e9. Des m\u00e9decins qui ont prescrit des traitements pr\u00e9coces malgr\u00e9 les interdictions, des journalistes ind\u00e9pendants qui ont continu\u00e9 \u00e0 enqu\u00eater malgr\u00e9 les d\u00e9r\u00e9f\u00e9rencements, ou des citoyens ordinaires qui ont refus\u00e9 le passe sanitaire au prix de leur vie sociale, ont incarn\u00e9 ce courage.<\/li>\n<li data-list-item-id=\"e11e4a9061ceb801955bb6e44216f5195\">La <strong>lucidit\u00e9<\/strong> : reconna\u00eetre la propagande et les fausses v\u00e9rit\u00e9s m\u00eame lorsqu\u2019elles sont habill\u00e9es de bonnes intentions (\u00ab prot\u00e9gez les autres \u00bb, \u00ab science parle d\u2019une seule voix \u00bb). Cela exige de voir au-del\u00e0 des slogans et de confronter les donn\u00e9es r\u00e9elles aux affirmations officielles.<\/li>\n<li data-list-item-id=\"e1cc739105edaef0280bdb73f604117e2\">Le <strong>jugement<\/strong> : choisir les v\u00e9rit\u00e9s les plus urgentes \u00e0 dire (la perte de confiance, la financiarisation de la science, la trahison des \u00e9lites, la dette comme outil d\u2019asservissement). Il ne s\u2019agit pas de tout dire en m\u00eame temps, mais de prioriser ce qui permet de reconstruire l\u2019autonomie.<\/li>\n<li data-list-item-id=\"e9d5fe12e390080d1eb310788b0f68a13\"><strong>L\u2019art<\/strong> : rendre la v\u00e9rit\u00e9 utilisable, accessible et mobilisatrice, en transformant les faits en arguments compr\u00e9hensibles et en outils de r\u00e9sistance. C\u2019est le travail des p\u00e9dagogues, des essayistes et des cr\u00e9ateurs qui savent traduire la complexit\u00e9 en langage clair.<\/li>\n<li data-list-item-id=\"e71f7e9b68b38bd483fd2e39962aa7879\">La <strong>ruse<\/strong> : la diffuser sans se faire imm\u00e9diatement r\u00e9duire au silence, en utilisant les r\u00e9seaux alternatifs, l\u2019\u00e9ducation populaire, le travail collectif et les formes d\u2019expression qui contournent la censure algorithmique.<\/li>\n<\/ol>\n<p><img decoding=\"async\" data-entity-uuid=\"fadfb27f-562a-40a4-8ba9-0b58940b79a8\" data-entity-type=\"file\" alt=\"Servitude part 5\" width=\"652\" height=\"364\" class=\"align-center lazyload\" loading=\"lazy\" src=\"https:\/\/www.francesoir.fr\/sites\/default\/files\/inline-images\/10_14.png\"\/><\/p>\n<p>Comme l\u2019illustre le tweet orwellien de l\u2019\u00c9lys\u00e9e de d\u00e9cembre 2025, <a target=\"_blank\" href=\"https:\/\/www.francesoir.fr\/opinions-editos\/l-etat-francais-vient-de-tweeter-sa-propre-caricature-orwellienne-et-personne-ne\">l\u2019\u00c9tat continue de se caricaturer lui-m\u00eame en<\/a> \u00ab Minist\u00e8re de la V\u00e9rit\u00e9 \u00bb : il accuse les autres de d\u00e9sinformation tout en pratiquant le double langage et la censure. Reprendre possession du langage et refuser la \u00ab\u00a0double-pens\u00e9e\u00a0\u00bb (doublethink) ou le \u00ab\u00a0en-m\u00eame temps\u00a0\u00bb est donc la premi\u00e8re \u00e9tape concr\u00e8te de la reconqu\u00eate.<\/p>\n<p><img decoding=\"async\" data-entity-uuid=\"511823a5-47bf-40fe-b551-d3df41b352d5\" data-entity-type=\"file\" alt=\"Servitude part 5\" width=\"656\" height=\"366\" class=\"align-center lazyload\" loading=\"lazy\" src=\"https:\/\/www.francesoir.fr\/sites\/default\/files\/inline-images\/11_14.png\"\/><\/p>\n<p>Retrouver l\u2019autonomie passe aussi par le refus de la banalit\u00e9 du bien, la r\u00e9affirmation du courage civique et la reconstruction du contrat social sur des bases de transparence et d\u2019\u00e9galit\u00e9 r\u00e9elle. La France a cr\u00e9\u00e9 ce contrat social pour garantir le droit fondamental \u00e0 l\u2019autonomie : la libert\u00e9 de penser, de d\u00e9battre, de choisir son mode de vie et de soins, de refuser l\u2019arbitraire de l\u2019\u00c9tat. Les principes de 1789 \u2013 Libert\u00e9, \u00c9galit\u00e9, Fraternit\u00e9 \u2013 n\u2019\u00e9taient pas des slogans, mais des <strong>valeurs fondatrices destin\u00e9es \u00e0 prot\u00e9ger l\u2019individu contre l\u2019absolutisme et l\u2019arbitraire<\/strong>. Ce contrat a \u00e9t\u00e9 rompu. Le r\u00e9tablir exige de r\u00e9affirmer ces principes non comme des abstractions, mais comme des exigences concr\u00e8tes.<\/p>\n<p><img decoding=\"async\" data-entity-uuid=\"335c062a-2d20-4919-99e9-940153cb5076\" data-entity-type=\"file\" alt=\"Servitude part 5\" width=\"651\" height=\"363\" class=\"align-center lazyload\" loading=\"lazy\" src=\"https:\/\/www.francesoir.fr\/sites\/default\/files\/inline-images\/13_14.png\"\/><\/p>\n<p>Un exemple concret de cette reconqu\u00eate existe d\u00e9j\u00e0 dans des territoires comme l\u2019Ari\u00e8ge. \u00c0 Baulou, Christelle Record a r\u00e9sist\u00e9 \u00e0 l\u2019obligation de vacciner son troupeau contre une maladie sanitaire, d\u00e9fendant son mod\u00e8le d\u2019\u00e9levage autonome, herbeux, en circuit court et respectueux de la sant\u00e9 globale de la ferme. Face \u00e0 la pression administrative et \u00e0 l\u2019intervention des services v\u00e9t\u00e9rinaires, elle a d\u00fb finalement succomber \u00e0 l\u2019obligation vaccinale forc\u00e9e. Cependant, les donn\u00e9es post\u00e9rieures semblent lui donner raison. Dans une affaire r\u00e9cente en Sardaigne, 190 vaches vaccin\u00e9es ont d\u00fb \u00eatre abattues, et Christelle Record continue d\u2019appeler ses coll\u00e8gues \u00e9leveurs \u00e0 la vigilance et \u00e0 la r\u00e9sistance. Cette r\u00e9sistance locale, modeste mais d\u00e9termin\u00e9e, illustre ce que peut signifier le refus concret de la servitude : d\u00e9fendre une forme de vie coh\u00e9rente contre une logique \u00e9tatique abstraite et centralis\u00e9e, m\u00eame quand la pression force des compromis temporaires.<\/p>\n<p><img decoding=\"async\" data-entity-uuid=\"48c3ef09-1091-43fa-9f48-31f8a4c80777\" data-entity-type=\"file\" alt=\"Servitude part 5\" width=\"653\" height=\"365\" class=\"align-center lazyload\" loading=\"lazy\" src=\"https:\/\/www.francesoir.fr\/sites\/default\/files\/inline-images\/12_17.png\"\/><\/p>\n<p>\u00a0<\/p>\n<h5><strong>Conclusion \u2013 Le devoir de m\u00e9moire comme acte de r\u00e9sistance<\/strong><\/h5>\n<p>Ce floril\u00e8ge de la servitude volontaire n\u2019est pas une page que l\u2019on tourne. C\u2019est un avertissement. Il montre qu\u2019une soci\u00e9t\u00e9 \u00e9duqu\u00e9e peut, en quelques mois, accepter de se d\u00e9poss\u00e9der de ses libert\u00e9s fondamentales au nom d\u2019un bien abstrait. Il r\u00e9v\u00e8le la fragilit\u00e9 de l\u2019autonomie humaine face \u00e0 la peur, \u00e0 la conformit\u00e9 et \u00e0 la banalit\u00e9 du bien.<\/p>\n<p>Le devoir de m\u00e9moire est un acte de r\u00e9sistance. Nommer ce qui s\u2019est pass\u00e9, comprendre les m\u00e9canismes et en tirer les le\u00e7ons concr\u00e8tes est la seule mani\u00e8re d\u2019emp\u00eacher que cela ne se reproduise sous d\u2019autres formes d\u2019\u00ab urgence \u00bb.<\/p>\n<p>La France, pays des Lumi\u00e8res, peut-elle retrouver sa lumi\u00e8re ? La r\u00e9ponse ne d\u00e9pend pas des \u00e9lites. Elle d\u00e9pend de chacun d\u2019entre nous : de notre courage de dire la v\u00e9rit\u00e9, de notre lucidit\u00e9 face au mensonge, et de notre volont\u00e9 de ne plus servir.<\/p>\n<blockquote>\n<p><strong>La servitude volontaire prend fin quand nous d\u00e9cidons, collectivement, de ne plus servir.<\/strong><\/p>\n<\/blockquote>\n<p><img decoding=\"async\" data-entity-uuid=\"aa12c5e8-df54-46cd-8ab2-5b42929541a9\" data-entity-type=\"file\" alt=\"Servitude part 5\" width=\"657\" height=\"367\" loading=\"lazy\" class=\"lazyload\" src=\"https:\/\/www.francesoir.fr\/sites\/default\/files\/inline-images\/14_11.png\"\/><\/p>\n<p>Fin de la s\u00e9rie. Mai 2026.<\/p>\n<p>Retrouvez le d\u00e9cryptage vid\u00e9o de cet article :\u00a0<\/p>\n<p><iframe loading=\"lazy\" title=\"DEVOIR DE MEMOIRE   les le\u00e7ons de ce floril\u00e8ge et les voies pour retrouver l\u2019autonomie collective\" width=\"1110\" height=\"624\" src=\"https:\/\/www.youtube.com\/embed\/Q_bt3ZHTQms?feature=oembed\" frameborder=\"0\" allow=\"accelerometer; autoplay; clipboard-write; encrypted-media; gyroscope; picture-in-picture; web-share\" referrerpolicy=\"strict-origin-when-cross-origin\" allowfullscreen><\/iframe><\/p>\n<\/div>\n<p><script>(function(d, s, id) {  var js, fjs = d.getElementsByTagName(s)[0];  if (d.getElementById(id)) return;  js = d.createElement(s); js.id = id;  js.src = \"\/\/connect.facebook.net\/fr_FR\/sdk.js#xfbml=1&version=v2.3\";  fjs.parentNode.insertBefore(js, fjs);}(document, \"script\", \"facebook-jssdk\"));<\/script><br \/>\n<br \/><br \/>\n<br \/><a href=\"https:\/\/www.francesoir.fr\/opinions-tribunes\/devoir-de-memoire-le-florilege-de-la-servitude-volontaire-les-lecons-de-ce\" target=\"_blank\"\">Source link <\/a><\/p>\n","protected":false},"excerpt":{"rendered":"<p>Apr\u00e8s avoir dress\u00e9 le constat factuel et philosophique de la servitude volontaire (article 1), analys\u00e9 les techniques de programmation collective par la peur (article 2), expos\u00e9 l\u2019hypocrisie des \u00e9lites et&hellip; <\/p>\n","protected":false},"author":1,"featured_media":27344,"comment_status":"open","ping_status":"open","sticky":false,"template":"","format":"standard","meta":{"footnotes":""},"categories":[1],"tags":[],"class_list":["post-27343","post","type-post","status-publish","format-standard","has-post-thumbnail","hentry","category-non-classe"],"_links":{"self":[{"href":"https:\/\/monde25.info\/index.php\/wp-json\/wp\/v2\/posts\/27343","targetHints":{"allow":["GET"]}}],"collection":[{"href":"https:\/\/monde25.info\/index.php\/wp-json\/wp\/v2\/posts"}],"about":[{"href":"https:\/\/monde25.info\/index.php\/wp-json\/wp\/v2\/types\/post"}],"author":[{"embeddable":true,"href":"https:\/\/monde25.info\/index.php\/wp-json\/wp\/v2\/users\/1"}],"replies":[{"embeddable":true,"href":"https:\/\/monde25.info\/index.php\/wp-json\/wp\/v2\/comments?post=27343"}],"version-history":[{"count":0,"href":"https:\/\/monde25.info\/index.php\/wp-json\/wp\/v2\/posts\/27343\/revisions"}],"wp:featuredmedia":[{"embeddable":true,"href":"https:\/\/monde25.info\/index.php\/wp-json\/wp\/v2\/media\/27344"}],"wp:attachment":[{"href":"https:\/\/monde25.info\/index.php\/wp-json\/wp\/v2\/media?parent=27343"}],"wp:term":[{"taxonomy":"category","embeddable":true,"href":"https:\/\/monde25.info\/index.php\/wp-json\/wp\/v2\/categories?post=27343"},{"taxonomy":"post_tag","embeddable":true,"href":"https:\/\/monde25.info\/index.php\/wp-json\/wp\/v2\/tags?post=27343"}],"curies":[{"name":"wp","href":"https:\/\/api.w.org\/{rel}","templated":true}]}}