{"id":2736,"date":"2025-02-16T14:14:43","date_gmt":"2025-02-16T13:14:43","guid":{"rendered":"https:\/\/monde25.info\/index.php\/2025\/02\/16\/photos-de-la-conference-de-manosque-avec-patrick-pasin-concernant-le-climatisme\/"},"modified":"2025-02-16T14:14:43","modified_gmt":"2025-02-16T13:14:43","slug":"photos-de-la-conference-de-manosque-avec-patrick-pasin-concernant-le-climatisme","status":"publish","type":"post","link":"https:\/\/monde25.info\/index.php\/2025\/02\/16\/photos-de-la-conference-de-manosque-avec-patrick-pasin-concernant-le-climatisme\/","title":{"rendered":"Photos de la conf\u00e9rence de Manosque avec Patrick Pasin concernant le climatisme"},"content":{"rendered":"<p> <br \/>\n<\/p>\n<div class=\"intro-text\">\n<p><span class=\"css-1jxf684 r-bcqeeo r-1ttztb7 r-qvutc0 r-poiln3\">Magnifique double conf\u00e9rence hier \u00e0 Manosque avec un merveilleux public. Merci \u00e0 tous pour l&rsquo;accueil et la pr\u00e9sence. Merci \u00e0 l&rsquo;association les Cassandres d&rsquo;avoir organis\u00e9 l&rsquo;\u00e9v\u00e9nement. Salutations \u00e0 tous.\u00a0<\/span><\/p>\n<\/div>\n<hr \/>\n<p><a target=\"_blank\" href=\"https:\/\/i0.wp.com\/www.lelibrepenseur.org\/wp-content\/uploads\/2025\/02\/photo_2025-02-15_21-49-26-2.jpg?ssl=1\"><img loading=\"lazy\" decoding=\"async\" width=\"300\" height=\"169\" src=\"https:\/\/i0.wp.com\/www.lelibrepenseur.org\/wp-content\/uploads\/2025\/02\/photo_2025-02-15_21-49-26-2.jpg?fit=300%2C169&amp;ssl=1\" class=\"attachment-medium size-medium\" alt=\"\" data-attachment-id=\"6052003\" data-permalink=\"https:\/\/www.lelibrepenseur.org\/photos-de-la-conference-de-manosque-avec-patrick-pasin-concernant-le-climatisme\/photo_2025-02-15_21-49-26-2\/\" data-orig-file=\"https:\/\/i0.wp.com\/www.lelibrepenseur.org\/wp-content\/uploads\/2025\/02\/photo_2025-02-15_21-49-26-2.jpg?fit=1280%2C720&amp;ssl=1\" data-orig-size=\"1280,720\" data-comments-opened=\"1\" data-image-meta=\"{&quot;aperture&quot;:&quot;0&quot;,&quot;credit&quot;:&quot;&quot;,&quot;camera&quot;:&quot;&quot;,&quot;caption&quot;:&quot;&quot;,&quot;created_timestamp&quot;:&quot;0&quot;,&quot;copyright&quot;:&quot;&quot;,&quot;focal_length&quot;:&quot;0&quot;,&quot;iso&quot;:&quot;0&quot;,&quot;shutter_speed&quot;:&quot;0&quot;,&quot;title&quot;:&quot;&quot;,&quot;orientation&quot;:&quot;0&quot;}\" data-image-title=\"photo_2025-02-15_21-49-26 (2)\" data-image-description=\"\" data-image-caption=\"\" data-medium-file=\"https:\/\/i0.wp.com\/www.lelibrepenseur.org\/wp-content\/uploads\/2025\/02\/photo_2025-02-15_21-49-26-2.jpg?fit=300%2C169&amp;ssl=1\" data-large-file=\"https:\/\/i0.wp.com\/www.lelibrepenseur.org\/wp-content\/uploads\/2025\/02\/photo_2025-02-15_21-49-26-2.jpg?fit=1024%2C576&amp;ssl=1\" \/><\/a><br \/>\n<a target=\"_blank\" href=\"https:\/\/i0.wp.com\/www.lelibrepenseur.org\/wp-content\/uploads\/2025\/02\/photo_2025-02-15_21-49-26.jpg?ssl=1\"><img loading=\"lazy\" decoding=\"async\" width=\"300\" height=\"169\" src=\"https:\/\/i0.wp.com\/www.lelibrepenseur.org\/wp-content\/uploads\/2025\/02\/photo_2025-02-15_21-49-26.jpg?fit=300%2C169&amp;ssl=1\" class=\"attachment-medium size-medium\" alt=\"\" data-attachment-id=\"6052004\" data-permalink=\"https:\/\/www.lelibrepenseur.org\/photos-de-la-conference-de-manosque-avec-patrick-pasin-concernant-le-climatisme\/photo_2025-02-15_21-49-26\/\" data-orig-file=\"https:\/\/i0.wp.com\/www.lelibrepenseur.org\/wp-content\/uploads\/2025\/02\/photo_2025-02-15_21-49-26.jpg?fit=1280%2C720&amp;ssl=1\" data-orig-size=\"1280,720\" data-comments-opened=\"1\" data-image-meta=\"{&quot;aperture&quot;:&quot;0&quot;,&quot;credit&quot;:&quot;&quot;,&quot;camera&quot;:&quot;&quot;,&quot;caption&quot;:&quot;&quot;,&quot;created_timestamp&quot;:&quot;0&quot;,&quot;copyright&quot;:&quot;&quot;,&quot;focal_length&quot;:&quot;0&quot;,&quot;iso&quot;:&quot;0&quot;,&quot;shutter_speed&quot;:&quot;0&quot;,&quot;title&quot;:&quot;&quot;,&quot;orientation&quot;:&quot;1&quot;}\" data-image-title=\"photo_2025-02-15_21-49-26\" data-image-description=\"\" data-image-caption=\"\" data-medium-file=\"https:\/\/i0.wp.com\/www.lelibrepenseur.org\/wp-content\/uploads\/2025\/02\/photo_2025-02-15_21-49-26.jpg?fit=300%2C169&amp;ssl=1\" data-large-file=\"https:\/\/i0.wp.com\/www.lelibrepenseur.org\/wp-content\/uploads\/2025\/02\/photo_2025-02-15_21-49-26.jpg?fit=1024%2C576&amp;ssl=1\" \/><\/a><br \/>\n<a target=\"_blank\" href=\"https:\/\/i0.wp.com\/www.lelibrepenseur.org\/wp-content\/uploads\/2025\/02\/photo_2025-02-15_21-49-27-2.jpg?ssl=1\"><img loading=\"lazy\" decoding=\"async\" width=\"300\" height=\"169\" src=\"https:\/\/i0.wp.com\/www.lelibrepenseur.org\/wp-content\/uploads\/2025\/02\/photo_2025-02-15_21-49-27-2.jpg?fit=300%2C169&amp;ssl=1\" class=\"attachment-medium size-medium\" alt=\"\" data-attachment-id=\"6052005\" data-permalink=\"https:\/\/www.lelibrepenseur.org\/photos-de-la-conference-de-manosque-avec-patrick-pasin-concernant-le-climatisme\/photo_2025-02-15_21-49-27-2\/\" data-orig-file=\"https:\/\/i0.wp.com\/www.lelibrepenseur.org\/wp-content\/uploads\/2025\/02\/photo_2025-02-15_21-49-27-2.jpg?fit=1280%2C720&amp;ssl=1\" data-orig-size=\"1280,720\" data-comments-opened=\"1\" data-image-meta=\"{&quot;aperture&quot;:&quot;0&quot;,&quot;credit&quot;:&quot;&quot;,&quot;camera&quot;:&quot;&quot;,&quot;caption&quot;:&quot;&quot;,&quot;created_timestamp&quot;:&quot;0&quot;,&quot;copyright&quot;:&quot;&quot;,&quot;focal_length&quot;:&quot;0&quot;,&quot;iso&quot;:&quot;0&quot;,&quot;shutter_speed&quot;:&quot;0&quot;,&quot;title&quot;:&quot;&quot;,&quot;orientation&quot;:&quot;0&quot;}\" data-image-title=\"photo_2025-02-15_21-49-27 (2)\" data-image-description=\"\" data-image-caption=\"\" data-medium-file=\"https:\/\/i0.wp.com\/www.lelibrepenseur.org\/wp-content\/uploads\/2025\/02\/photo_2025-02-15_21-49-27-2.jpg?fit=300%2C169&amp;ssl=1\" data-large-file=\"https:\/\/i0.wp.com\/www.lelibrepenseur.org\/wp-content\/uploads\/2025\/02\/photo_2025-02-15_21-49-27-2.jpg?fit=1024%2C576&amp;ssl=1\" \/><\/a><br \/>\n<a target=\"_blank\" href=\"https:\/\/i0.wp.com\/www.lelibrepenseur.org\/wp-content\/uploads\/2025\/02\/photo_2025-02-15_21-49-27.jpg?ssl=1\"><img decoding=\"async\" loading=\"lazy\" width=\"300\" height=\"169\" src=\"https:\/\/i0.wp.com\/www.lelibrepenseur.org\/wp-content\/uploads\/2025\/02\/photo_2025-02-15_21-49-27.jpg?fit=300%2C169&amp;ssl=1\" class=\"attachment-medium size-medium\" alt=\"\" data-attachment-id=\"6052006\" data-permalink=\"https:\/\/www.lelibrepenseur.org\/photos-de-la-conference-de-manosque-avec-patrick-pasin-concernant-le-climatisme\/photo_2025-02-15_21-49-27\/\" data-orig-file=\"https:\/\/i0.wp.com\/www.lelibrepenseur.org\/wp-content\/uploads\/2025\/02\/photo_2025-02-15_21-49-27.jpg?fit=1280%2C722&amp;ssl=1\" data-orig-size=\"1280,722\" data-comments-opened=\"1\" data-image-meta=\"{&quot;aperture&quot;:&quot;0&quot;,&quot;credit&quot;:&quot;&quot;,&quot;camera&quot;:&quot;&quot;,&quot;caption&quot;:&quot;&quot;,&quot;created_timestamp&quot;:&quot;0&quot;,&quot;copyright&quot;:&quot;&quot;,&quot;focal_length&quot;:&quot;0&quot;,&quot;iso&quot;:&quot;0&quot;,&quot;shutter_speed&quot;:&quot;0&quot;,&quot;title&quot;:&quot;&quot;,&quot;orientation&quot;:&quot;0&quot;}\" data-image-title=\"photo_2025-02-15_21-49-27\" data-image-description=\"\" data-image-caption=\"\" data-medium-file=\"https:\/\/i0.wp.com\/www.lelibrepenseur.org\/wp-content\/uploads\/2025\/02\/photo_2025-02-15_21-49-27.jpg?fit=300%2C169&amp;ssl=1\" data-large-file=\"https:\/\/i0.wp.com\/www.lelibrepenseur.org\/wp-content\/uploads\/2025\/02\/photo_2025-02-15_21-49-27.jpg?fit=1024%2C578&amp;ssl=1\" \/><\/a><br \/>\n<a target=\"_blank\" href=\"https:\/\/i0.wp.com\/www.lelibrepenseur.org\/wp-content\/uploads\/2025\/02\/photo_2025-02-15_21-49-25.jpg?ssl=1\"><img decoding=\"async\" loading=\"lazy\" width=\"169\" height=\"300\" src=\"https:\/\/i0.wp.com\/www.lelibrepenseur.org\/wp-content\/uploads\/2025\/02\/photo_2025-02-15_21-49-25.jpg?fit=169%2C300&amp;ssl=1\" class=\"attachment-medium size-medium\" alt=\"\" data-attachment-id=\"6052007\" data-permalink=\"https:\/\/www.lelibrepenseur.org\/photos-de-la-conference-de-manosque-avec-patrick-pasin-concernant-le-climatisme\/photo_2025-02-15_21-49-25\/\" data-orig-file=\"https:\/\/i0.wp.com\/www.lelibrepenseur.org\/wp-content\/uploads\/2025\/02\/photo_2025-02-15_21-49-25.jpg?fit=720%2C1280&amp;ssl=1\" data-orig-size=\"720,1280\" data-comments-opened=\"1\" data-image-meta=\"{&quot;aperture&quot;:&quot;0&quot;,&quot;credit&quot;:&quot;&quot;,&quot;camera&quot;:&quot;&quot;,&quot;caption&quot;:&quot;&quot;,&quot;created_timestamp&quot;:&quot;0&quot;,&quot;copyright&quot;:&quot;&quot;,&quot;focal_length&quot;:&quot;0&quot;,&quot;iso&quot;:&quot;0&quot;,&quot;shutter_speed&quot;:&quot;0&quot;,&quot;title&quot;:&quot;&quot;,&quot;orientation&quot;:&quot;0&quot;}\" data-image-title=\"photo_2025-02-15_21-49-25\" data-image-description=\"\" data-image-caption=\"\" data-medium-file=\"https:\/\/i0.wp.com\/www.lelibrepenseur.org\/wp-content\/uploads\/2025\/02\/photo_2025-02-15_21-49-25.jpg?fit=169%2C300&amp;ssl=1\" data-large-file=\"https:\/\/i0.wp.com\/www.lelibrepenseur.org\/wp-content\/uploads\/2025\/02\/photo_2025-02-15_21-49-25.jpg?fit=576%2C1024&amp;ssl=1\" \/><\/a><br \/>\n<a target=\"_blank\" href=\"https:\/\/i0.wp.com\/www.lelibrepenseur.org\/wp-content\/uploads\/2025\/02\/photo_2025-02-15_21-49-29.jpg?ssl=1\"><img decoding=\"async\" loading=\"lazy\" width=\"300\" height=\"169\" src=\"https:\/\/i0.wp.com\/www.lelibrepenseur.org\/wp-content\/uploads\/2025\/02\/photo_2025-02-15_21-49-29.jpg?fit=300%2C169&amp;ssl=1\" class=\"attachment-medium size-medium\" alt=\"\" data-attachment-id=\"6052008\" data-permalink=\"https:\/\/www.lelibrepenseur.org\/photos-de-la-conference-de-manosque-avec-patrick-pasin-concernant-le-climatisme\/photo_2025-02-15_21-49-29\/\" data-orig-file=\"https:\/\/i0.wp.com\/www.lelibrepenseur.org\/wp-content\/uploads\/2025\/02\/photo_2025-02-15_21-49-29.jpg?fit=1280%2C720&amp;ssl=1\" data-orig-size=\"1280,720\" data-comments-opened=\"1\" data-image-meta=\"{&quot;aperture&quot;:&quot;0&quot;,&quot;credit&quot;:&quot;&quot;,&quot;camera&quot;:&quot;&quot;,&quot;caption&quot;:&quot;&quot;,&quot;created_timestamp&quot;:&quot;0&quot;,&quot;copyright&quot;:&quot;&quot;,&quot;focal_length&quot;:&quot;0&quot;,&quot;iso&quot;:&quot;0&quot;,&quot;shutter_speed&quot;:&quot;0&quot;,&quot;title&quot;:&quot;&quot;,&quot;orientation&quot;:&quot;0&quot;}\" data-image-title=\"photo_2025-02-15_21-49-29\" data-image-description=\"\" data-image-caption=\"\" data-medium-file=\"https:\/\/i0.wp.com\/www.lelibrepenseur.org\/wp-content\/uploads\/2025\/02\/photo_2025-02-15_21-49-29.jpg?fit=300%2C169&amp;ssl=1\" data-large-file=\"https:\/\/i0.wp.com\/www.lelibrepenseur.org\/wp-content\/uploads\/2025\/02\/photo_2025-02-15_21-49-29.jpg?fit=1024%2C576&amp;ssl=1\" \/><\/a><\/p>\n<p>L\u2019article <a target=\"_blank\" href=\"https:\/\/www.lelibrepenseur.org\/photos-de-la-conference-de-manosque-avec-patrick-pasin-concernant-le-climatisme\/\">Photos de la conf\u00e9rence de Manosque avec Patrick Pasin concernant le climatisme<\/a> est apparu en premier sur <a target=\"_blank\" href=\"https:\/\/www.lelibrepenseur.org\">Le Libre Penseur<\/a>.<\/p>\n<p><br \/>\n<br \/><a href=\"https:\/\/www.lelibrepenseur.org\/photos-de-la-conference-de-manosque-avec-patrick-pasin-concernant-le-climatisme\/\" target=\"_blank\"\">Source link <\/a><\/p>\n","protected":false},"excerpt":{"rendered":"<p>Magnifique double conf\u00e9rence hier \u00e0 Manosque avec un merveilleux public. Merci \u00e0 tous pour l&rsquo;accueil et la pr\u00e9sence. Merci \u00e0 l&rsquo;association les Cassandres d&rsquo;avoir organis\u00e9 l&rsquo;\u00e9v\u00e9nement. Salutations \u00e0 tous.\u00a0 L\u2019article&hellip; <\/p>\n","protected":false},"author":1,"featured_media":2737,"comment_status":"open","ping_status":"open","sticky":false,"template":"","format":"standard","meta":{"footnotes":""},"categories":[1],"tags":[],"class_list":["post-2736","post","type-post","status-publish","format-standard","has-post-thumbnail","hentry","category-non-classe"],"_links":{"self":[{"href":"https:\/\/monde25.info\/index.php\/wp-json\/wp\/v2\/posts\/2736","targetHints":{"allow":["GET"]}}],"collection":[{"href":"https:\/\/monde25.info\/index.php\/wp-json\/wp\/v2\/posts"}],"about":[{"href":"https:\/\/monde25.info\/index.php\/wp-json\/wp\/v2\/types\/post"}],"author":[{"embeddable":true,"href":"https:\/\/monde25.info\/index.php\/wp-json\/wp\/v2\/users\/1"}],"replies":[{"embeddable":true,"href":"https:\/\/monde25.info\/index.php\/wp-json\/wp\/v2\/comments?post=2736"}],"version-history":[{"count":0,"href":"https:\/\/monde25.info\/index.php\/wp-json\/wp\/v2\/posts\/2736\/revisions"}],"wp:featuredmedia":[{"embeddable":true,"href":"https:\/\/monde25.info\/index.php\/wp-json\/wp\/v2\/media\/2737"}],"wp:attachment":[{"href":"https:\/\/monde25.info\/index.php\/wp-json\/wp\/v2\/media?parent=2736"}],"wp:term":[{"taxonomy":"category","embeddable":true,"href":"https:\/\/monde25.info\/index.php\/wp-json\/wp\/v2\/categories?post=2736"},{"taxonomy":"post_tag","embeddable":true,"href":"https:\/\/monde25.info\/index.php\/wp-json\/wp\/v2\/tags?post=2736"}],"curies":[{"name":"wp","href":"https:\/\/api.w.org\/{rel}","templated":true}]}}