{"id":2742,"date":"2025-02-16T16:58:35","date_gmt":"2025-02-16T15:58:35","guid":{"rendered":"https:\/\/monde25.info\/index.php\/2025\/02\/16\/rte-veut-investir-100-milliards-deuros-pour-renover-le-reseau-electrique-de-la-france\/"},"modified":"2025-02-16T16:58:35","modified_gmt":"2025-02-16T15:58:35","slug":"rte-veut-investir-100-milliards-deuros-pour-renover-le-reseau-electrique-de-la-france","status":"publish","type":"post","link":"https:\/\/monde25.info\/index.php\/2025\/02\/16\/rte-veut-investir-100-milliards-deuros-pour-renover-le-reseau-electrique-de-la-france\/","title":{"rendered":"RTE veut investir 100 milliards d\u2019euros pour r\u00e9nover le r\u00e9seau \u00e9lectrique de la France"},"content":{"rendered":"<p> <br \/>\n<\/p>\n<div style=\"position:relative;\">\n        <picture><source type=\"image\/webp\" srcset=\"https:\/\/reporterre.net\/local\/cache-vignettes\/L720xH480\/1295376317_3e809bacdf_o-cfa3f.jpg@.webp?1739536013\"><img loading=\"lazy\" decoding=\"async\" src=\"https:\/\/reporterre.net\/local\/cache-vignettes\/L720xH480\/1295376317_3e809bacdf_o-cfa3f.jpg?1739536013\" width=\"720\" height=\"480\" alt=\"&lt;span class=&quot;caps&quot;&gt;RTE&lt;\/span&gt; veut investir 100 milliards d'euros pour r\u00e9nover le r\u00e9seau \u00e9lectrique de la France\" class=\"image_logo voir_logo\"\/><\/p>\n<p><\/source><\/picture>\n<p class=\"legende_logo\">RTE a pr\u00e9sent\u00e9 un plan de transformation de ses installations, notamment pour les adapter au changement climatique. <span class=\"copyright_logo\">&#8211; Flickr \/  CC BY-NC-SA 2.0  \/ f_ c__ <\/span><\/p>\n<p class=\"legende_logo_480\">RTE a pr\u00e9sent\u00e9 un plan de transformation de ses installations, notamment pour les adapter au changement climatique. <span class=\"copyright_logo\">&#8211; Flickr \/  CC BY-NC-SA 2.0  \/ f_ c__ <\/span><\/p>\n<\/p><\/div>\n<div>\n        <span class=\"date\">14 f\u00e9vrier 2025  \u00e0 13h26<\/span><\/p>\n<p class=\"duree_lecture\">\n        Dur\u00e9e de lecture : 2 minutes\n      <\/p>\n<\/p><\/div>\n<div>\n<p>Gros budget. Le gestionnaire du r\u00e9seau de transport d\u2019\u00e9lectricit\u00e9 fran\u00e7ais (<span class=\"caps\">RTE<\/span>) pr\u00e9voit d\u2019investir jusqu\u2019\u00e0 100\u00a0milliards d\u2019euros d\u2019ici 2040, <a target=\"_blank\" href=\"https:\/\/www.rte-france.com\/analyses-tendances-et-prospectives\/le-schema-decennal-de-developpement-du-reseau\" class=\"spip_out\" rel=\"external\">a-t-il annonc\u00e9 le 13\u00a0f\u00e9vrier<\/a>. Il a pr\u00e9sent\u00e9 un plan de transformation de ses installations, notamment pour les adapter au <a target=\"_blank\" href=\"Qu-est-ce-que-le-rechauffement-climatique\">changement climatique<\/a>.<\/p>\n<p><span class=\"caps\">RTE<\/span> compte profiter du renouvellement de son r\u00e9seau de transport d\u2019\u00e9lectricit\u00e9 (23\u00a0500 km de lignes, 85\u00a0000 pyl\u00f4nes\u2026) \u2014 pr\u00e9vu pour des questions d\u2019\u00e2ge \u2014 pour l\u2019adapter au climat futur. <i>\u00ab<small class=\"fine d-inline\">\u00a0<\/small>Les fortes chaleurs et les crues centennales peuvent d\u00e9grader l\u2019alimentation \u00e9lectrique si les infrastructures existantes du r\u00e9seau ne sont pas adapt\u00e9es<small class=\"fine d-inline\">\u00a0<\/small>\u00bb<\/i>, justifie <span class=\"caps\">RTE<\/span> <a target=\"_blank\" href=\"https:\/\/youtu.be\/af_a3SPlUXM?si=CqYEl9M409ewvAIu\" class=\"spip_out\" rel=\"external\">dans une vid\u00e9o<\/a>. Dans certaines r\u00e9gions, il faudra par exemple sur\u00e9lever des installations pour qu\u2019elles ne soient pas touch\u00e9es par les inondations. Montant de ces op\u00e9rations\u00a0: 24\u00a0milliards d\u2019euros.<\/p>\n<p>En outre, 53\u00a0milliards d\u2019euros seront consacr\u00e9s au raccordement au r\u00e9seau de nouveaux projets industriels et de nouvelles productions (\u00e9nergies renouvelables en mer, \u00e9nergies renouvelables terrestres, r\u00e9acteurs nucl\u00e9aires <span class=\"caps\">EPR<\/span> 2). 16,5\u00a0milliards d\u2019euros sont aussi pr\u00e9vus pour <i>\u00ab<small class=\"fine d-inline\">\u00a0<\/small>renforcer la colonne vert\u00e9brale du r\u00e9seau haute et tr\u00e8s haute tension pour accueillir des flux d\u2019\u00e9lectricit\u00e9 plus importants<small class=\"fine d-inline\">\u00a0<\/small>\u00bb<\/i>.<\/p>\n<h2 class=\"spip\">Un d\u00e9bat public \u00e0 venir<\/h2>\n<p>Ces d\u00e9cisions ne sont toutefois pas grav\u00e9es dans le marbre. <i>\u00ab<small class=\"fine d-inline\">\u00a0<\/small>Les grandes orientations de ce plan d\u2019investissement feront l\u2019objet d\u2019un d\u00e9bat public, organis\u00e9 sous l\u2019\u00e9gide de la Commission nationale du d\u00e9bat public<small class=\"fine d-inline\">\u00a0<\/small>\u00bb<\/i>, indique <span class=\"caps\">RTE<\/span>. Les avis de l\u2019\u00c9tat, de la Commission de r\u00e9gulation de l\u2019\u00e9nergie et de l\u2019Autorit\u00e9 environnementale seront \u00e9galement pris en compte, avant de publier une version d\u00e9finitive de ce plan d\u2019investissements pour 2040.<\/p>\n<aside class=\"boite_encarts\">\n<div class=\"encart encart_gris noprint\">\n<p><strong>Puisque vous \u00eates l\u00e0&#8230;<\/strong><\/p>\n<p>&#8230; nous avons un petit service \u00e0 vous demander.<br class=\"autobr\"\/><br \/>\nEntre la pr\u00e9sence d\u2019un climatosceptique \u00e0 la t\u00eate de la premi\u00e8re puissance mondiale, un gouvernement fran\u00e7ais qui flirte avec l\u2019extr\u00eame-droite, et les catastrophes climatiques qui s\u2019enchainent&#8230; Faire vivre l\u2019\u00e9cologie dans le d\u00e9bat public est un enjeu crucial.<\/p>\n<p>Personne ne modifie ce que nous publions. Nous n\u2019avons ni actionnaire, ni propri\u00e9taire milliardaire \u2014 seulement une \u00e9quipe d\u2019irr\u00e9ductibles journalistes, pleine de d\u00e9termination.<\/p>\n<p>Nous avons la conviction que l\u2019urgence \u00e9cologique est l\u2019enjeu majeur de notre \u00e9poque. Et comme plus de 2 millions de lectrices et lecteurs chaque mois, vous partagez sans doute cette conviction&#8230;<\/p>\n<p><strong>Depuis 12 ans, nous publions des articles de qualit\u00e9 sur l\u2019\u00e9cologie, en acc\u00e8s libre et sans publicit\u00e9, pour tous.<\/strong><br class=\"autobr\"\/><br \/>\nMais ce travail demande beaucoup de temps et de ressources.<\/p>\n<p>Alors, si vous en avez les moyens, sachez qu\u2019un don, m\u00eame d\u20191\u20ac, est un acte de soutien fort pour l\u2019\u00e9cologie et le journalisme ind\u00e9pendant.<br class=\"autobr\"\/><br \/>\n(Et \u00e7a vous prendra moins de temps que la lecture de ce texte).<\/p>\n<p><strong>Si vous le pouvez, choisissez un soutien mensuel. Merci.<\/strong><\/p>\n<p><a target=\"_blank\" href=\"https:\/\/reporterre.net\/dons\" class=\"bt_soutenir\">Je soutiens <i>Reporterre<\/i><\/a><\/p>\n<\/p><\/div>\n<div class=\"encart encart_vert noprint montre_1023\">\n<div class=\"infolettre-form-container noprint\">\n<p>Abonnez-vous \u00e0 la lettre d\u2019info de Reporterre<\/p>\n<\/div><\/div>\n<\/aside>\n<aside class=\"boite_apresarticle encart_note\">\n<\/aside>\n<aside class=\"boite_complement texte\">\n<p>      <!-- zone_forum --><br \/>\n          <\/aside>\n<aside class=\"boite_lireaussi noprint\">\n<\/aside>\n<aside class=\"colonne\">\n<div class=\"article_info cache_1023 noprint\">\n        <span class=\"date\">14 f\u00e9vrier 2025  \u00e0 13h26<\/span><\/p>\n<p class=\"duree_lecture\">\n        Dur\u00e9e de lecture : 2 minutes\n      <\/p>\n<\/p><\/div>\n<div class=\"bloc_infolettre\">\n<div class=\"infolettre-form-container noprint\">\n<p>Abonnez-vous \u00e0 la lettre d\u2019info de Reporterre<\/p>\n<\/div><\/div>\n<\/aside>\n<div id=\"galerie\">\n  <img decoding=\"async\" src=\"\" class=\"principale\" id=\"principale\"\/><\/p>\n<p id=\"legende\">legende<\/p>\n<\/div>\n<footer class=\"noprint\">\n<\/footer>\n<\/div>\n<p><br \/>\n<br \/><a href=\"https:\/\/reporterre.net\/RTE-va-investir-100-milliards-d-euros-pour-adapter-le-reseau-electrique-au-changement\" target=\"_blank\"\">Source link <\/a><\/p>\n","protected":false},"excerpt":{"rendered":"<p>RTE a pr\u00e9sent\u00e9 un plan de transformation de ses installations, notamment pour les adapter au changement climatique. &#8211; Flickr \/ CC BY-NC-SA 2.0 \/ f_ c__ RTE a pr\u00e9sent\u00e9 un&hellip; <\/p>\n","protected":false},"author":1,"featured_media":2743,"comment_status":"open","ping_status":"open","sticky":false,"template":"","format":"standard","meta":{"footnotes":""},"categories":[1],"tags":[],"class_list":["post-2742","post","type-post","status-publish","format-standard","has-post-thumbnail","hentry","category-non-classe"],"_links":{"self":[{"href":"https:\/\/monde25.info\/index.php\/wp-json\/wp\/v2\/posts\/2742","targetHints":{"allow":["GET"]}}],"collection":[{"href":"https:\/\/monde25.info\/index.php\/wp-json\/wp\/v2\/posts"}],"about":[{"href":"https:\/\/monde25.info\/index.php\/wp-json\/wp\/v2\/types\/post"}],"author":[{"embeddable":true,"href":"https:\/\/monde25.info\/index.php\/wp-json\/wp\/v2\/users\/1"}],"replies":[{"embeddable":true,"href":"https:\/\/monde25.info\/index.php\/wp-json\/wp\/v2\/comments?post=2742"}],"version-history":[{"count":0,"href":"https:\/\/monde25.info\/index.php\/wp-json\/wp\/v2\/posts\/2742\/revisions"}],"wp:featuredmedia":[{"embeddable":true,"href":"https:\/\/monde25.info\/index.php\/wp-json\/wp\/v2\/media\/2743"}],"wp:attachment":[{"href":"https:\/\/monde25.info\/index.php\/wp-json\/wp\/v2\/media?parent=2742"}],"wp:term":[{"taxonomy":"category","embeddable":true,"href":"https:\/\/monde25.info\/index.php\/wp-json\/wp\/v2\/categories?post=2742"},{"taxonomy":"post_tag","embeddable":true,"href":"https:\/\/monde25.info\/index.php\/wp-json\/wp\/v2\/tags?post=2742"}],"curies":[{"name":"wp","href":"https:\/\/api.w.org\/{rel}","templated":true}]}}