{"id":2750,"date":"2025-02-16T19:12:48","date_gmt":"2025-02-16T18:12:48","guid":{"rendered":"https:\/\/monde25.info\/index.php\/2025\/02\/16\/il-y-a-apparemment-des-reserves-de-bassesse-tacle-zakharova-rt-en-francais\/"},"modified":"2025-02-16T19:12:48","modified_gmt":"2025-02-16T18:12:48","slug":"il-y-a-apparemment-des-reserves-de-bassesse-tacle-zakharova-rt-en-francais","status":"publish","type":"post","link":"https:\/\/monde25.info\/index.php\/2025\/02\/16\/il-y-a-apparemment-des-reserves-de-bassesse-tacle-zakharova-rt-en-francais\/","title":{"rendered":"\u00abIl y a apparemment des r\u00e9serves de bassesse\u00bb, tacle Zakharova \u2014 RT en fran\u00e7ais"},"content":{"rendered":"<p> <br \/>\n<br \/><img decoding=\"async\" src=\"https:\/\/mf.b37mrtl.ru\/french\/images\/2025.02\/thumbnail\/67b228326f7ccc6adb49212f.jpg\" \/><\/p>\n<div>\n<p class=\"text__summary\">\n                                        La porte-parole du minist\u00e8re russe des Affaires \u00e9trang\u00e8res, ainsi que l&rsquo;ambassadeur russe itin\u00e9rant pour les crimes de guerre de Kiev, ont r\u00e9agi aux d\u00e9clarations \u00e0 Munich de la patronne de la diplomatie europ\u00e9enne, Kaja Kallas. Les civils russes ne \u00abmeurent pas\u00bb du conflit ukrainien, a notamment affirm\u00e9 cette derni\u00e8re.\n                                    <\/p>\n<p>\u00abIl y a apparemment des r\u00e9serves de bassesse.\u00bb La porte-parole de la diplomatie russe, Maria Zakharova, <a target=\"_blank\" href=\"https:\/\/t.me\/MariaVladimirovnaZakharova\/9834\">a r\u00e9agi<\/a> ce 16 f\u00e9vrier aux propos tenus deux jours plus t\u00f4t par la\u00a0patronne de la diplomatie europ\u00e9enne, Kaja Kallas. \u00abLes civils russes ne meurent pas\u00bb dans le cadre du conflit russo-ukrainien, a notamment <a target=\"_blank\" href=\"https:\/\/securityconference.org\/en\/msc-2025\/agenda\/event\/stabilizing-a-restless-region-prospects-for-peace-in-the-middle-east-part-ii\/\">affirm\u00e9<\/a> l&rsquo;ancienne Premi\u00e8re ministre estonienne lors d\u2019un \u00e9v\u00e9nement en marge de la Conf\u00e9rence de Munich sur la\u00a0s\u00e9curit\u00e9 anim\u00e9 par la journaliste britanico-iranienne Christiane Amanpour.<\/p>\n<p>\u00abEn ce qui concerne la Russie et l\u2019Ukraine, vous savez, la diff\u00e9rence est que les civils russes ne meurent pas\u00bb, a\u00a0pr\u00e9cis\u00e9ment d\u00e9clar\u00e9 Kaja Kallas. Avant d&rsquo;ajouter : \u00abJe veux dire, les enfants et les femmes russes ne meurent pas.\u00bb Selon elle, les d\u00e9c\u00e8s concernant les Russes ne concerneraient que \u00ables soldats sur le sol d\u2019un autre territoire\u00bb. \u00abAlors que les enfants et les femmes ukrainiens \u2013 et tout le monde \u2013 meurent dans leurs maisons\u00bb, a-t-elle poursuivi.<\/p>\n<p>\u00abCela fait longtemps qu\u2019on assiste \u00e0 une d\u00e9gradation des Europ\u00e9ens \u00e0 ce poste. \u00c0 vrai dire, je ne m\u2019attendais pas \u00e0 ce que quelqu\u2019un surpasse Borrell en termes de cynisme et d\u2019amoralit\u00e9\u00bb, a tanc\u00e9 Maria Zakharova. \u00abSe peut-il que quelqu\u2019un dot\u00e9 d\u2019un tel mandat et de ces connaissances mente ? Oui. C\u2019est ce que Kallas fait\u00bb, a poursuivi la diplomate russe.<\/p>\n<p>Celle-ci a notamment rappel\u00e9 que lors de ses points presse, elle revenait en d\u00e9tails sur les derniers cas civils russes ayant \u00e9t\u00e9 victimes des forces de Kiev.<\/p>\n<h2>Frappes ukrainiennes\u00a0: au moins 785 civils tu\u00e9s en Russie en 2024<\/h2>\n<p>De son c\u00f4t\u00e9, l&rsquo;ambassadeur russe itin\u00e9rant pour les crimes de guerre de Kiev, Rodion Mirochnik a fustig\u00e9 \u00abune d\u00e9monstration de la fr\u00e9n\u00e9sie russophobe pathologique dans laquelle elle se trouve\u00bb. \u00abCette approche la rend aveugle et sourde aux morts, aux atrocit\u00e9s et aux blessures des civils russes\u00bb, a poursuivi le diplomate, dans <a target=\"_blank\" href=\"https:\/\/t.me\/miroshnik_r\/17886\">un message<\/a> post\u00e9 sur sa cha\u00eene Telegram.<\/p>\n<p>Dans un <a target=\"_blank\" href=\"https:\/\/t.me\/miroshnik_r\/17831\">rapport hebdomadaire<\/a>\u00a0publi\u00e9 le 11 f\u00e9vrier sur sa cha\u00eene Telegram,\u00a0Rodion Mirochnik indiquait qu\u2019au cours de la seule semaine du 3 au 9 f\u00e9vrier, 62 civils avaient \u00e9t\u00e9 bless\u00e9s et\u00a0six autres tu\u00e9s dans des frappes ukrainiennes. Au cours de l\u2019ann\u00e9e 2024, avait-il par ailleurs d\u00e9clar\u00e9 <a target=\"_blank\" href=\"https:\/\/tass.ru\/politika\/22755955\">fin d\u00e9cembre<\/a>, 4 398 civils Russes ont \u00e9t\u00e9 bless\u00e9s et 785 tu\u00e9s en raison des frappes des forces de Kiev.<\/p>\n<p>\u00abDepuis quelques jours, tous les dirigeants europ\u00e9ens crient \u00e0 qui mieux mieux qu\u2019il faut leur r\u00e9server forc\u00e9ment une place \u00e0 la table des n\u00e9gociations. Kallas coupe leurs espoirs \u00e0 la racine : comment peut-on parler de mani\u00e8re s\u00e9rieuse \u00e0 ceux qui ont proclam\u00e9 le mensonge comme position officielle ?\u00bb, a conclu Maria Zakharova.<\/p>\n<p>Kaja Kallas est mont\u00e9e au cr\u00e9neau \u00e0 la suite de l&rsquo;appel entre Donald Trump et Vladimir Poutine, exigeant que les Europ\u00e9ens soient impliqu\u00e9s dans les n\u00e9gociations.<\/p>\n<\/div>\n<p><br \/>\n<br \/><a href=\"https:\/\/francais.rt.com\/russie\/116932-propos-kallas-sur-victimes-civiles\" target=\"_blank\"\">Source link <\/a><\/p>\n","protected":false},"excerpt":{"rendered":"<p>La porte-parole du minist\u00e8re russe des Affaires \u00e9trang\u00e8res, ainsi que l&rsquo;ambassadeur russe itin\u00e9rant pour les crimes de guerre de Kiev, ont r\u00e9agi aux d\u00e9clarations \u00e0 Munich de la patronne de&hellip; <\/p>\n","protected":false},"author":1,"featured_media":2751,"comment_status":"open","ping_status":"open","sticky":false,"template":"","format":"standard","meta":{"footnotes":""},"categories":[1],"tags":[],"class_list":["post-2750","post","type-post","status-publish","format-standard","has-post-thumbnail","hentry","category-non-classe"],"_links":{"self":[{"href":"https:\/\/monde25.info\/index.php\/wp-json\/wp\/v2\/posts\/2750","targetHints":{"allow":["GET"]}}],"collection":[{"href":"https:\/\/monde25.info\/index.php\/wp-json\/wp\/v2\/posts"}],"about":[{"href":"https:\/\/monde25.info\/index.php\/wp-json\/wp\/v2\/types\/post"}],"author":[{"embeddable":true,"href":"https:\/\/monde25.info\/index.php\/wp-json\/wp\/v2\/users\/1"}],"replies":[{"embeddable":true,"href":"https:\/\/monde25.info\/index.php\/wp-json\/wp\/v2\/comments?post=2750"}],"version-history":[{"count":0,"href":"https:\/\/monde25.info\/index.php\/wp-json\/wp\/v2\/posts\/2750\/revisions"}],"wp:featuredmedia":[{"embeddable":true,"href":"https:\/\/monde25.info\/index.php\/wp-json\/wp\/v2\/media\/2751"}],"wp:attachment":[{"href":"https:\/\/monde25.info\/index.php\/wp-json\/wp\/v2\/media?parent=2750"}],"wp:term":[{"taxonomy":"category","embeddable":true,"href":"https:\/\/monde25.info\/index.php\/wp-json\/wp\/v2\/categories?post=2750"},{"taxonomy":"post_tag","embeddable":true,"href":"https:\/\/monde25.info\/index.php\/wp-json\/wp\/v2\/tags?post=2750"}],"curies":[{"name":"wp","href":"https:\/\/api.w.org\/{rel}","templated":true}]}}