{"id":2754,"date":"2025-02-16T20:19:28","date_gmt":"2025-02-16T19:19:28","guid":{"rendered":"https:\/\/monde25.info\/index.php\/2025\/02\/16\/qui-est-aaron-kosminski-le-coiffeur-polonais-decede-dans-un-asile-dalienes-et-que-lon-croit-etre-jack-leventreur\/"},"modified":"2025-02-16T20:19:28","modified_gmt":"2025-02-16T19:19:28","slug":"qui-est-aaron-kosminski-le-coiffeur-polonais-decede-dans-un-asile-dalienes-et-que-lon-croit-etre-jack-leventreur","status":"publish","type":"post","link":"https:\/\/monde25.info\/index.php\/2025\/02\/16\/qui-est-aaron-kosminski-le-coiffeur-polonais-decede-dans-un-asile-dalienes-et-que-lon-croit-etre-jack-leventreur\/","title":{"rendered":"Qui est Aaron Kosminski ? Le coiffeur polonais d\u00e9c\u00e9d\u00e9 dans un asile d&rsquo;ali\u00e9n\u00e9s et que l&rsquo;on croit \u00eatre Jack l&rsquo;\u00c9ventreur"},"content":{"rendered":"<p> <br \/>\n<\/p>\n<div id=\"\">\n<p class=\"mol-para-with-font\"><strong><span class=\"dropcap \" style=\"background-color: #ffffff; color: #1e73be; border-color: #ffffff;\">N<\/span>\u00e9 le 11 septembre 1865, Aaron Kosminski a grandi \u00e0 Klodawa, pr\u00e8s de Varsovie, le plus jeune de sept enfants.<\/strong><\/p>\n<p class=\"mol-para-with-font\">\u00c0 l\u2019\u00e2ge de huit ans, son p\u00e8re est mort et sa m\u00e8re s\u2019est remari\u00e9e. Les documents sugg\u00e8rent que le jeune gar\u00e7on a peut-\u00eatre \u00e9t\u00e9 victime d\u2019abus sexuels.<\/p>\n<p class=\"mol-para-with-font\">En 1882, la famille s\u2019enfuit \u00e0\u00a0<span data-track-module=\"internal-body-link\"><a target=\"_blank\" id=\"mol-d5923340-c626-11ef-b27b-2971a9857857\" href=\"https:\/\/www.dailymail.co.uk\/news\/london\/index.html\" target=\"_self\">Londres<\/a><\/span>\u00a0pour \u00e9chapper \u00e0 l\u2019antis\u00e9mitisme en\u00a0<span data-track-module=\"internal-body-link\"><a target=\"_blank\" id=\"mol-d5931da0-c626-11ef-b27b-2971a9857857\" href=\"https:\/\/www.dailymail.co.uk\/news\/poland\/index.html\" target=\"_self\">Pologne<\/a><\/span> et s\u2019installe dans l\u2019East End, o\u00f9 Kosminski serait devenu un tueur en s\u00e9rie \u00e0 l\u2019\u00e2ge de 23 ans. Au moment des meurtres de l\u2019\u00c9ventreur, le chef de la CID de Londres, le Dr Robert Anderson, le soup\u00e7onnait d\u00e9j\u00e0 d\u2019en \u00eatre l\u2019auteur.<\/p>\n<p class=\"mol-para-with-font\">Des rapports confidentiels de la police ont r\u00e9v\u00e9l\u00e9 que la police pensait que Kosminski nourrissait une \u00ab grande haine envers les femmes, en particulier envers les prostitu\u00e9es, et qu\u2019il avait de fortes tendances meurtri\u00e8res \u00bb. Cependant, la police ne disposait d\u2019aucune preuve tangible et craignait des accusations d\u2019antis\u00e9mitisme.<\/p>\n<p class=\"mol-para-with-font\">En 1890, Kosminski, soup\u00e7onn\u00e9 d\u2019\u00eatre atteint de schizophr\u00e9nie, mena\u00e7a sa s\u0153ur avec un couteau. L\u2019ann\u00e9e suivante, il fut intern\u00e9 \u00e0 l\u2019asile d\u2019ali\u00e9n\u00e9s de Colney Hatch, dans le nord de Londres.<\/p>\n<hr\/>\n<div class=\"artSplitter mol-img-group\">\n<div class=\"mol-img\">\n<div class=\"image-wrap fff-pic\">\n<p style=\"text-align: center;\"><img data-recalc-dims=\"1\" loading=\"lazy\" decoding=\"async\" id=\"i-1cca5ca17a422dd4\" class=\"blkBorder img-share\" data-pagespeed-lazy-src=\"https:\/\/i0.wp.com\/i.dailymail.co.uk\/1s\/2024\/12\/29\/21\/90525765-14234507-The_new_computer_generated_image_of_Aaron_Kosminski_a_Jewish_imm-a-55_1735506114460.jpg?resize=460%2C623&amp;ssl=1\" alt=\"Une nouvelle image g\u00e9n\u00e9r\u00e9e par ordinateur d'Aaron Kosminski, un immigrant juif de Pologne dont on dit qu'il est le l\u00e9gendaire tueur Jack l'\u00c9ventreur\" width=\"460\" height=\"623\" data-gallery-handler-attached=\"true\" src=\"\/pagespeed_static\/1.JiBnMqyl6S.gif\" onload=\"pagespeed.lazyLoadImages.loadIfVisibleAndMaybeBeacon(this);\" onerror=\"this.onerror=null;pagespeed.lazyLoadImages.loadIfVisibleAndMaybeBeacon(this);\"\/><\/p>\n<h6 class=\"viewGalleryText-NXaet\" style=\"text-align: center;\">Une nouvelle image g\u00e9n\u00e9r\u00e9e par ordinateur d\u2019Aaron Kosminski, un immigrant juif de Pologne dont on dit qu\u2019il est le l\u00e9gendaire tueur Jack l\u2019\u00c9ventreur<\/h6>\n<\/div>\n<\/div>\n<\/div>\n<div class=\"artSplitter mol-img-group\" style=\"text-align: center;\">\n<div class=\"mol-img\">\n<div class=\"image-wrap fff-pic\">\n<p><img data-recalc-dims=\"1\" loading=\"lazy\" decoding=\"async\" id=\"i-8194cb97f60c708b\" class=\"blkBorder img-share\" data-pagespeed-lazy-src=\"https:\/\/i0.wp.com\/i.dailymail.co.uk\/1s\/2024\/12\/29\/21\/93566159-14234507-image-m-67_1735506399874.jpg?resize=460%2C624&amp;ssl=1\" alt=\"Un article de journal sur les meurtres de Whitehall - une s\u00e9rie de meurtres brutaux qui ont eu lieu en 1888\" width=\"460\" height=\"624\" data-gallery-handler-attached=\"true\" src=\"\/pagespeed_static\/1.JiBnMqyl6S.gif\" onload=\"pagespeed.lazyLoadImages.loadIfVisibleAndMaybeBeacon(this);\" onerror=\"this.onerror=null;pagespeed.lazyLoadImages.loadIfVisibleAndMaybeBeacon(this);\"\/><\/p>\n<h6 class=\"viewGalleryText-NXaet\">Un article de journal sur les meurtres de Whitehall \u2013 une s\u00e9rie de meurtres brutaux qui ont eu lieu en 1888<\/h6>\n<\/div>\n<\/div>\n<\/div>\n<div class=\"artSplitter mol-img-group\">\n<div class=\"mol-img\" style=\"text-align: center;\">\n<div class=\"image-wrap fff-pic\">\n<p><img data-recalc-dims=\"1\" loading=\"lazy\" decoding=\"async\" id=\"i-318ecf92b0dcd40c\" class=\"blkBorder img-share\" data-pagespeed-lazy-src=\"https:\/\/i0.wp.com\/i.dailymail.co.uk\/1s\/2024\/12\/29\/21\/90525787-14234507-The_Whitechapel_Murders_were_truly_most_foul_Each_of_the_five_fe-a-56_1735506154549.jpg?resize=484%2C690&amp;ssl=1\" alt=\"Les meurtres de Whitechapel furent v\u00e9ritablement odieux. Chacune des cinq victimes f\u00e9minines fut sauvagement d\u00e9figur\u00e9e et son sang fut r\u00e9pandu sur les pav\u00e9s du Londres victorien.\" width=\"484\" height=\"690\" data-gallery-handler-attached=\"true\" src=\"\/pagespeed_static\/1.JiBnMqyl6S.gif\" onload=\"pagespeed.lazyLoadImages.loadIfVisibleAndMaybeBeacon(this);\" onerror=\"this.onerror=null;pagespeed.lazyLoadImages.loadIfVisibleAndMaybeBeacon(this);\"\/><\/p>\n<\/div>\n<\/div>\n<h6 class=\"imageCaption\" style=\"text-align: center;\">Les meurtres de Whitechapel furent v\u00e9ritablement odieux. Chacune des cinq victimes f\u00e9minines<br \/>fut sauvagement d\u00e9figur\u00e9e et son sang fut r\u00e9pandu sur les pav\u00e9s du Londres victorien.<\/h6>\n<hr\/>\n<\/div>\n<div class=\"floatRHS\">\n<div data-mol-fe-xpmodule-related-story-factbox=\"true\" data-xp-platform=\"mol.web.desktop\" data-xp-channel-color=\"home\" data-track-module=\"related-story-factbox^related-story-factbox-descendants-of-jack-the-rippers-victims-\" data-reactroot=\"\">\n<div class=\"textContainer_L8BEBeSX\">\n<div class=\"headlineFlagsWrapper_DFVqshxv\">\n<p class=\"molExclusive_sCETSaNE\"><strong><span class=\"headlineText_tCRNH0ZB\" style=\"color: #212121; font-size: 1.25em;\">Les descendants des victimes de Jack l\u2019\u00c9ventreur r\u00e9clament une nouvelle enqu\u00eate apr\u00e8s la d\u00e9couverte de l\u2019ADN<\/span><\/strong><\/p>\n<\/div>\n<\/div>\n<\/div>\n<\/div>\n<p class=\"mol-para-with-font\">Son fr\u00e8re a\u00een\u00e9, Isaac, \u00e9tait un riche tailleur qui s\u2019installa \u00e0 Londres en avril 1870 avant de changer son nom en Abrahams.<\/p>\n<p class=\"mol-para-with-font\">L\u2019auteur et chercheur sur l\u2019\u00c9ventreur, Russell Edwards, a d\u00e9couvert des photos montrant Isaac habill\u00e9 en membre de la Loge des francs-ma\u00e7ons d\u2019Isra\u00ebl, ce qui pourrait expliquer pourquoi Kosminski a \u00e9chapp\u00e9 \u00e0 la justice. Il pense que la mutilation des victimes par Kosminski \u00e9tait li\u00e9e aux serments de sang ma\u00e7onniques qui font r\u00e9f\u00e9rence \u00e0 l\u2019\u00e9gorgement et \u00e0 l\u2019ablation de certaines parties du corps.<\/p>\n<p class=\"mol-para-with-font\">M. Edwards a r\u00e9cemment utilis\u00e9 des photos de la famille de Kosminski et une technologie de remodelage du visage pour cr\u00e9er un composite de ce \u00e0 quoi ressemblait le suspect de l\u2019\u00c9ventreur dans la vraie vie.<\/p>\n<hr\/>\n<h6>Image d\u2019illustration : Aaron Kosminski, suspect dans le meurtre de Jack l\u2019\u00c9ventreur \u00e0 Londres en 1888. (Photo est dans le domaine public)<\/h6>\n<hr\/>\n<\/div>\n<p><br \/>\n<br \/><a href=\"https:\/\/www.lelibrepenseur.org\/qui-est-aaron-kosminski-le-coiffeur-polonais-decede-dans-un-asile-dalienes-et-que-lon-croit-etre-jack-leventreur\/\" target=\"_blank\"\">Source link <\/a><\/p>\n","protected":false},"excerpt":{"rendered":"<p>N\u00e9 le 11 septembre 1865, Aaron Kosminski a grandi \u00e0 Klodawa, pr\u00e8s de Varsovie, le plus jeune de sept enfants. \u00c0 l\u2019\u00e2ge de huit ans, son p\u00e8re est mort et&hellip; <\/p>\n","protected":false},"author":1,"featured_media":0,"comment_status":"open","ping_status":"open","sticky":false,"template":"","format":"standard","meta":{"footnotes":""},"categories":[1],"tags":[],"class_list":["post-2754","post","type-post","status-publish","format-standard","hentry","category-non-classe"],"_links":{"self":[{"href":"https:\/\/monde25.info\/index.php\/wp-json\/wp\/v2\/posts\/2754","targetHints":{"allow":["GET"]}}],"collection":[{"href":"https:\/\/monde25.info\/index.php\/wp-json\/wp\/v2\/posts"}],"about":[{"href":"https:\/\/monde25.info\/index.php\/wp-json\/wp\/v2\/types\/post"}],"author":[{"embeddable":true,"href":"https:\/\/monde25.info\/index.php\/wp-json\/wp\/v2\/users\/1"}],"replies":[{"embeddable":true,"href":"https:\/\/monde25.info\/index.php\/wp-json\/wp\/v2\/comments?post=2754"}],"version-history":[{"count":0,"href":"https:\/\/monde25.info\/index.php\/wp-json\/wp\/v2\/posts\/2754\/revisions"}],"wp:attachment":[{"href":"https:\/\/monde25.info\/index.php\/wp-json\/wp\/v2\/media?parent=2754"}],"wp:term":[{"taxonomy":"category","embeddable":true,"href":"https:\/\/monde25.info\/index.php\/wp-json\/wp\/v2\/categories?post=2754"},{"taxonomy":"post_tag","embeddable":true,"href":"https:\/\/monde25.info\/index.php\/wp-json\/wp\/v2\/tags?post=2754"}],"curies":[{"name":"wp","href":"https:\/\/api.w.org\/{rel}","templated":true}]}}