{"id":2757,"date":"2025-02-16T21:26:21","date_gmt":"2025-02-16T20:26:21","guid":{"rendered":"https:\/\/monde25.info\/index.php\/2025\/02\/16\/deux-visions-du-monde-ressortent-et-sopposent-science-et-technologie-sott-net\/"},"modified":"2025-02-16T21:26:21","modified_gmt":"2025-02-16T20:26:21","slug":"deux-visions-du-monde-ressortent-et-sopposent-science-et-technologie-sott-net","status":"publish","type":"post","link":"https:\/\/monde25.info\/index.php\/2025\/02\/16\/deux-visions-du-monde-ressortent-et-sopposent-science-et-technologie-sott-net\/","title":{"rendered":"deux visions du monde ressortent et s&rsquo;opposent \u2014 Science et Technologie \u2014 Sott.net"},"content":{"rendered":"<p> <br \/>\n<\/p>\n<div>\n<div class=\"article-image-large to-center\"><a target=\"_blank\" href=\"https:\/\/fr.sott.net\/image\/s36\/723236\/full\/Vance_Leyen_795x447.jpg\" target=\"_blank\" title=\"\u00a9 Ludovic MARIN\/AFP\"><img decoding=\"async\" src=\"https:\/\/fr.sott.net\/image\/s36\/723236\/large\/Vance_Leyen_795x447.jpg\" alt=\"Sommet IA Paris\" title=\"Cliquer pour agrandir\"\/><\/a><\/p>\n<p><span class=\"tiny\">\u00a9 Ludovic MARIN\/AFP<\/span><span class=\"caption\">Le vice-pr\u00e9sident am\u00e9ricain J. D. Vance et la pr\u00e9sidente de la Commission europ\u00e9enne Ursula von der Leyen (montage) lors du sommet international de l\u2019IA \u00e0 Paris, le 11 f\u00e9vrier 2025.<\/span><\/p>\n<\/div>\n<p> Le sommet international de Paris sur l&rsquo;intelligence artificielle s&rsquo;est termin\u00e9 sur deux visions du monde tr\u00e8s diff\u00e9rente, les \u00c9tats-Unis appelant \u00e0 limiter la r\u00e9gulation pour \u00ab ne pas tuer une industrie en plein essor \u00bb, l&rsquo;Europe d\u00e9fendant un \u00ab mod\u00e8le de soci\u00e9t\u00e9 \u00bb bas\u00e9 sur le climat et la \u00ab question du genre \u00bb.<\/p>\n<p>\u00c0 la cl\u00f4ture du sommet, 61 pays, dont la Chine, la France et l&rsquo;Inde (les co-organisateurs), ainsi que l&rsquo;Union europ\u00e9enne (UE) et la Commission de l&rsquo;Union africaine, se sont prononc\u00e9s pour une coordination renforc\u00e9e de la gouvernance de l&rsquo;IA.<\/p>\n<p>Une vision tr\u00e8s \u00e9loign\u00e9e de celle d\u00e9fendue par les \u00c9tats-Unis qui, comme le Royaume-Uni, ne figurent pas parmi les signataires de cette d\u00e9claration, s&rsquo;opposant aux contraintes europ\u00e9ennes sur les entreprises et condamnant l&rsquo;implication du r\u00e9gime chinois.<\/p>\n<p><strong>Deux visions du monde<\/strong><\/p>\n<p>Pendant deux jours, dirigeants politiques et patrons de la tech se sont r\u00e9unis au Grand Palais dans le but d&rsquo;annoncer une vision commune dans la gouvernance de l&rsquo;IA. La derni\u00e8re journ\u00e9e a \u00e9t\u00e9 marqu\u00e9e par le discours offensif du vice-pr\u00e9sident am\u00e9ricain.<\/p>\n<p>\u00c0 rebours d&rsquo;une Europe voulant d\u00e9finir l&rsquo;IA en termes de r\u00e9gulation lui servant \u00e0 promouvoir un mod\u00e8le de soci\u00e9t\u00e9 progressiste, le vice-pr\u00e9sident am\u00e9ricain J.D. Vance a refroidi les ardeurs europ\u00e9ennes et a souhait\u00e9 faire \u00ab tous les efforts possibles pour encourager les politiques pro-croissance \u00bb, d\u00e9r\u00e9gul\u00e9es et anti-woke.<\/p>\n<p>Avant de d\u00e9jeuner \u00e0 l&rsquo;\u00c9lys\u00e9e, J.D. Vance avait mis en garde contre les partenariats avec les \u00ab r\u00e9gimes autoritaires \u00bb, en r\u00e9f\u00e9rence notamment \u00e0 la Chine. \u00ab S&rsquo;associer avec eux (ces r\u00e9gimes, ndlr) revient \u00e0 encha\u00eener votre nation \u00e0 un ma\u00eetre autoritaire qui cherche \u00e0 infiltrer, s&rsquo;installer et s&#8217;emparer de votre infrastructure d&rsquo;information \u00bb.<\/p>\n<p>La France et l&rsquo;UE ont appel\u00e9 de leur c\u00f4t\u00e9 \u00e0 un \u00ab sursaut \u00bb europ\u00e9en face \u00e0 l&rsquo;h\u00e9g\u00e9monie des acteurs de la tech am\u00e9ricaine et chinoise. Ils veulent aussi s&rsquo;entendre pour \u00ab rendre l&rsquo;intelligence artificielle durable pour les populations et la plan\u00e8te \u00bb. \u00c0 cette fin, la cr\u00e9ation d&rsquo;un observatoire de l&rsquo;impact \u00e9nerg\u00e9tique de l&rsquo;intelligence artificielle pilot\u00e9 par l&rsquo;Agence internationale de l&rsquo;\u00e9nergie a \u00e9t\u00e9 officialis\u00e9, avec le v\u0153u de r\u00e9unir les entreprises leaders du secteur.<\/p>\n<p><strong><br \/>\n<br \/>La vision europ\u00e9enne de d\u00e9veloppement d&rsquo;une \u00ab IA inclusive \u00bb<\/strong><\/p>\n<p>En r\u00e9ponse aux ambitions am\u00e9ricaines, Emmanuel Macron a insist\u00e9 sur le \u00ab besoin de r\u00e8gles \u00bb et d&rsquo;un \u00ab cadre de confiance \u00bb pour accompagner le d\u00e9veloppement de l&rsquo;IA, alors que le sommet s&rsquo;est traduit par un plan d&rsquo;investissements priv\u00e9s, principalement \u00e9trangers, de 109 milliards d&rsquo;euros en France &#8211; dont les contreparties ne sont pas encore connues.<\/p>\n<p>Emmanuel Macron a plaid\u00e9 pour un \u00ab cadre de confiance \u00bb qui garantisse le \u00ab respect de la vie priv\u00e9e \u00bb, de la \u00ab cr\u00e9ativit\u00e9 \u00bb, notamment des droits d&rsquo;auteurs, et \u00ab \u00e9vite une utilisation de l&rsquo;intelligence artificielle pour le contr\u00f4le de masse \u00bb, alors que l&rsquo;Europe est critiqu\u00e9e pour son contr\u00f4le de l&rsquo;information via l&rsquo;<a target=\"_blank\" href=\"https:\/\/www.epochtimes.fr\/european-media-freedom-act-un-projet-de-regulation-administrative-de-la-presse-europeenne-2556316.html\">European Media Freedom Act<\/a>. En m\u00eame temps, selon le pr\u00e9sident, \u00ab nous avons besoin de ces r\u00e8gles pour que l&rsquo;IA avance \u00bb et \u00ab besoin de continuer \u00e0 faire avancer une gouvernance internationale de l&rsquo;IA \u00bb.<\/p>\n<p>Le pr\u00e9sident a donn\u00e9 sa vision de l&rsquo;IA <a target=\"_blank\" href=\"https:\/\/x.com\/EmmanuelMacron\/status\/1889379961384886616\">lors de son passage \u00e0 la Station F<\/a>, le 11 f\u00e9vrier apr\u00e8s le sommet : \u00ab On veut plus d&rsquo;innovation en France et en Europe [&#8230;] mais on veut aussi par cette innovation, porter le mod\u00e8le de soci\u00e9t\u00e9 dans lequel on croit : un mod\u00e8le pluriel, ouvert, g\u00e9n\u00e9reux, libre, \u00e9quitable, qui prenne en compte la question du climat et la question du genre \u00bb, a d\u00e9clar\u00e9 la pr\u00e9sident, devant les employ\u00e9s des start-up pr\u00e9sentes.<\/p>\n<p>Alors que l&rsquo;Union europ\u00e9enne tente d&rsquo;avancer ses pions dans cette course \u00e0 l&rsquo;IA, la pr\u00e9sidente de la Commission europ\u00e9enne Ursula Von der Leyen a d\u00e9voil\u00e9 un plan d&rsquo;investissements de 200 milliards d&rsquo;euros, dont 150 milliards venant de grands groupes.<\/p>\n<p>Il s&rsquo;agit du \u00ab plus grand partenariat public-priv\u00e9 dans le monde pour le d\u00e9veloppement d&rsquo;une IA \u00bb, au sein de l&rsquo;alliance \u00ab EU AI Champions Initiative \u00bb qui regroupe plus de 60 entreprises, a soulign\u00e9 la pr\u00e9sidente de la Commission europ\u00e9enne Ursula Von der Leyen. Les \u00c9tats-Unis avaient annonc\u00e9 la cr\u00e9ation fin janvier de \u00ab Stargate \u00bb, un plan d&rsquo;investissements dans l&rsquo;intelligence artificielle de 500 milliards de dollars, reconduit et augment\u00e9 chaque ann\u00e9e.<\/p>\n<p><strong><br \/>\n<br \/>La vision am\u00e9ricaine d&rsquo;une IA d\u00e9r\u00e9gul\u00e9e<\/strong><\/p>\n<p>Dans son discours, le vice-pr\u00e9sident am\u00e9ricain J. D. Vance a fustig\u00e9 la \u00ab sur r\u00e9glementation \u00bb europ\u00e9enne et mis en garde contre la \u00ab censure \u00bb gouvernementale de la libert\u00e9 d&rsquo;expression. Le vice-pr\u00e9sident am\u00e9ricain a mis en garde contre une \u00ab r\u00e9gulation excessive \u00bb de l&rsquo;intelligence artificielle qui \u00ab pourrait tuer une industrie en plein essor \u00bb.<\/p>\n<p>Il a point\u00e9 du doigt les r\u00e9glementations technologiques phares de l&rsquo;Europe, comme le r\u00e8glement sur les services num\u00e9riques (Digital Services Act, DSA) et le r\u00e8glement g\u00e9n\u00e9ral sur la protection des donn\u00e9es (RGPD) ; des \u00ab co\u00fbts de conformit\u00e9 sans fin \u00bb qui nuisent aux investissements d&rsquo;entreprises am\u00e9ricaines en Europe.\n<\/p>\n<blockquote class=\"typ2\"><p>\n\u00ab L&rsquo;Am\u00e9rique ne peut pas et ne veut pas accepter cela \u00bb, a soulign\u00e9 J. D. Vance, en s&rsquo;en prenant au DSA, le r\u00e8glement europ\u00e9en sur la mod\u00e9ration des contenus et \u00e0 sa lutte contre la \u00ab soi-disant d\u00e9sinformation \u00bb, selon ses mots. \u00ab C&rsquo;est une chose de prot\u00e9ger un enfant des pr\u00e9dateurs p\u00e9docriminels, c&rsquo;en est une autre d&#8217;emp\u00eacher un adulte d&rsquo;acc\u00e9der \u00e0 une opinion qui va \u00e0 l&rsquo;encontre de son gouvernement \u00bb a-t-il expliqu\u00e9.\n<\/p><\/blockquote>\n<p>\u00ab L&rsquo;Am\u00e9rique veut s&rsquo;associer \u00e0 vous tous \u00bb, a affirm\u00e9 J. D. Vance devant les chefs d&rsquo;\u00c9tat pr\u00e9sents, \u00ab mais pour cr\u00e9er ce type de confiance, nous avons besoin d&rsquo;un r\u00e9gime r\u00e9glementaire international qui favorise la technologie de l&rsquo;IA plut\u00f4t que de l&rsquo;\u00e9trangler \u00bb.<\/p>\n<p><strong>Londres veut suivre sa propre voie<\/strong><\/p>\n<p>Le gouvernement britannique a estim\u00e9 que la d\u00e9claration finale du sommet sur l&rsquo;intelligence artificielle \u00e0 Paris ne r\u00e9pondait pas suffisamment aux d\u00e9fis pos\u00e9s par l&rsquo;IA. \u00ab Nous \u00e9tions d&rsquo;accord sur une grande partie de la d\u00e9claration, et nous continuons \u00e0 travailler \u00e9troitement avec nos partenaires internationaux \u00bb, a d\u00e9clar\u00e9 un porte-parole du gouvernement britannique, dans un communiqu\u00e9.\n<\/p>\n<blockquote class=\"typ2\"><p>\n\u00ab Cependant, nous avons estim\u00e9 que la d\u00e9claration ne fournissait pas suffisamment de clart\u00e9 d&rsquo;un point de vue pratique sur la gouvernance mondiale, et ne r\u00e9pondait pas suffisamment aux questions difficiles li\u00e9es \u00e0 la s\u00e9curit\u00e9 nationale et au d\u00e9fi que l&rsquo;IA lui pose \u00bb, a ajout\u00e9 le porte-parole.\n<\/p><\/blockquote>\n<p>Keir Starmer s&rsquo;est engag\u00e9 \u00e0 faire du Royaume-Uni un \u00ab leader mondial \u00bb de l&rsquo;intelligence artificielle. Il a annonc\u00e9 mi-janvier un plan d&rsquo;action visant \u00e0 attirer les entreprises du secteur en leur laissant tester au Royaume-Uni leurs innovations avant toute r\u00e9gulation.<\/p>\n<blockquote class=\"typ2\"><p>\n\u00ab Nous allons suivre notre propre voie : tester et comprendre l&rsquo;IA avant de la r\u00e9glementer, afin de nous assurer que lorsque nous le ferons, ce sera de mani\u00e8re proportionn\u00e9e et sur la base de donn\u00e9es scientifiques \u00bb, avait-il alors d\u00e9clar\u00e9.\n<\/p><\/blockquote><\/div>\n<p><br \/>\n<br \/><a href=\"https:\/\/fr.sott.net\/article\/44233-Sommet-de-l-IA-a-Paris-deux-visions-du-monde-ressortent-ets-opposent\" target=\"_blank\"\">Source link <\/a><\/p>\n","protected":false},"excerpt":{"rendered":"<p>\u00a9 Ludovic MARIN\/AFPLe vice-pr\u00e9sident am\u00e9ricain J. D. Vance et la pr\u00e9sidente de la Commission europ\u00e9enne Ursula von der Leyen (montage) lors du sommet international de l\u2019IA \u00e0 Paris, le 11&hellip; <\/p>\n","protected":false},"author":1,"featured_media":2758,"comment_status":"open","ping_status":"open","sticky":false,"template":"","format":"standard","meta":{"footnotes":""},"categories":[1],"tags":[],"class_list":["post-2757","post","type-post","status-publish","format-standard","has-post-thumbnail","hentry","category-non-classe"],"_links":{"self":[{"href":"https:\/\/monde25.info\/index.php\/wp-json\/wp\/v2\/posts\/2757","targetHints":{"allow":["GET"]}}],"collection":[{"href":"https:\/\/monde25.info\/index.php\/wp-json\/wp\/v2\/posts"}],"about":[{"href":"https:\/\/monde25.info\/index.php\/wp-json\/wp\/v2\/types\/post"}],"author":[{"embeddable":true,"href":"https:\/\/monde25.info\/index.php\/wp-json\/wp\/v2\/users\/1"}],"replies":[{"embeddable":true,"href":"https:\/\/monde25.info\/index.php\/wp-json\/wp\/v2\/comments?post=2757"}],"version-history":[{"count":0,"href":"https:\/\/monde25.info\/index.php\/wp-json\/wp\/v2\/posts\/2757\/revisions"}],"wp:featuredmedia":[{"embeddable":true,"href":"https:\/\/monde25.info\/index.php\/wp-json\/wp\/v2\/media\/2758"}],"wp:attachment":[{"href":"https:\/\/monde25.info\/index.php\/wp-json\/wp\/v2\/media?parent=2757"}],"wp:term":[{"taxonomy":"category","embeddable":true,"href":"https:\/\/monde25.info\/index.php\/wp-json\/wp\/v2\/categories?post=2757"},{"taxonomy":"post_tag","embeddable":true,"href":"https:\/\/monde25.info\/index.php\/wp-json\/wp\/v2\/tags?post=2757"}],"curies":[{"name":"wp","href":"https:\/\/api.w.org\/{rel}","templated":true}]}}