{"id":2759,"date":"2025-02-16T23:07:24","date_gmt":"2025-02-16T22:07:24","guid":{"rendered":"https:\/\/monde25.info\/index.php\/2025\/02\/16\/la-souverainete-alimentaire-une-revendication-paysanne-detournee-par-lagro-industrie\/"},"modified":"2025-02-16T23:07:24","modified_gmt":"2025-02-16T22:07:24","slug":"la-souverainete-alimentaire-une-revendication-paysanne-detournee-par-lagro-industrie","status":"publish","type":"post","link":"https:\/\/monde25.info\/index.php\/2025\/02\/16\/la-souverainete-alimentaire-une-revendication-paysanne-detournee-par-lagro-industrie\/","title":{"rendered":"La \u00ab\u00a0souverainet\u00e9 alimentaire\u00a0\u00bb, une revendication paysanne d\u00e9tourn\u00e9e par l\u2019agro-industrie"},"content":{"rendered":"<p> <br \/>\n<\/p>\n<div>\n<p>Rome, 1996. Plusieurs milliers de personnes participaient au Sommet mondial de l\u2019alimentation, avec un objectif commun\u00a0: \u00e9radiquer la faim. \u00c0 la tribune, une paysanne proposa une voie\u00a0: la <i>\u00ab<small class=\"fine d-inline\">\u00a0<\/small>souverainet\u00e9 alimentaire<small class=\"fine d-inline\">\u00a0<\/small>\u00bb<\/i>, entendue comme <i>\u00ab<small class=\"fine d-inline\">\u00a0<\/small>le droit de chaque pays de maintenir et de d\u00e9velopper sa capacit\u00e9 de produire son alimentation de base<small class=\"fine d-inline\">\u00a0<\/small>\u00bb<\/i>. Trente ans plus tard, ce terme se retrouve sous le feu des projecteurs l\u00e9gislatifs. Avec comme un parfum d\u2019arnaque dans les couloirs du Palais du Luxembourg.<\/p>\n<p>Sous la houlette de la droite conservatrice, le <i>\u00ab<small class=\"fine d-inline\">\u00a0<\/small><a target=\"_blank\" href=\"https:\/\/reporterre.net\/Face-au-mur-de-l-installation-un-projet-de-loi-agricole-inconsistant\">projet de loi d\u2019orientation<\/a> pour la souverainet\u00e9 alimentaire et agricole<small class=\"fine d-inline\">\u00a0<\/small>\u00bb<\/i> la consacre comme <i>\u00ab<small class=\"fine d-inline\">\u00a0<\/small>un int\u00e9r\u00eat fondamental de la nation<small class=\"fine d-inline\">\u00a0<\/small>\u00bb<\/i>. <i>\u00ab<small class=\"fine d-inline\">\u00a0<\/small>Une d\u00e9marche crapuleuse<\/i>, selon l\u2019agronome Jacques Caplat. <i>Les d\u00e9fenseurs de l\u2019agro-industrie volent ce mot et le vident de son sens.<small class=\"fine d-inline\">\u00a0<\/small>\u00bb<\/i><\/p>\n<h2 class=\"spip\">\u00ab<small class=\"fine d-inline\">\u00a0<\/small>Un terrible d\u00e9voiement<small class=\"fine d-inline\">\u00a0<\/small>\u00bb <\/h2>\n<p>Pour bien comprendre l\u2019entourloupe, rembobinons. Quand le syndicat international Via Campesina <a target=\"_blank\" href=\"https:\/\/viacampesina.org\/fr\/1996-declaration-de-rome-de-la-via-campesina-qui-definit-la-souverainete-alimentaire-pour-la-premiere-fois\/\" class=\"spip_out\" rel=\"external\">inventa la notion<\/a>, il l\u2019inscrivait en opposition au syst\u00e8me agricole industriel et n\u00e9olib\u00e9ral qui <i>\u00ab<small class=\"fine d-inline\">\u00a0<\/small>d\u00e9truit [leurs] conditions de vie, [leurs]  communaut\u00e9s, [leur] culture et [leur] environnement<small class=\"fine d-inline\">\u00a0<\/small>\u00bb<\/i>. En bref, <i>\u00ab<small class=\"fine d-inline\">\u00a0<\/small>la souverainet\u00e9 alimentaire, c\u2019est l\u2019autonomie des peuples \u00e0 se nourrir en quantit\u00e9 suffisante et en qualit\u00e9<small class=\"fine d-inline\">\u00a0<\/small>\u00bb<\/i>, r\u00e9sume Sylvie Colas, membre de la Conf\u00e9d\u00e9ration paysanne, affili\u00e9e au syndicat global.<\/p>\n<p>Concr\u00e8tement, cette d\u00e9finition altermondialiste va <a target=\"_blank\" href=\"https:\/\/shs.cairn.info\/revue-politique-etrangere-2017-3-page-167?lang=fr\" class=\"spip_out\" rel=\"external\">au-del\u00e0 de la simple production agricole<\/a>\u00a0: elle implique une d\u00e9mocratie alimentaire r\u00e9elle, le droit aux ressources \u2014 terre, semences, eau \u2014 pour l\u2019ensemble des agriculteurs, et vise l\u2019acc\u00e8s de tous \u00e0 <i>\u00ab<small class=\"fine d-inline\">\u00a0<\/small>une alimentation saine, nutritive et ad\u00e9quate<small class=\"fine d-inline\">\u00a0<\/small>\u00bb<\/i>. Elle sous-entend aussi une solidarit\u00e9 et un respect entre \u00c9tats\u00a0: <i>\u00ab<small class=\"fine d-inline\">\u00a0<\/small>Lorsqu\u2019un pays exerce une concurrence d\u00e9loyale envers d\u2019autres territoires en y d\u00e9versant des surplus de production agricole \u00e0 bas prix, cela est profond\u00e9ment incompatible avec la vision de la souverainet\u00e9 alimentaire<small class=\"fine d-inline\">\u00a0<\/small>\u00bb<\/i>, explique ainsi <a target=\"_blank\" href=\"https:\/\/www.actioncontrelafaim.org\/a-la-une\/quest-ce-que-la-souverainete-alimentaire\/\" class=\"spip_out\" rel=\"external\">Action contre la faim<\/a>.<\/p>\n<p>Apr\u00e8s des d\u00e9cennies \u00e0 pr\u00eacher dans le d\u00e9sert du libre-\u00e9change, la Via Campesina a eu une bien mauvaise surprise. Au tournant des ann\u00e9es 2020, sa revendication de souverainet\u00e9 alimentaire <i>\u00ab<small class=\"fine d-inline\">\u00a0<\/small>a fait l\u2019objet d\u2019un terrible d\u00e9voiement<small class=\"fine d-inline\">\u00a0<\/small>\u00bb<\/i>, selon les dires de Jacques Caplat. Alors que la crise \u00e9cologique et la pand\u00e9mie de Covid-19 remettaient en cause de fa\u00e7on in\u00e9dite l\u2019agro-industrie, les promoteurs de ce mod\u00e8le ont r\u00e9cup\u00e9r\u00e9 le terme&#8230; en le d\u00e9tournant.<\/p>\n<h2 class=\"spip\">\u00ab<small class=\"fine d-inline\">\u00a0<\/small>Une d\u00e9fense chauvine et \u00e9go\u00efste<small class=\"fine d-inline\">\u00a0<\/small>\u00bb <\/h2>\n<p>Ainsi, l\u2019ex-patronne du syndicat productiviste <span class=\"caps\">FNSEA<\/span>, Christiane Lambert, <a target=\"_blank\" href=\"https:\/\/droit.cairn.info\/revue-administration-2020-2-page-47?lang=fr\" class=\"spip_out\" rel=\"external\">\u00e9crivait en 2020<\/a>\u00a0: <i>\u00ab<small class=\"fine d-inline\">\u00a0<\/small>La souverainet\u00e9 alimentaire d\u00e9pend non seulement d\u2019une production agricole suffisante mais aussi d\u2019outils industriels, qui permettent de valoriser les productions, g\u00e9rer les flux et stocker.<small class=\"fine d-inline\">\u00a0<\/small>\u00bb<\/i> Une vision bien \u00e9loign\u00e9e de celle promue par le mouvement paysan.<\/p>\n<p>Mais cette filouterie lexicale s\u2019est propag\u00e9e parmi les tenants du productivisme, jusqu\u2019\u00e0 se retrouver dans le titre m\u00eame du projet de loi agricole, actuellement en d\u00e9bat au S\u00e9nat. Pour l\u2019\u00e9lu de droite Laurent Duplomb, le <i>\u00ab<small class=\"fine d-inline\">\u00a0<\/small>principe de non-r\u00e9gression de la souverainet\u00e9 alimentaire<small class=\"fine d-inline\">\u00a0<\/small>\u00bb<\/i> entend <i>\u00ab<small class=\"fine d-inline\">\u00a0<\/small>freiner la folie normative qui tue notre comp\u00e9titivit\u00e9 et favorise les importations<small class=\"fine d-inline\">\u00a0<\/small>\u00bb<\/i>. <a target=\"_blank\" href=\"https:\/\/www.senat.fr\/rap\/l24-250\/l24-250-syn.pdf\" class=\"spip_out\" rel=\"external\">Dans son rapport<\/a> sur le texte l\u00e9gislatif, il pr\u00e9cise son id\u00e9e\u00a0: il s\u2019agit d\u2019assurer <i>\u00ab<small class=\"fine d-inline\">\u00a0<\/small>l\u2019attractivit\u00e9 de l\u2019agriculture<small class=\"fine d-inline\">\u00a0<\/small>\u00bb<\/i>, de viser <i>\u00ab<small class=\"fine d-inline\">\u00a0<\/small>un haut niveau de comp\u00e9titivit\u00e9<small class=\"fine d-inline\">\u00a0<\/small>\u00bb<\/i>, de <i>\u00ab<small class=\"fine d-inline\">\u00a0<\/small>soutenir la recherche et l\u2019innovation<small class=\"fine d-inline\">\u00a0<\/small>\u00bb<\/i> et de permettre <i>\u00ab<small class=\"fine d-inline\">\u00a0<\/small>la juste r\u00e9mun\u00e9ration des actifs<small class=\"fine d-inline\">\u00a0<\/small>\u00bb<\/i>.<\/p>\n<p><a target=\"_blank\" href=\"https:\/\/reporterre.net\/La-souverainete-alimentaire-vue-par-Macron-est-de-droite\" class=\"lien_lireaussi\"><strong>Lire aussi : <\/strong> <span>\u00ab<small class=\"fine d-inline\">\u00a0<\/small>La souverainet\u00e9 alimentaire vue par Macron est de droite<small class=\"fine d-inline\">\u00a0<\/small>\u00bb<\/span><\/a><\/p>\n<p><i>\u00ab<small class=\"fine d-inline\">\u00a0<\/small>C\u2019est du souverainisme alimentaire, qui n\u2019a rien \u00e0 voir avec la notion de souverainet\u00e9<\/i>, analyse Jacques Caplat. <i>On parle l\u00e0 d\u2019une d\u00e9fense chauvine et \u00e9go\u00efste de l\u2019\u00e9conomie agroalimentaire fran\u00e7aise.<small class=\"fine d-inline\">\u00a0<\/small>\u00bb<\/i> Pour Sylvie Colas, la revendication des mouvements paysans se retrouve ici <i>\u00ab<small class=\"fine d-inline\">\u00a0<\/small>instrumentalis\u00e9e pour justifier de produire toujours plus, en intensifiant l\u2019agriculture \u00e0 grand renfort de pesticides, d\u2019agrandissements. Tout \u00e7a se fait au d\u00e9triment du revenu et de la sant\u00e9 des agriculteurs<small class=\"fine d-inline\">\u00a0<\/small>\u00bb<\/i>.<\/p>\n<p>Un avis partag\u00e9 par le s\u00e9nateur \u00e9cologiste Daniel Salmon\u00a0: <i>\u00ab<small class=\"fine d-inline\">\u00a0<\/small>Ils portent une vision offensive de la souverainet\u00e9 alimentaire, vue uniquement comme une s\u00e9curisation de nos approvisionnements. Quitte \u00e0 continuer d\u2019importer, et surtout sans remise en cause de nos exportations massives qui d\u00e9structurent les \u00e9conomies agricoles d\u2019autres pays.<small class=\"fine d-inline\">\u00a0<\/small>\u00bb<\/i><\/p>\n<p><a target=\"_blank\" href=\"https:\/\/terredeliens.org\/national\/nos-propositions-pour-garantir-la-souverainete-alimentaire\/\" class=\"spip_out\" rel=\"external\">Selon les chiffres de Terre de liens<\/a>, <i>\u00ab<small class=\"fine d-inline\">\u00a0<\/small>45<small class=\"fine d-inline\">\u00a0<\/small>% de la production de c\u00e9r\u00e9ales, 1\u00a0pomme de terre sur\u00a02, 4\u00a0litres de lait sur\u00a010 sont export\u00e9s<small class=\"fine d-inline\">\u00a0<\/small>\u00bb<\/i>. Soit au total, 40<small class=\"fine d-inline\">\u00a0<\/small>% de nos terres agricoles destin\u00e9es \u00e0 l\u2019\u00e9tranger. <i>\u00ab<small class=\"fine d-inline\">\u00a0<\/small>La France est donc une puissance exportatrice\u2026 qui importe des productions d\u2019Europe et d\u2019ailleurs<small class=\"fine d-inline\">\u00a0<\/small>\u00bb<\/i>, indique l\u2019association. Il y a donc bien un probl\u00e8me de souverainet\u00e9 alimentaire dans l\u2019Hexagone, qui ne se r\u00e9soudra pas par une massification de la production.<\/p>\n<p>Plut\u00f4t que d\u2019accuser les normes environnementales de saper notre souverainet\u00e9, Daniel Salmon propose de relocaliser l\u2019agriculture, d\u2019arr\u00eater d\u2019exporter massivement nos productions et d\u2019adapter la demande (des consommateurs) \u00e0 l\u2019offre (des producteurs locaux)\u00a0: <i>\u00ab<small class=\"fine d-inline\">\u00a0<\/small>Manger massivement des filets de poulet, en d\u00e9nigrant le reste, ou vouloir des tomates en hiver, tout \u00e7a engendre en effet des importations<small class=\"fine d-inline\">\u00a0<\/small>\u00bb<\/i>, illustre-t-il.<\/p>\n<p>Apr\u00e8s de vifs d\u00e9bats, l\u2019article 1<sup class=\"typo_exposants\">er<\/sup> du projet de loi agricole, qui affirme que <i>\u00ab<small class=\"fine d-inline\">\u00a0<\/small>la souverainet\u00e9 alimentaire est un int\u00e9r\u00eat fondamental de la nation<small class=\"fine d-inline\">\u00a0<\/small>\u00bb<\/i>, a \u00e9t\u00e9 adopt\u00e9 le 6\u00a0f\u00e9vrier dernier. Sans aucune r\u00e9f\u00e9rence \u00e0 la n\u00e9cessaire transition agro\u00e9cologique. Le S\u00e9nat doit encore adopter d\u00e9finitivement la loi, avant de s\u2019accorder sur un texte final avec les d\u00e9put\u00e9s.<\/p>\n<aside class=\"boite_encarts\">\n<div class=\"encart encart_gris noprint\">\n<p><strong>Puisque vous \u00eates l\u00e0&#8230;<\/strong><\/p>\n<p>&#8230; nous avons un petit service \u00e0 vous demander.<br class=\"autobr\"\/><br \/>\nEntre la pr\u00e9sence d\u2019un climatosceptique \u00e0 la t\u00eate de la premi\u00e8re puissance mondiale, un gouvernement fran\u00e7ais qui flirte avec l\u2019extr\u00eame-droite, et les catastrophes climatiques qui s\u2019enchainent&#8230; Faire vivre l\u2019\u00e9cologie dans le d\u00e9bat public est un enjeu crucial.<\/p>\n<p>Personne ne modifie ce que nous publions. Nous n\u2019avons ni actionnaire, ni propri\u00e9taire milliardaire \u2014 seulement une \u00e9quipe d\u2019irr\u00e9ductibles journalistes, pleine de d\u00e9termination.<\/p>\n<p>Nous avons la conviction que l\u2019urgence \u00e9cologique est l\u2019enjeu majeur de notre \u00e9poque. Et comme plus de 2 millions de lectrices et lecteurs chaque mois, vous partagez sans doute cette conviction&#8230;<\/p>\n<p><strong>Depuis 12 ans, nous publions des articles de qualit\u00e9 sur l\u2019\u00e9cologie, en acc\u00e8s libre et sans publicit\u00e9, pour tous.<\/strong><br class=\"autobr\"\/><br \/>\nMais ce travail demande beaucoup de temps et de ressources.<\/p>\n<p>Alors, si vous en avez les moyens, sachez qu\u2019un don, m\u00eame d\u20191\u20ac, est un acte de soutien fort pour l\u2019\u00e9cologie et le journalisme ind\u00e9pendant.<br class=\"autobr\"\/><br \/>\n(Et \u00e7a vous prendra moins de temps que la lecture de ce texte).<\/p>\n<p><strong>Si vous le pouvez, choisissez un soutien mensuel. Merci.<\/strong><\/p>\n<p><a target=\"_blank\" href=\"https:\/\/reporterre.net\/dons\" class=\"bt_soutenir\">Je soutiens <i>Reporterre<\/i><\/a><\/p>\n<\/p><\/div>\n<div class=\"encart encart_vert noprint montre_1023\">\n<div class=\"infolettre-form-container noprint\">\n<p>Abonnez-vous \u00e0 la lettre d\u2019info de Reporterre<\/p>\n<\/div><\/div>\n<\/aside>\n<aside class=\"boite_apresarticle encart_note\">\n<h4>Apr\u00e8s cet article<\/h4>\n<p>      <a target=\"_blank\" href=\"https:\/\/reporterre.net\/La-souverainete-alimentaire-vue-par-Macron-est-de-droite\" class=\"lien_article\">\n      <picture class=\"vignette_gauche\"><source type=\"image\/webp\" srcset=\"https:\/\/reporterre.net\/local\/cache-vignettes\/L450xH300\/arton31248-f64b0.jpg@.webp?1737379597\"><img decoding=\"async\" src=\"https:\/\/reporterre.net\/local\/cache-vignettes\/L450xH300\/arton31248-f64b0.jpg?1737379597\" width=\"450\" height=\"300\" alt=\"\" class=\"marge12\" loading=\"lazy\"\/><br \/>\n<\/source><\/picture>\n<p class=\"libelle\">\n<p>          Entretien \u2014<\/p>\n<p>      Agriculture\n    <\/p>\n<p class=\"titre pol20\">\u00ab<small class=\"fine d-inline\">\u00a0<\/small>La souverainet\u00e9 alimentaire vue par Macron est de droite<small class=\"fine d-inline\">\u00a0<\/small>\u00bb<\/p>\n<p>      <\/a><br \/>\n    <\/aside>\n<aside class=\"boite_complement texte\">\n<p>      <!-- zone_forum --><br \/>\n          <\/aside>\n<aside class=\"boite_lireaussi noprint\">\n<\/aside>\n<aside class=\"colonne\">\n<div class=\"article_info cache_1023 noprint\">\n<p>    <span class=\"date\">14 f\u00e9vrier 2025  \u00e0 09h40<\/span><\/p>\n<p>    <span class=\"date_modif\">Mis \u00e0 jour le 15 f\u00e9vrier 2025 \u00e0 09h49<\/span>      <\/p>\n<p class=\"duree_lecture\">\n        Dur\u00e9e de lecture : 5 minutes\n      <\/p>\n<\/p><\/div>\n<div class=\"bloc_infolettre\">\n<div class=\"infolettre-form-container noprint\">\n<p>Abonnez-vous \u00e0 la lettre d\u2019info de Reporterre<\/p>\n<\/div><\/div>\n<\/aside>\n<div id=\"galerie\">\n  <img decoding=\"async\" src=\"\" class=\"principale\" id=\"principale\"\/><\/p>\n<p id=\"legende\">legende<\/p>\n<\/div>\n<footer class=\"noprint\">\n<\/footer>\n<\/div>\n<p><br \/>\n<br \/><a href=\"https:\/\/reporterre.net\/La-souverainete-alimentaire-une-revendication-paysanne-detournee-par-l-agro-industrie\" target=\"_blank\"\">Source link <\/a><\/p>\n","protected":false},"excerpt":{"rendered":"<p>Rome, 1996. Plusieurs milliers de personnes participaient au Sommet mondial de l\u2019alimentation, avec un objectif commun\u00a0: \u00e9radiquer la faim. \u00c0 la tribune, une paysanne proposa une voie\u00a0: la \u00ab\u00a0souverainet\u00e9 alimentaire\u00a0\u00bb,&hellip; <\/p>\n","protected":false},"author":1,"featured_media":2760,"comment_status":"open","ping_status":"open","sticky":false,"template":"","format":"standard","meta":{"footnotes":""},"categories":[1],"tags":[],"class_list":["post-2759","post","type-post","status-publish","format-standard","has-post-thumbnail","hentry","category-non-classe"],"_links":{"self":[{"href":"https:\/\/monde25.info\/index.php\/wp-json\/wp\/v2\/posts\/2759","targetHints":{"allow":["GET"]}}],"collection":[{"href":"https:\/\/monde25.info\/index.php\/wp-json\/wp\/v2\/posts"}],"about":[{"href":"https:\/\/monde25.info\/index.php\/wp-json\/wp\/v2\/types\/post"}],"author":[{"embeddable":true,"href":"https:\/\/monde25.info\/index.php\/wp-json\/wp\/v2\/users\/1"}],"replies":[{"embeddable":true,"href":"https:\/\/monde25.info\/index.php\/wp-json\/wp\/v2\/comments?post=2759"}],"version-history":[{"count":0,"href":"https:\/\/monde25.info\/index.php\/wp-json\/wp\/v2\/posts\/2759\/revisions"}],"wp:featuredmedia":[{"embeddable":true,"href":"https:\/\/monde25.info\/index.php\/wp-json\/wp\/v2\/media\/2760"}],"wp:attachment":[{"href":"https:\/\/monde25.info\/index.php\/wp-json\/wp\/v2\/media?parent=2759"}],"wp:term":[{"taxonomy":"category","embeddable":true,"href":"https:\/\/monde25.info\/index.php\/wp-json\/wp\/v2\/categories?post=2759"},{"taxonomy":"post_tag","embeddable":true,"href":"https:\/\/monde25.info\/index.php\/wp-json\/wp\/v2\/tags?post=2759"}],"curies":[{"name":"wp","href":"https:\/\/api.w.org\/{rel}","templated":true}]}}