{"id":2765,"date":"2025-02-17T00:46:53","date_gmt":"2025-02-16T23:46:53","guid":{"rendered":"https:\/\/monde25.info\/index.php\/2025\/02\/17\/une-presence-des-europeens-a-la-table-des-negociations-ne-se-produira-pas-estime-kellogg-rt-en-francais\/"},"modified":"2025-02-17T00:46:53","modified_gmt":"2025-02-16T23:46:53","slug":"une-presence-des-europeens-a-la-table-des-negociations-ne-se-produira-pas-estime-kellogg-rt-en-francais","status":"publish","type":"post","link":"https:\/\/monde25.info\/index.php\/2025\/02\/17\/une-presence-des-europeens-a-la-table-des-negociations-ne-se-produira-pas-estime-kellogg-rt-en-francais\/","title":{"rendered":"une pr\u00e9sence des Europ\u00e9ens \u00e0 la table des n\u00e9gociations \u00abne se produira pas\u00bb, estime Kellogg \u2014 RT en fran\u00e7ais"},"content":{"rendered":"<p> <br \/>\n<br \/><img decoding=\"async\" src=\"https:\/\/mf.b37mrtl.ru\/french\/images\/2025.02\/thumbnail\/67b239bb87f3ec4c563e4429.jpg\" \/><\/p>\n<div>\n<p class=\"text__summary\">\n                                        L\u2019\u00e9missaire de Donald Trump pour l\u2019Ukraine, Keith Kellogg, a assur\u00e9 le 15 f\u00e9vrier tenir les temps fix\u00e9 par le nouveau locataire de la Maison Blanche pour r\u00e9soudre le conflit ukrainien. Il a par ailleurs fait savoir que les Europ\u00e9ens n&rsquo;auraient vraisemblablement pas leur place \u00e0 la table des n\u00e9gociations.\n                                    <\/p>\n<p>Un plan de paix entre la Russie et l\u2019Ukraine pourrait \u00eatre conclu d\u2019ici quelques jours ou quelques semaines, a affirm\u00e9 le 15 f\u00e9vrier l\u2019envoy\u00e9 sp\u00e9cial de Donald Trump pour l\u2019Ukraine, Keith Kellogg.<\/p>\n<p>\u00abIl faut nous donner un peu de r\u00e9pit et de temps, mais quand je dis \u00e7a, je ne parle pas de six mois, je parle de jours et de semaines\u00bb, a-t-il d\u00e9clar\u00e9 depuis un \u00e9v\u00e8nement en marge de la Conf\u00e9rence de Munich sur la s\u00e9curit\u00e9, assurant \u00eatre \u00e0 \u00abl\u2019heure de Trump\u00bb.<\/p>\n<p>Le 22 janvier, le <em>Wall Street Journal<\/em> rapportait que Donald Trump avait demand\u00e9 \u00e0 Kellogg de proposer un r\u00e8glement du conflit ukrainien <a target=\"_blank\" href=\"https:\/\/www.wsj.com\/politics\/policy\/trumps-ukraine-envoy-has-a-hard-climb-to-any-peace-deal-ac728e58\">sous 100 jours<\/a>. Le m\u00eame jour, sur Truth Social, le 47e pr\u00e9sident des \u00c9tats-Unis avait <a target=\"_blank\" href=\"https:\/\/truthsocial.com\/@realDonaldTrump\/posts\/113872782548137314\">brandi<\/a> la menace de nouvelles sanctions contre la Russie si un accord pour mettre fin au conflit en Ukraine n\u2019\u00e9tait pas trouv\u00e9.<\/p>\n<p>Selon Kellogg, une approche \u00ab\u00e0 deux voies\u00bb est effectu\u00e9e par les \u00c9tats-Unis dans le cadre de cette tentative de r\u00e9soudre le conflit ukrainien, en s\u2019adressant d\u2019une part \u00e0 la partie russe et d\u2019autre part \u00e0 la partie ukrainienne et ses alli\u00e9s.<\/p>\n<p>Si celui-ci a insist\u00e9 sur le fait qu\u2019on ne pouvait \u00abexclure qui que ce soit\u00bb et qu\u2019il fallait \u00abimpliquer les alli\u00e9s\u00bb, les Europ\u00e9ens ont peu appr\u00e9ci\u00e9 que Kellogg pr\u00e9cise que ces derniers puissent ne pas \u00eatre physiquement convi\u00e9s \u00e0 la table d\u2019\u00e9ventuelles n\u00e9gociations, bien que leurs int\u00e9r\u00eats seraient pris en compte. \u00abJe viens de l\u2019\u00e9cole du r\u00e9alisme et je pense que cela ne se produira pas\u00bb, <a target=\"_blank\" href=\"https:\/\/www.reuters.com\/world\/europe\/zelenskiy-calls-european-army-deter-russia-earn-us-respect-2025-02-15\/\">a-t-il r\u00e9pondu<\/a>, lorsqu\u2019interrog\u00e9 sur cette pr\u00e9sence europ\u00e9enne.<\/p>\n<p>\u00abIl n&rsquo;y a aucune fa\u00e7on de mener des discussions ou des n\u00e9gociations sur l&rsquo;Ukraine, sur l&rsquo;avenir de l&rsquo;Ukraine ou sur la structure de s\u00e9curit\u00e9 europ\u00e9enne, sans les Europ\u00e9ens\u00bb a d\u00e9clar\u00e9 \u00e0 la presse, \u00e9galement \u00e0 Munich, le pr\u00e9sident finlandais Alexander Stubb.<\/p>\n<p>Depuis l\u2019annonce, le 12 f\u00e9vrier, d\u2019un \u00e9change t\u00e9l\u00e9phonique entre Donald Trump et Vladimir Poutine, qui pourrait d\u00e9boucher sur une rencontre d\u2019ici la <a target=\"_blank\" href=\"https:\/\/francais.rt.com\/news\/116922-negociations-paix-ukraine-rencontre-trump\">fin du mois<\/a>, les Europ\u00e9ens redoutent d\u2019\u00eatre <a target=\"_blank\" href=\"https:\/\/francais.rt.com\/international\/116882-europeens-redoutent-accord-trump-poutine\">tenus \u00e0 l\u2019\u00e9cart<\/a> des n\u00e9gociations et exigent d\u2019y prendre part.<\/p>\n<p>\u00abLes principaux pays europ\u00e9ens\u00bb doivent se r\u00e9unir le 17 f\u00e9vrier \u00e0 Paris \u00abpour des discussions portant sur la s\u00e9curit\u00e9 europ\u00e9enne\u00bb, a annonc\u00e9 ce 16 f\u00e9vrier le ministre fran\u00e7ais des Affaires \u00e9trang\u00e8res Jean-No\u00ebl Barrot. Une rencontre qui va se tenir apr\u00e8s une Conf\u00e9rence de Munich sur la s\u00e9curit\u00e9 ayant r\u00e9v\u00e9l\u00e9 au grand jour les divergences d\u2019approche entre Washington et ses alli\u00e9s europ\u00e9ens sur plusieurs dossiers majeurs, principalement l\u2019Ukraine et la libert\u00e9 d\u2019expression.<\/p>\n<\/div>\n<p><br \/>\n<br \/><a href=\"https:\/\/francais.rt.com\/international\/116927-conflit-ukraine-presence-europeens-table\" target=\"_blank\"\">Source link <\/a><\/p>\n","protected":false},"excerpt":{"rendered":"<p>L\u2019\u00e9missaire de Donald Trump pour l\u2019Ukraine, Keith Kellogg, a assur\u00e9 le 15 f\u00e9vrier tenir les temps fix\u00e9 par le nouveau locataire de la Maison Blanche pour r\u00e9soudre le conflit ukrainien.&hellip; <\/p>\n","protected":false},"author":1,"featured_media":2766,"comment_status":"open","ping_status":"open","sticky":false,"template":"","format":"standard","meta":{"footnotes":""},"categories":[1],"tags":[],"class_list":["post-2765","post","type-post","status-publish","format-standard","has-post-thumbnail","hentry","category-non-classe"],"_links":{"self":[{"href":"https:\/\/monde25.info\/index.php\/wp-json\/wp\/v2\/posts\/2765","targetHints":{"allow":["GET"]}}],"collection":[{"href":"https:\/\/monde25.info\/index.php\/wp-json\/wp\/v2\/posts"}],"about":[{"href":"https:\/\/monde25.info\/index.php\/wp-json\/wp\/v2\/types\/post"}],"author":[{"embeddable":true,"href":"https:\/\/monde25.info\/index.php\/wp-json\/wp\/v2\/users\/1"}],"replies":[{"embeddable":true,"href":"https:\/\/monde25.info\/index.php\/wp-json\/wp\/v2\/comments?post=2765"}],"version-history":[{"count":0,"href":"https:\/\/monde25.info\/index.php\/wp-json\/wp\/v2\/posts\/2765\/revisions"}],"wp:featuredmedia":[{"embeddable":true,"href":"https:\/\/monde25.info\/index.php\/wp-json\/wp\/v2\/media\/2766"}],"wp:attachment":[{"href":"https:\/\/monde25.info\/index.php\/wp-json\/wp\/v2\/media?parent=2765"}],"wp:term":[{"taxonomy":"category","embeddable":true,"href":"https:\/\/monde25.info\/index.php\/wp-json\/wp\/v2\/categories?post=2765"},{"taxonomy":"post_tag","embeddable":true,"href":"https:\/\/monde25.info\/index.php\/wp-json\/wp\/v2\/tags?post=2765"}],"curies":[{"name":"wp","href":"https:\/\/api.w.org\/{rel}","templated":true}]}}