{"id":2773,"date":"2025-02-17T04:40:52","date_gmt":"2025-02-17T03:40:52","guid":{"rendered":"https:\/\/monde25.info\/index.php\/2025\/02\/17\/au-mexique-ces-eleveurs-accueillent-le-loup-au-lieu-de-le-chasser\/"},"modified":"2025-02-17T04:40:52","modified_gmt":"2025-02-17T03:40:52","slug":"au-mexique-ces-eleveurs-accueillent-le-loup-au-lieu-de-le-chasser","status":"publish","type":"post","link":"https:\/\/monde25.info\/index.php\/2025\/02\/17\/au-mexique-ces-eleveurs-accueillent-le-loup-au-lieu-de-le-chasser\/","title":{"rendered":"Au Mexique, ces \u00e9leveurs accueillent le loup au lieu de le chasser"},"content":{"rendered":"<p> <br \/>\n<\/p>\n<div>\n<p class=\"indication_lieu\">\u00c9tat de Chihuahua (Mexique), reportage<\/p>\n<p>Sur le tronc d\u2019un grand pin, Carmen Garc\u00eda r\u00e9ajuste la sangle du bo\u00eetier d\u2019un pi\u00e8ge photographique et l\u2019oriente vers le fond de la petite vall\u00e9e creus\u00e9e dans les roches de la Sierra Madre Occidentale. Chaque mois, elle vient changer les piles et r\u00e9cup\u00e9rer les cartes m\u00e9moires de ses appareils.<\/p>\n<p>Cette biologiste \u00e0 la fondation Tonkawa, qui r\u00e9introduit le loup mexicain (<a target=\"_blank\" href=\"https:\/\/fr.wikipedia.org\/wiki\/Loup_du_Mexique\" class=\"spip_out\" rel=\"external\"><i>Canis lupus baileyi<\/i><\/a>), s\u2019occupe d\u2019une trentaine de cam\u00e9ras. Elles sont r\u00e9parties \u00e0 un kilom\u00e8tre d\u2019intervalle sur le terrain du ranch El Terrace\u00f1o, dont le propri\u00e9taire soutient la r\u00e9introduction de l\u2019animal.<\/p>\n<div class=\"spip_document_88670 spip_document spip_documents spip_document_image spip_documents_center spip_document_center spip_document_avec_legende\" data-legende-len=\"146\" data-legende-lenx=\"xxx\">\n<figure class=\"spip_doc_inner\">\n      <picture>\n<p>        <img decoding=\"async\" src=\"https:\/\/reporterre.net\/IMG\/jpg\/carmen_007.jpg\" width=\"532\" height=\"800\" loading=\"lazy\" alt=\"\"\/>\n    <\/picture><figcaption class=\"spip_doc_legende\">\n<p>Mar\u00eda del Carmen Garc\u00eda Ch\u00e1vez de la fondation Tonkawa, au c\u0153ur des programmes de r\u00e9introduction des loups au Mexique.<br \/>\n<i>\u00a9 Mah\u00e9 Elipe \/ Reporterre<\/i><\/p>\n<\/figcaption><\/figure>\n<\/p><\/div>\n<p>Situ\u00e9e \u00e0 une moyenne de 2\u00a0500 m\u00e8tres au-dessus du niveau de la mer, cette zone du nord-ouest de l\u2019\u00c9tat de Chihuahua, au Mexique, fait pour l\u2019instant partie de <i>\u00ab<small class=\"fine d-inline\">\u00a0<\/small>la seule o\u00f9 l\u2019on trouve des loups \u00e0 l\u2019\u00e9tat sauvage<small class=\"fine d-inline\">\u00a0<\/small>\u00bb<\/i>, dit la scientifique.<\/p>\n<blockquote class=\"spip\">\n<p>\u00ab<small class=\"fine d-inline\">\u00a0<\/small>Certains individus peuvent parcourir jusqu\u2019\u00e0 60\u00a0km en une nuit<small class=\"fine d-inline\">\u00a0<\/small>\u00bb<\/p>\n<\/blockquote>\n<p>Bien qu\u2019ils ne se laissent pas voir facilement et que leur territoire soit <i>\u00ab<small class=\"fine d-inline\">\u00a0<\/small>tr\u00e8s \u00e9tendu, car certains individus peuvent parcourir jusqu\u2019\u00e0 60\u00a0kilom\u00e8tres en une nuit<small class=\"fine d-inline\">\u00a0<\/small>\u00bb<\/i>, Carmen est presque certaine de trouver des clich\u00e9s du canid\u00e9 ici\u00a0: des empreintes de pattes rep\u00e9r\u00e9es dans la terre poussi\u00e9reuse par le gardien des lieux t\u00e9moignent de leur pr\u00e9sence.<\/p>\n<div class=\"spip_document_88671 spip_document spip_documents spip_document_image spip_documents_center spip_document_center spip_document_avec_legende\" data-legende-len=\"128\" data-legende-lenx=\"xxx\">\n<figure class=\"spip_doc_inner\">\n      <picture><source type=\"image\/webp\" srcset=\"https:\/\/reporterre.net\/local\/cache-vignettes\/L1050xH698\/emprunte_lobo_015-20029.jpg@.webp?1739287851\"><img decoding=\"async\" src=\"https:\/\/reporterre.net\/IMG\/jpg\/emprunte_lobo_015.jpg\" width=\"1200\" height=\"798\" loading=\"lazy\" alt=\"\"\/><br \/>\n    <\/source><\/picture><figcaption class=\"spip_doc_legende\">\n<p>Carmen photographie une empreinte de loup sur l\u2019un des terrains o\u00f9 plusieurs loups ont \u00e9t\u00e9 relach\u00e9s.<br \/>\n<i>\u00a9 Mah\u00e9 Elipe \/ Reporterre<\/i><\/p>\n<\/figcaption><\/figure>\n<\/p><\/div>\n<p>Au Mexique, le loup a fait son retour et certains \u00e9leveurs sont de son c\u00f4t\u00e9. Jaime Ruffo est vacher et s\u2019occupe de 300\u00a0bovins en semi-libert\u00e9 au c\u0153ur de la for\u00eat. Il travaille seul ici toute la semaine et accueille chaleureusement les scientifiques qui viennent tous les mois faire le suivi des pr\u00e9dateurs.<\/p>\n<p>Jaime n\u2019a rien contre les loups. Au contraire, <i>\u00ab<small class=\"fine d-inline\">\u00a0<\/small>ils sont tr\u00e8s beaux<small class=\"fine d-inline\">\u00a0<\/small>\u00bb<\/i>, d\u00e9clare-t-il, se rappelant fascin\u00e9 l\u2019une de ses rares rencontres avec l\u2019animal. Ce Chihuahuaense aux yeux bleus raconte \u00eatre n\u00e9 et avoir v\u00e9cu toute sa vie dans ce territoire aussi isol\u00e9 qu\u2019accident\u00e9, ainsi qu\u2019avoir travaill\u00e9 dans les ranchs depuis son adolescence.<\/p>\n<div class=\"spip_document_88672 spip_document spip_documents spip_document_image spip_documents_center spip_document_center spip_document_avec_legende\" data-legende-len=\"107\" data-legende-lenx=\"xx\">\n<figure class=\"spip_doc_inner\">\n      <picture><source type=\"image\/webp\" srcset=\"https:\/\/reporterre.net\/local\/cache-vignettes\/L1050xH698\/paysages_027-fe14d.jpg@.webp?1739287851\"><img decoding=\"async\" src=\"https:\/\/reporterre.net\/IMG\/jpg\/paysages_027.jpg\" width=\"1200\" height=\"798\" loading=\"lazy\" alt=\"\"\/><br \/>\n    <\/source><\/picture><figcaption class=\"spip_doc_legende\">\n<p>Les \u00e9levages bovins occupent une grande part de la r\u00e9gion de Janos, au Mexique.<br \/>\n<i>\u00a9 Mah\u00e9 Elipe \/ Reporterre<\/i><\/p>\n<\/figcaption><\/figure>\n<\/p><\/div>\n<p>Parlant d\u2019exp\u00e9rience, Jaime explique que la pr\u00e9dation du b\u00e9tail, des veaux surtout, a toujours exist\u00e9. Au sein de ses troupeaux, ce sont <i>\u00ab<small class=\"fine d-inline\">\u00a0<\/small>les pumas et les coyotes [qui] font le plus de d\u00e9g\u00e2ts<small class=\"fine d-inline\">\u00a0<\/small>\u00bb<\/i>. Il craint parfois l\u2019ours qui arpente \u00e9galement ces for\u00eats, mais le loup le laisse tr\u00e8s serein.<\/p>\n<blockquote class=\"spip\">\n<p>\u00ab<small class=\"fine d-inline\">\u00a0<\/small>Le loup n\u2019est pas un probl\u00e8me<small class=\"fine d-inline\">\u00a0<\/small>\u00bb<\/p>\n<\/blockquote>\n<p>Le canid\u00e9 a \u00e9t\u00e9 r\u00e9introduit pour la premi\u00e8re fois au Mexique dans l\u2019\u00c9tat voisin de Sonora en 2011, puis il s\u2019est d\u00e9plac\u00e9 jusqu\u2019ici pour y rester. Ainsi, les dix-huit rel\u00e2ches suivantes ont toutes eu lieu dans les montagnes du Chihuahua. Jaime Ruffo est formel\u00a0: <i>\u00ab<small class=\"fine d-inline\">\u00a0<\/small>le loup ne change rien<small class=\"fine d-inline\">\u00a0<\/small>\u00bb<\/i> \u00e0 son travail de vacher.<\/p>\n<p>Et s\u2019il admet que d\u2019autres \u00e9leveurs des environs peuvent \u00eatre inquiets ou critiques face au retour du pr\u00e9dateur, il demeure sto\u00efque\u00a0: <i>\u00ab<small class=\"fine d-inline\">\u00a0<\/small>\u00c0 moi, on ne peut rien me raconter. J\u2019ai pass\u00e9 toute ma vie ici avec ces animaux et je sais que le loup n\u2019est pas un probl\u00e8me.<small class=\"fine d-inline\">\u00a0<\/small>\u00bb<\/i><\/p>\n<div class=\"spip_document_88673 spip_document spip_documents spip_document_image spip_documents_center spip_document_center spip_document_avec_legende\" data-legende-len=\"130\" data-legende-lenx=\"xxx\">\n<figure class=\"spip_doc_inner\">\n      <picture><source type=\"image\/webp\" srcset=\"https:\/\/reporterre.net\/local\/cache-vignettes\/L1050xH698\/jame_001-e750a.jpg@.webp?1739287851\"><img decoding=\"async\" src=\"https:\/\/reporterre.net\/IMG\/jpg\/jame_001.jpg\" width=\"1200\" height=\"798\" loading=\"lazy\" alt=\"\"\/><br \/>\n    <\/source><\/picture><figcaption class=\"spip_doc_legende\">\n<p>Jaime Ruffo travaille dans les ranchs depuis son adolescence. Pour lui, le loup n\u2019est pas un probl\u00e8me.<br \/>\n<i>\u00a9 Mah\u00e9 Elipe \/ Reporterre<\/i><\/p>\n<\/figcaption><\/figure>\n<\/p><\/div>\n<p>La m\u00e9fiance vis-\u00e0-vis du loup est tout de m\u00eame forte sur ce territoire o\u00f9 l\u2019\u00e9levage occupe une grande place. L\u2019esp\u00e8ce a \u00e9t\u00e9 victime des campagnes d\u2019exterminations men\u00e9es jusqu\u2019\u00e0 la moiti\u00e9 du <span class=\"caps\">XX<\/span>\u1d49\u00a0si\u00e8cle. Elle a m\u00eame \u00e9t\u00e9 d\u00e9clar\u00e9e \u00e9teinte en 1987.<\/p>\n<p>Sa r\u00e9introduction est consid\u00e9r\u00e9e comme un succ\u00e8s par le gouvernement mexicain qui classe \u00e0 nouveau le loup comme \u00e9tant seulement <i>\u00ab<small class=\"fine d-inline\">\u00a0<\/small>en danger d\u2019extinction<small class=\"fine d-inline\">\u00a0<\/small>\u00bb<\/i> en 2019. Selon les estimations, une quarantaine d\u2019individus sauvages seraient en libert\u00e9 au Mexique.<\/p>\n<div class=\"spip_document_88674 spip_document spip_documents spip_document_image spip_documents_center spip_document_center spip_document_avec_legende\" data-legende-len=\"152\" data-legende-lenx=\"xxx\">\n<figure class=\"spip_doc_inner\">\n      <picture><source type=\"image\/webp\" srcset=\"https:\/\/reporterre.net\/local\/cache-vignettes\/L1050xH698\/lobo_compu_021-acbe6.jpg@.webp?1739287852\"><img decoding=\"async\" src=\"https:\/\/reporterre.net\/IMG\/jpg\/lobo_compu_021.jpg\" width=\"1200\" height=\"798\" loading=\"lazy\" alt=\"\"\/><br \/>\n    <\/source><\/picture><figcaption class=\"spip_doc_legende\">\n<p>Carmen Garc\u00eda r\u00e9cup\u00e8re les clich\u00e9s de loups pris le mois pass\u00e9 par ses pi\u00e8ges photographiques, sous le regard des rancheros.<br \/>\n<i>\u00a9 Mah\u00e9 Elipe \/ Reporterre<\/i><\/p>\n<\/figcaption><\/figure>\n<\/p><\/div>\n<p><i>\u00ab<small class=\"fine d-inline\">\u00a0<\/small>J\u2019aime l\u2019id\u00e9e que les esp\u00e8ces que nous avons nous-m\u00eames \u00e9limin\u00e9es reviennent, elles sont les bienvenues<small class=\"fine d-inline\">\u00a0<\/small>\u00bb<\/i>, d\u00e9clare Eduardo Pay\u00e1n, le propri\u00e9taire du ranch El Terrace\u00f1o, qui perp\u00e9tue l\u2019h\u00e9ritage familial de l\u2019\u00e9levage. Pour lui, c\u2019est d\u00e9sormais une \u00e9vidence d\u2019associer cette pratique agricole avec la d\u00e9fense de l\u2019environnement et des loups.<\/p>\n<blockquote class=\"spip\">\n<p>\u00ab<small class=\"fine d-inline\">\u00a0<\/small>Nous devons respecter leur espace, car nous faisons partie du m\u00eame \u00e9cosyst\u00e8me<small class=\"fine d-inline\">\u00a0<\/small>\u00bb<\/p>\n<\/blockquote>\n<p><i>\u00ab<small class=\"fine d-inline\">\u00a0<\/small>Ces animaux sont originaires de cette r\u00e9gion, c\u2019est leur territoire. Nous devons respecter leur espace, car nous faisons partie du m\u00eame \u00e9cosyst\u00e8me<small class=\"fine d-inline\">\u00a0<\/small>\u00bb<\/i>, dit-il. L\u2019homme est m\u00eame convaincu des bienfaits du retour du canid\u00e9 pour r\u00e9guler les populations d\u2019autres pr\u00e9dateurs dans sa ferme.<\/p>\n<div class=\"spip_document_88675 spip_document spip_documents spip_document_image spip_documents_center spip_document_center spip_document_avec_legende\" data-legende-len=\"164\" data-legende-lenx=\"xxx\">\n<figure class=\"spip_doc_inner\">\n      <picture>\n<p>        <img decoding=\"async\" src=\"https:\/\/reporterre.net\/IMG\/jpg\/ganadero_eduardo_payan__035_1.jpg\" width=\"532\" height=\"800\" loading=\"lazy\" alt=\"\"\/>\n    <\/picture><figcaption class=\"spip_doc_legende\">\n<p>L\u2019\u00e9leveur Eduardo Payan, en faveur de la r\u00e9introduction, fut l\u2019un des premier \u00e0 accepter que des loups soient rel\u00e2ch\u00e9s sur sa propri\u00e9t\u00e9.<br \/>\n<i>\u00a9 Mah\u00e9 Elipe \/ Reporterre<\/i><\/p>\n<\/figcaption><\/figure>\n<\/p><\/div>\n<p>D\u00e9sireux de <i>\u00ab<small class=\"fine d-inline\">\u00a0<\/small>r\u00e9cup\u00e9rer\u00a0les for\u00eats, les ruisseaux et la faune d\u2019autrefois<small class=\"fine d-inline\">\u00a0<\/small>\u00bb<\/i>, Eduardo a \u00e9t\u00e9 le premier au Chihuahua \u00e0 accepter la lib\u00e9ration d\u2019un couple de loups sur ses terres. Cet engagement lui vaut des conflits avec les agriculteurs des alentours\u00a0: <i>\u00ab<small class=\"fine d-inline\">\u00a0<\/small>Mes voisins pensent que ces loups sont \u00e0 moi<small class=\"fine d-inline\">\u00a0<\/small>\u00bb<\/i>, dit-il.<\/p>\n<p>Eduardo est conscient que les attaques sur le b\u00e9tail sont in\u00e9vitables. Il affirme se r\u00e9soudre volontiers \u00e0 payer ce qu\u2019il appelle cet <i>\u00ab<small class=\"fine d-inline\">\u00a0<\/small>imp\u00f4t \u00e9cologique<small class=\"fine d-inline\">\u00a0<\/small>\u00bb<\/i> instaur\u00e9 par la faune, d\u2019autant que les assurances remboursent une petite partie de la valeur de l\u2019animal tu\u00e9. Selon lui, si les autres \u00e9leveurs montrent des r\u00e9ticences, c\u2019est pour une raison \u00e9conomique\u00a0: <i>\u00ab<small class=\"fine d-inline\">\u00a0<\/small>Beaucoup sont des petits producteurs qui ont besoin de plus de soutien.<small class=\"fine d-inline\">\u00a0<\/small>\u00bb<\/i><\/p>\n<div class=\"spip_document_88676 spip_document spip_documents spip_document_image spip_documents_center spip_document_center spip_document_avec_legende\" data-legende-len=\"104\" data-legende-lenx=\"xx\">\n<figure class=\"spip_doc_inner\">\n      <picture><source type=\"image\/webp\" srcset=\"https:\/\/reporterre.net\/local\/cache-vignettes\/L1050xH698\/rancheros_groupe_032-025d9.jpg@.webp?1739287852\"><img decoding=\"async\" src=\"https:\/\/reporterre.net\/IMG\/jpg\/rancheros_groupe_032.jpg\" width=\"1200\" height=\"798\" loading=\"lazy\" alt=\"\"\/><br \/>\n    <\/source><\/picture><figcaption class=\"spip_doc_legende\">\n<p>Ces rancheros participent au programme de r\u00e9introduction du loup du Mexique.<br \/>\n<i>\u00a9 Mah\u00e9 Elipe \/ Reporterre<\/i><\/p>\n<\/figcaption><\/figure>\n<\/p><\/div>\n<p>Au Chihuahua, le biologiste Cristian Aguilar dirige le projet de la r\u00e9introduction du loup. Le scientifique s\u2019est install\u00e9 avec Carmen Garc\u00eda dans la r\u00e9gion, il y a pr\u00e8s de 15\u00a0ans, dans ce seul objectif\u00a0: <i>\u00ab<small class=\"fine d-inline\">\u00a0<\/small>Nous sommes arriv\u00e9s comme des scientifiques qui esp\u00e9raient que les producteurs de bovins finiraient par partager notre vision sur le loup, mais cela n\u2019a pas \u00e9t\u00e9 le cas<small class=\"fine d-inline\">\u00a0<\/small>\u00bb<\/i>.<\/p>\n<p>Au nord du Mexique, l\u2019\u00e9levage et la culture <i>\u00ab<small class=\"fine d-inline\">\u00a0<\/small>ranchera<small class=\"fine d-inline\">\u00a0<\/small>\u00bb<\/i> font partie de l\u2019identit\u00e9 r\u00e9gionale. C\u2019est aussi une activit\u00e9 majeure au Chihuahua, puisque l\u2019\u00c9tat frontalier occupe la premi\u00e8re place des exportations mexicaines de broutards aux \u00c9tats-Unis.<\/p>\n<div class=\"spip_document_88677 spip_document spip_documents spip_document_image spip_documents_center spip_document_center spip_document_avec_legende\" data-legende-len=\"177\" data-legende-lenx=\"xxx\">\n<figure class=\"spip_doc_inner\">\n      <picture><source type=\"image\/webp\" srcset=\"https:\/\/reporterre.net\/local\/cache-vignettes\/L1050xH698\/travail_007-c9ffb.jpg@.webp?1739287852\"><img decoding=\"async\" src=\"https:\/\/reporterre.net\/IMG\/jpg\/travail_007.jpg\" width=\"1200\" height=\"798\" loading=\"lazy\" alt=\"\"\/><br \/>\n    <\/source><\/picture><figcaption class=\"spip_doc_legende\">\n<p>Le biologiste Cristian Aguilar pense que la survie du loup au long cours doit passer par sa \u00ab<small class=\"fine d-inline\">\u00a0<\/small><small class=\"fine d-inline\">\u00a0<\/small>coexistence<small class=\"fine d-inline\">\u00a0<\/small><small class=\"fine d-inline\">\u00a0<\/small>\u00bb avec les activit\u00e9s humaines et agricoles.<br \/>\n<i>\u00a9 Mah\u00e9 Elipe \/ Reporterre<\/i><\/p>\n<\/figcaption><\/figure>\n<\/p><\/div>\n<p>En tant qu\u2019\u00e9cologue, Cristian confesse qu\u2019il a \u00e9t\u00e9 difficile de comprendre les \u00e9leveurs et les probl\u00e9matiques de la fili\u00e8re. En revanche, il explique que la survie du loup au long cours doit passer par sa <i>\u00ab<small class=\"fine d-inline\">\u00a0<\/small>coexistence<small class=\"fine d-inline\">\u00a0<\/small>\u00bb<\/i> avec les activit\u00e9s humaines et agricoles.<\/p>\n<h2 class=\"spip\">Rapprocher les loups des \u00e9leveurs<\/h2>\n<p>Alors, il y a sept ans, les scientifiques ont fait le pari de rallier les \u00e9leveurs \u00e0 leur cause en cr\u00e9ant un groupe de producteurs de viande biologique. <i>\u00ab<small class=\"fine d-inline\">\u00a0<\/small>L\u2019attitude d\u2019un \u00e9leveur  est tr\u00e8s diff\u00e9rente une fois qu\u2019il est accompli sur le plan \u00e9conomique. Avant, on s\u2019affairait \u00e0 repousser les loups du b\u00e9tail, mais aujourd\u2019hui on travaille pour les rapprocher des \u00e9leveurs<small class=\"fine d-inline\">\u00a0<\/small>\u00bb<\/i>, r\u00e9sume Cristian.<\/p>\n<div class=\"spip_document_88678 spip_document spip_documents spip_document_image spip_documents_center spip_document_center spip_document_avec_legende\" data-legende-len=\"168\" data-legende-lenx=\"xxx\">\n<figure class=\"spip_doc_inner\">\n      <picture><source type=\"image\/webp\" srcset=\"https:\/\/reporterre.net\/local\/cache-vignettes\/L1050xH698\/famille_042-2a395.jpg@.webp?1739287852\"><img decoding=\"async\" src=\"https:\/\/reporterre.net\/IMG\/jpg\/famille_042.jpg\" width=\"1200\" height=\"798\" loading=\"lazy\" alt=\"\"\/><br \/>\n    <\/source><\/picture><figcaption class=\"spip_doc_legende\">\n<p>Les membres de la fondation Tonkawa en compagnie de membre de la famille Aguilar Miguel, au c\u0153ur des programmes de r\u00e9introduction des loups.<br \/>\n<i>\u00a9 Mah\u00e9 Elipe \/ Reporterre<\/i><\/p>\n<\/figcaption><\/figure>\n<\/p><\/div>\n<p>Le groupe r\u00e9unit actuellement six <i>rancheros<\/i> ayant derri\u00e8re eux une longue carri\u00e8re. Ils ont \u00e9t\u00e9 s\u00e9duits par <i>\u00ab<small class=\"fine d-inline\">\u00a0<\/small>l\u2019id\u00e9e de pouvoir faire de l\u2019\u00e9levage avec le loup mexicain<small class=\"fine d-inline\">\u00a0<\/small>\u00bb<\/i>, selon les termes d\u2019H\u00e9ctor Mendoza. Ce dernier esp\u00e8re que le groupe deviendra un mod\u00e8le de fermes rentables <i>\u00ab<small class=\"fine d-inline\">\u00a0<\/small>qui fonctionnent et montrent des r\u00e9sultats<small class=\"fine d-inline\">\u00a0<\/small>\u00bb<\/i>.<\/p>\n<h2 class=\"spip\">Rotation des p\u00e2turages et r\u00e9duction du cheptel<\/h2>\n<p>Gr\u00e2ce aux conseils de Cristian et Carmen, ces \u00e9leveurs ont obtenu une certification biologique et ainsi augment\u00e9 leurs revenus. La viande de leurs bovins se vend trois fois plus cher que la conventionnelle. Les gains d\u00e9gag\u00e9s leur permettent de relativiser les pertes li\u00e9es aux pr\u00e9dateurs.<\/p>\n<p>En parall\u00e8le, les <i>rancheros<\/i> ont mis en place une rotation des p\u00e2turages, divis\u00e9 leurs parcelles et r\u00e9duit de moiti\u00e9 leur cheptel pour minimiser le risque de pr\u00e9dation. Le groupe se dit <i>\u00ab<small class=\"fine d-inline\">\u00a0<\/small>pro loups<small class=\"fine d-inline\">\u00a0<\/small>\u00bb<\/i> m\u00eame si l\u2019animal est toujours un sujet de conversation entre les agriculteurs, dit Sebasti\u00e1n Pineda, car <i>\u00ab<small class=\"fine d-inline\">\u00a0<\/small>les anciens racontaient beaucoup d\u2019histoires<small class=\"fine d-inline\">\u00a0<\/small>\u00bb<\/i>.<\/p>\n<div class=\"spip_document_88680 spip_document spip_documents spip_document_image spip_documents_center spip_document_center spip_document_avec_legende\" data-legende-len=\"109\" data-legende-lenx=\"xx\">\n<figure class=\"spip_doc_inner\">\n      <picture><source type=\"image\/webp\" srcset=\"https:\/\/reporterre.net\/local\/cache-vignettes\/L1050xH698\/montagne_011-67f98.jpg@.webp?1739287852\"><img decoding=\"async\" src=\"https:\/\/reporterre.net\/IMG\/jpg\/montagne_011.jpg\" width=\"1200\" height=\"798\" loading=\"lazy\" alt=\"\"\/><br \/>\n    <\/source><\/picture><figcaption class=\"spip_doc_legende\">\n<p>Pour minimiser le risque de pr\u00e9dation, les rancheros ont adapt\u00e9 leurs pratiques..<br \/>\n<i>\u00a9 Mah\u00e9 Elipe \/ Reporterre<\/i><\/p>\n<\/figcaption><\/figure>\n<\/p><\/div>\n<p>Alonso Olivas se rappelle que ses propres parents ont particip\u00e9 aux campagnes d\u2019extermination. Enfant, il reconna\u00eet avoir toujours \u00e9t\u00e9 curieux de cet animal dont il avait entendu parler, si bien qu\u2019il a d\u00e9cid\u00e9 lui aussi de pr\u00eater ses terrains pour des rel\u00e2ches. <i>\u00ab<small class=\"fine d-inline\">\u00a0<\/small>J\u2019\u00e9tais enthousiasm\u00e9<small class=\"fine d-inline\">\u00a0<\/small>! Bien s\u00fbr, au d\u00e9but j\u2019ai eu des probl\u00e8mes d\u2019attaques mais cela n\u2019a pas eu d\u2019impact<small class=\"fine d-inline\">\u00a0<\/small>\u00bb<\/i>.<\/p>\n<p>Le producteur se dit flatt\u00e9 de recevoir souvent <i>\u00ab<small class=\"fine d-inline\">\u00a0<\/small>la visite<small class=\"fine d-inline\">\u00a0<\/small>\u00bb<\/i> des loups sur ses terrains en montrant une photo d\u2019un jeune captur\u00e9 un jour de neige\u00a0: <i>\u00ab<small class=\"fine d-inline\">\u00a0<\/small>Je veux qu\u2019ils existent<\/i>, assure-t-il, <i>tout cela a un sens.<small class=\"fine d-inline\">\u00a0<\/small>\u00bb<\/i><\/p>\n<div class=\"spip_document_88679 spip_document spip_documents spip_document_image spip_documents_center spip_document_center spip_document_avec_legende\" data-legende-len=\"150\" data-legende-lenx=\"xxx\">\n<figure class=\"spip_doc_inner\">\n      <picture><source type=\"image\/webp\" srcset=\"https:\/\/reporterre.net\/local\/cache-vignettes\/L1050xH698\/lobo_compu_112-71772.jpg@.webp?1739287853\"><img decoding=\"async\" src=\"https:\/\/reporterre.net\/IMG\/jpg\/lobo_compu_112.jpg\" width=\"1200\" height=\"798\" loading=\"lazy\" alt=\"\"\/><br \/>\n    <\/source><\/picture><figcaption class=\"spip_doc_legende\">\n<p>Pour les rancheros favorables \u00e0 la r\u00e9introduction du loup, leurs rencontres avec le pr\u00e9dateur sont des moments m\u00e9morables.<br \/>\n<i>\u00a9 Mah\u00e9 Elipe \/ Reporterre<\/i><\/p>\n<\/figcaption><\/figure>\n<\/p><\/div>\n<aside class=\"boite_encarts\">\n<div class=\"encart encart_gris noprint\">\n<p><strong>Puisque vous \u00eates l\u00e0&#8230;<\/strong><\/p>\n<p>&#8230; nous avons un petit service \u00e0 vous demander.<br class=\"autobr\"\/><br \/>\nEntre la pr\u00e9sence d\u2019un climatosceptique \u00e0 la t\u00eate de la premi\u00e8re puissance mondiale, un gouvernement fran\u00e7ais qui flirte avec l\u2019extr\u00eame-droite, et les catastrophes climatiques qui s\u2019enchainent&#8230; Faire vivre l\u2019\u00e9cologie dans le d\u00e9bat public est un enjeu crucial.<\/p>\n<p>Personne ne modifie ce que nous publions. Nous n\u2019avons ni actionnaire, ni propri\u00e9taire milliardaire \u2014 seulement une \u00e9quipe d\u2019irr\u00e9ductibles journalistes, pleine de d\u00e9termination.<\/p>\n<p>Nous avons la conviction que l\u2019urgence \u00e9cologique est l\u2019enjeu majeur de notre \u00e9poque. Et comme plus de 2 millions de lectrices et lecteurs chaque mois, vous partagez sans doute cette conviction&#8230;<\/p>\n<p><strong>Depuis 12 ans, nous publions des articles de qualit\u00e9 sur l\u2019\u00e9cologie, en acc\u00e8s libre et sans publicit\u00e9, pour tous.<\/strong><br class=\"autobr\"\/><br \/>\nMais ce travail demande beaucoup de temps et de ressources.<\/p>\n<p>Alors, si vous en avez les moyens, sachez qu\u2019un don, m\u00eame d\u20191\u20ac, est un acte de soutien fort pour l\u2019\u00e9cologie et le journalisme ind\u00e9pendant.<br class=\"autobr\"\/><br \/>\n(Et \u00e7a vous prendra moins de temps que la lecture de ce texte).<\/p>\n<p><strong>Si vous le pouvez, choisissez un soutien mensuel. Merci.<\/strong><\/p>\n<p><a target=\"_blank\" href=\"https:\/\/reporterre.net\/dons\" class=\"bt_soutenir\">Je soutiens <i>Reporterre<\/i><\/a><\/p>\n<\/p><\/div>\n<div class=\"encart encart_vert noprint montre_1023\">\n<div class=\"infolettre-form-container noprint\">\n<p>Abonnez-vous \u00e0 la lettre d\u2019info de Reporterre<\/p>\n<\/div><\/div>\n<\/aside>\n<aside class=\"boite_apresarticle encart_note\">\n<h4>Apr\u00e8s cet article<\/h4>\n<p>      <a target=\"_blank\" href=\"https:\/\/reporterre.net\/Envers-et-contre-tous-cet-homme-veut-prouver-le-retour-du-loup-en-Anjou\" class=\"lien_article\">\n      <picture class=\"vignette_gauche\"><source type=\"image\/webp\" srcset=\"https:\/\/reporterre.net\/local\/cache-vignettes\/L450xH300\/loup_reporterre_c_benjaminrullier1-e837e.jpg@.webp?1737368037\"><img decoding=\"async\" src=\"https:\/\/reporterre.net\/local\/cache-vignettes\/L450xH300\/loup_reporterre_c_benjaminrullier1-e837e.jpg?1737368037\" width=\"450\" height=\"300\" alt=\"\" class=\"marge12\" loading=\"lazy\"\/><br \/>\n<\/source><\/picture>\n<p class=\"libelle\">\n<p>          Portrait \u2014<\/p>\n<p>      Animaux\n    <\/p>\n<p class=\"titre pol20\">Envers et contre tous, cet homme veut prouver le retour du loup en Anjou<\/p>\n<p>      <\/a><br \/>\n    <\/aside>\n<aside class=\"boite_complement texte\">\n<p>      <!-- zone_forum --><br \/>\n          <\/aside>\n<aside class=\"boite_lireaussi noprint\">\n<\/aside>\n<aside class=\"colonne\">\n<div class=\"article_info cache_1023 noprint\">\n<p>    <span class=\"date\">13 f\u00e9vrier 2025  \u00e0 15h47<\/span><\/p>\n<p>    <span class=\"date_modif\">Mis \u00e0 jour le 15 f\u00e9vrier 2025 \u00e0 09h17<\/span>      <\/p>\n<p class=\"duree_lecture\">\n        Dur\u00e9e de lecture : 7 minutes\n      <\/p>\n<\/p><\/div>\n<div class=\"bloc_infolettre\">\n<div class=\"infolettre-form-container noprint\">\n<p>Abonnez-vous \u00e0 la lettre d\u2019info de Reporterre<\/p>\n<\/div><\/div>\n<\/aside><\/div>\n<p><br \/>\n<br \/><a href=\"https:\/\/reporterre.net\/Au-Mexique-ces-eleveurs-accueillent-le-loup-au-lieu-de-le-chasser\" target=\"_blank\"\">Source link <\/a><\/p>\n","protected":false},"excerpt":{"rendered":"<p>\u00c9tat de Chihuahua (Mexique), reportage Sur le tronc d\u2019un grand pin, Carmen Garc\u00eda r\u00e9ajuste la sangle du bo\u00eetier d\u2019un pi\u00e8ge photographique et l\u2019oriente vers le fond de la petite vall\u00e9e&hellip; <\/p>\n","protected":false},"author":1,"featured_media":2774,"comment_status":"open","ping_status":"open","sticky":false,"template":"","format":"standard","meta":{"footnotes":""},"categories":[1],"tags":[],"class_list":["post-2773","post","type-post","status-publish","format-standard","has-post-thumbnail","hentry","category-non-classe"],"_links":{"self":[{"href":"https:\/\/monde25.info\/index.php\/wp-json\/wp\/v2\/posts\/2773","targetHints":{"allow":["GET"]}}],"collection":[{"href":"https:\/\/monde25.info\/index.php\/wp-json\/wp\/v2\/posts"}],"about":[{"href":"https:\/\/monde25.info\/index.php\/wp-json\/wp\/v2\/types\/post"}],"author":[{"embeddable":true,"href":"https:\/\/monde25.info\/index.php\/wp-json\/wp\/v2\/users\/1"}],"replies":[{"embeddable":true,"href":"https:\/\/monde25.info\/index.php\/wp-json\/wp\/v2\/comments?post=2773"}],"version-history":[{"count":0,"href":"https:\/\/monde25.info\/index.php\/wp-json\/wp\/v2\/posts\/2773\/revisions"}],"wp:featuredmedia":[{"embeddable":true,"href":"https:\/\/monde25.info\/index.php\/wp-json\/wp\/v2\/media\/2774"}],"wp:attachment":[{"href":"https:\/\/monde25.info\/index.php\/wp-json\/wp\/v2\/media?parent=2773"}],"wp:term":[{"taxonomy":"category","embeddable":true,"href":"https:\/\/monde25.info\/index.php\/wp-json\/wp\/v2\/categories?post=2773"},{"taxonomy":"post_tag","embeddable":true,"href":"https:\/\/monde25.info\/index.php\/wp-json\/wp\/v2\/tags?post=2773"}],"curies":[{"name":"wp","href":"https:\/\/api.w.org\/{rel}","templated":true}]}}