{"id":2779,"date":"2025-02-17T06:20:17","date_gmt":"2025-02-17T05:20:17","guid":{"rendered":"https:\/\/monde25.info\/index.php\/2025\/02\/17\/le-m23-simpose-a-bukavu-malgre-les-annonces-du-gouvernement-rt-en-francais\/"},"modified":"2025-02-17T06:20:17","modified_gmt":"2025-02-17T05:20:17","slug":"le-m23-simpose-a-bukavu-malgre-les-annonces-du-gouvernement-rt-en-francais","status":"publish","type":"post","link":"https:\/\/monde25.info\/index.php\/2025\/02\/17\/le-m23-simpose-a-bukavu-malgre-les-annonces-du-gouvernement-rt-en-francais\/","title":{"rendered":"le M23 s&rsquo;impose \u00e0 Bukavu malgr\u00e9 les annonces du gouvernement \u2014 RT en fran\u00e7ais"},"content":{"rendered":"<p> <br \/>\n<br \/><img decoding=\"async\" src=\"https:\/\/mf.b37mrtl.ru\/french\/images\/2025.02\/thumbnail\/67b204bc6f7ccc61c11ee607.jpg\" \/><\/p>\n<div>\n<p class=\"text__summary\">\n                                        Alors que Kinshasa a d\u00e9clar\u00e9 que ses forces tenaient la ville, les rebelles du M23 semblent renforcer leur pr\u00e9sence dans Bukavu, marquant une nouvelle escalade du conflit dans le Sud-Kivu. L&rsquo;Union africaine appelle \u00e0 un \u00abretrait imm\u00e9diat\u00bb des combattants du M23 de cette ville de plus d&rsquo;un million d&rsquo;\u00e2mes.\n                                    <\/p>\n<p>Le 14 f\u00e9vrier au soir, les rebelles du M23 sont entr\u00e9s dans la p\u00e9riph\u00e9rie de la ville de Bukavu.\u00a0Selon\u00a0la presse francophone, cette entr\u00e9e des rebelles s&rsquo;est faite \u00abquasiment sans r\u00e9sistance de la part des forces arm\u00e9es congolaises\u00bb.\u00a0<\/p>\n<p>De\u00a0son\u00a0c\u00f4t\u00e9, la pr\u00e9sidence congolaise a affirm\u00e9 dans <a target=\"_blank\" href=\"https:\/\/www.facebook.com\/story.php?story_fbid=947112097606513&amp;id=100069231938829&amp;rdid=60BHYfiitmT5aNyb#\" target=\"_blank\" rel=\"noopener noreferrer\">un communiqu\u00e9<\/a> publi\u00e9 dans la nuit du 15 au 16 f\u00e9vrier,\u00a0que Bakuvu\u00a0\u00abenvahie un court moment par les terroristes du M23, est contr\u00f4l\u00e9e par l\u2019arm\u00e9e congolaise et les vaillants wazalendo\u00bb.\u00a0<\/p>\n<p>Une version que semblent d\u00e9mentir nombre de vid\u00e9os relay\u00e9es sur les r\u00e9seaux sociaux montrant des combattants du mouvement positionn\u00e9s dans plusieurs quartiers\u00a0cl\u00e9s de Bukavu, certains acclam\u00e9s et accompagn\u00e9s par des habitants.<\/p>\n<p>Cet assaut\u00a0de Bukavu,\u00a0dont la population est estim\u00e9e \u00e0 plus d&rsquo;un million d&rsquo;habitants,\u00a0vient s&rsquo;ajouter\u00a0\u00e0 une s\u00e9rie de victoires\u00a0engrang\u00e9es par le M23 dans l\u2019Est de la RDC. Apr\u00e8s avoir pris le contr\u00f4le de Goma fin janvier,\u00a0les rebelles \u00e9paul\u00e9s par l&rsquo;arm\u00e9e rwandaise\u00a0poursuivent ainsi leur avanc\u00e9e vers le Sud-Kivu.<\/p>\n<h2>L&rsquo;UA met en garde\u00a0contre\u00a0\u00abune balkanisation de la RDC\u00bb<\/h2>\n<p>Dans les heures ayant pr\u00e9c\u00e9d\u00e9 leur entr\u00e9e dans Bukavu, ceux-ci s&rsquo;\u00e9taient notamment empar\u00e9 de l\u2019a\u00e9roport de Kavumu desservant la ville et pr\u00e9sent\u00e9 comme le dernier verrou militaire avant la m\u00e9tropole. Cette progression rapide inqui\u00e8te Kinshasa, qui a r\u00e9uni en urgence son conseil de s\u00e9curit\u00e9 pour discuter de la situation militaire et humanitaire.<\/p>\n<div class=\"rtcode\">\n<blockquote class=\"twitter-tweet\">\n<p lang=\"fr\" dir=\"ltr\"><a target=\"_blank\" href=\"https:\/\/twitter.com\/hashtag\/RDC?src=hash&amp;ref_src=twsrc%5Etfw\">#RDC<\/a> La R\u00e9publique traverse l&rsquo;une des p\u00e9riodes charni\u00e8res de son histoire EXISTENTIELLE. Sa partie Est est envahie par l&rsquo;ennemi, l&rsquo;arm\u00e9e Rwandaise, sous la complicit\u00e9 de certains tra\u00eetres internes. Elle tue les congolais, pille nos ressources et viole nos femmes. <br \/>J&rsquo;invite le\u2026<\/p>\n<p>\u2014 Constant Mutamba (@ConstantMutamba) <a target=\"_blank\" href=\"https:\/\/twitter.com\/ConstantMutamba\/status\/1891059369460310057?ref_src=twsrc%5Etfw\">February 16, 2025<\/a><\/p><\/blockquote>\n<\/div>\n<p>Le ministre congolais de la Justice, Constant Mutamba, a appel\u00e9 la population \u00e0 \u00abrester debout face \u00e0 l\u2019ennemi et \u00e0 se mobiliser derri\u00e8re le pr\u00e9sident Tshisekedi\u00bb. Pendant ce temps, les Nations unies et plusieurs organisations humanitaires alertent sur l\u2019aggravation de la crise dans l\u2019Est de la RDC, o\u00f9 des dizaines de milliers de d\u00e9plac\u00e9s fuient les violences.<\/p>\n<p>R\u00e9unie en sommet \u00e0 Addis-Abeba, l&rsquo;Union africaine a appel\u00e9 ce 16 f\u00e9vrier \u00abau retrait imm\u00e9diat du M23 et de ses partisans\u00bb, mettant en garde contre \u00abune balkanisation de la RDC\u00bb.<\/p>\n<p>Alors que Kinshasa accuse le Rwanda de soutenir le groupe du M23 et de renforcer sa pr\u00e9sence dans l&rsquo;est du pays. Kigali nie son implication, ce malgr\u00e9 les conclusions de rapports onusiens\u00a0faisant \u00e9tat\u00a0d\u2019un appui logistique et militaire rwandais.<\/p>\n<\/div>\n<p><script async src=\"\/\/platform.twitter.com\/widgets.js\" charset=\"utf-8\"><\/script><br \/>\n<br \/><br \/>\n<br \/><a href=\"https:\/\/francais.rt.com\/international\/116931-rdc-mouvement-impose-bukavu-malgre\" target=\"_blank\"\">Source link <\/a><\/p>\n","protected":false},"excerpt":{"rendered":"<p>Alors que Kinshasa a d\u00e9clar\u00e9 que ses forces tenaient la ville, les rebelles du M23 semblent renforcer leur pr\u00e9sence dans Bukavu, marquant une nouvelle escalade du conflit dans le Sud-Kivu.&hellip; <\/p>\n","protected":false},"author":1,"featured_media":2780,"comment_status":"open","ping_status":"open","sticky":false,"template":"","format":"standard","meta":{"footnotes":""},"categories":[1],"tags":[],"class_list":["post-2779","post","type-post","status-publish","format-standard","has-post-thumbnail","hentry","category-non-classe"],"_links":{"self":[{"href":"https:\/\/monde25.info\/index.php\/wp-json\/wp\/v2\/posts\/2779","targetHints":{"allow":["GET"]}}],"collection":[{"href":"https:\/\/monde25.info\/index.php\/wp-json\/wp\/v2\/posts"}],"about":[{"href":"https:\/\/monde25.info\/index.php\/wp-json\/wp\/v2\/types\/post"}],"author":[{"embeddable":true,"href":"https:\/\/monde25.info\/index.php\/wp-json\/wp\/v2\/users\/1"}],"replies":[{"embeddable":true,"href":"https:\/\/monde25.info\/index.php\/wp-json\/wp\/v2\/comments?post=2779"}],"version-history":[{"count":0,"href":"https:\/\/monde25.info\/index.php\/wp-json\/wp\/v2\/posts\/2779\/revisions"}],"wp:featuredmedia":[{"embeddable":true,"href":"https:\/\/monde25.info\/index.php\/wp-json\/wp\/v2\/media\/2780"}],"wp:attachment":[{"href":"https:\/\/monde25.info\/index.php\/wp-json\/wp\/v2\/media?parent=2779"}],"wp:term":[{"taxonomy":"category","embeddable":true,"href":"https:\/\/monde25.info\/index.php\/wp-json\/wp\/v2\/categories?post=2779"},{"taxonomy":"post_tag","embeddable":true,"href":"https:\/\/monde25.info\/index.php\/wp-json\/wp\/v2\/tags?post=2779"}],"curies":[{"name":"wp","href":"https:\/\/api.w.org\/{rel}","templated":true}]}}