{"id":2787,"date":"2025-02-17T10:13:49","date_gmt":"2025-02-17T09:13:49","guid":{"rendered":"https:\/\/monde25.info\/index.php\/2025\/02\/17\/il-y-a-cinquante-ans-une-foret-lemportait-sur-le-plomb\/"},"modified":"2025-02-17T10:13:49","modified_gmt":"2025-02-17T09:13:49","slug":"il-y-a-cinquante-ans-une-foret-lemportait-sur-le-plomb","status":"publish","type":"post","link":"https:\/\/monde25.info\/index.php\/2025\/02\/17\/il-y-a-cinquante-ans-une-foret-lemportait-sur-le-plomb\/","title":{"rendered":"il y a cinquante ans, une for\u00eat l\u2019emportait sur le plomb"},"content":{"rendered":"<p> <br \/>\n<\/p>\n<div>\n<p>    <span class=\"date\">17 f\u00e9vrier 2025  \u00e0 09h55<\/span><\/p>\n<p class=\"duree_lecture\">\n        Dur\u00e9e de lecture : 3 minutes\n      <\/p>\n<\/p><\/div>\n<div>\n<p class=\"indication_lieu\">Marckolsheim (Bas-Rhin), reportage<\/p>\n<p>D\u2019un c\u00f4t\u00e9 de la route, la for\u00eat alluviale rh\u00e9nane pr\u00e9serv\u00e9e. De l\u2019autre, des milliers de voitures stationn\u00e9es sous des ombri\u00e8res photovolta\u00efques. Et au milieu, une centaine de personnes venues c\u00e9l\u00e9brer une victoire majeure dans l\u2019histoire du militantisme \u00e9cologique alsacien. Le 15\u00a0f\u00e9vrier, ils sont quelques anciens \u00e0 se succ\u00e9der au micro de l\u2019association Alsace Nature pour ressusciter <i>\u00ab<small class=\"fine d-inline\">\u00a0<\/small>Marcko<small class=\"fine d-inline\">\u00a0<\/small>\u00bb<\/i>, la premi\u00e8re zone \u00e0 d\u00e9fendre (zad) qu\u2019ait connu l\u2019Alsace.<\/p>\n<p>Tout commence en mars 1974, lorsque le pr\u00e9fet de l\u2019\u00e9poque annonce aux \u00e9lus locaux l\u2019installation d\u2019une usine de st\u00e9arates de plomb dans la zone portuaire de Marckolsheim, le long du Rhin. Contest\u00e9 en Allemagne puis en Moselle, le projet de la Chemische Werke M\u00fcnchen  (<span class=\"caps\">CMW<\/span>) provoque \u00e0 son tour une vive opposition en Alsace. <i>\u00ab<small class=\"fine d-inline\">\u00a0<\/small>Comment les Alsaciens allaient-ils accepter ce que les autres n\u2019avaient pas voulu<small class=\"fine d-inline\">\u00a0<\/small>?<small class=\"fine d-inline\">\u00a0<\/small>\u00bb<\/i> raille Antoine Waechter, ancien pr\u00e9sident d\u00e9partemental de l\u2019Association f\u00e9d\u00e9rative r\u00e9gionale pour la protection de la nature (<span class=\"caps\">AFRPN<\/span>). Deux motifs cristallisent la lutte contre l\u2019usine\u00a0: la crainte d\u2019une pollution au plomb et la destruction annonc\u00e9e de 800 hectares de for\u00eats alluviales rh\u00e9nanes.<\/p>\n<div class=\"spip_document_88787 spip_document spip_documents spip_document_image spip_documents_center spip_document_center spip_document_avec_legende\" data-legende-len=\"90\" data-legende-lenx=\"xx\">\n<figure class=\"spip_doc_inner\">\n      <picture><source type=\"image\/webp\" srcset=\"https:\/\/reporterre.net\/local\/cache-vignettes\/L1050xH700\/250215_rptr_zad_marckolsheim-6-dcfc6.jpg@.webp?1739777290\"><img decoding=\"async\" src=\"https:\/\/reporterre.net\/IMG\/jpg\/250215_rptr_zad_marckolsheim-6.jpg\" width=\"1200\" height=\"800\" loading=\"lazy\" alt=\"\"\/><br \/>\n    <\/source><\/picture><figcaption class=\"spip_doc_legende\">\n<p>Antoine Waechter, ancien pr\u00e9sident d\u00e9partemental de l\u2019<span class=\"caps\"><span class=\"caps\">AFRPN<\/span><\/span>.<br \/>\n<i>\u00a9 Adrien Labit \/ Reporterre<\/i><\/p>\n<\/figcaption><\/figure>\n<\/p><\/div>\n<p>Rapidement, la mobilisation prend de l\u2019ampleur. Une manifestation r\u00e9unit plus de 2\u00a0000 personnes dans les rues de la commune en juillet. Pourtant, le 20\u00a0septembre 1974, \u00e0 12\u00a0h\u00a030, les machines se mettent en marche. Pr\u00e9venus par l\u2019apiculteur de la commune qui passait devant le chantier, Antoine Waechter et son amie Solange Fernex filent sur le site et s\u2019interposent. <i>\u00ab<small class=\"fine d-inline\">\u00a0<\/small>C\u2019\u00e9tait un vendredi. Le chef de chantier a report\u00e9 l\u2019op\u00e9ration au lundi en disant qu\u2019on ne serait plus l\u00e0.<small class=\"fine d-inline\">\u00a0<\/small>\u00bb<\/i> Mais le week-end, l\u2019occupation du site s\u2019organise. Elle durera plusieurs mois.<\/p>\n<div class=\"spip_document_88785 spip_document spip_documents spip_document_image spip_documents_center spip_document_center spip_document_avec_legende\" data-legende-len=\"288\" data-legende-lenx=\"xxxx\">\n<figure class=\"spip_doc_inner\">\n      <picture><source type=\"image\/webp\" srcset=\"https:\/\/reporterre.net\/local\/cache-vignettes\/L1050xH700\/250215_rptr_zad_marckolsheim-5-6fdd8.jpg@.webp?1739777290\"><img decoding=\"async\" src=\"https:\/\/reporterre.net\/IMG\/jpg\/250215_rptr_zad_marckolsheim-5.jpg\" width=\"1200\" height=\"800\" loading=\"lazy\" alt=\"\"\/><br \/>\n    <\/source><\/picture><figcaption class=\"spip_doc_legende\">\n<p>D\u2019anciens occupants de la zad chantent \u00ab<small class=\"fine d-inline\">\u00a0<\/small><small class=\"fine d-inline\">\u00a0<\/small>Die Wacht am Rhein<small class=\"fine d-inline\">\u00a0<\/small><small class=\"fine d-inline\">\u00a0<\/small>\u00bb de Walter Mossmann. En 1974, le chanteur allemand d\u00e9tourne les paroles d\u2019un chant patriotique pour en faire un hymne \u00e0 la lutte de Marckolsheim et \u00e0 la r\u00e9conciliation entre Alsaciens et Allemands.<br \/>\n<i>\u00a9 Adrien Labit \/ Reporterre<\/i><\/p>\n<\/figcaption><\/figure>\n<\/p><\/div>\n<h2 class=\"spip\">Du plomb dans l\u2019aile des grands am\u00e9nagements <\/h2>\n<p><i>\u00ab<small class=\"fine d-inline\">\u00a0<\/small>Il y avait beaucoup de femmes<\/i>, se souvient Andr\u00e9e Buchmann, \u00e9tudiante \u00e0 l\u2019\u00e9poque. <i>Des grands-m\u00e8res avec leur fichu sur la t\u00eate, des m\u00e8res avec leurs enfants. Des paysans, des \u00e9tudiants\u2026 Les autorit\u00e9s fran\u00e7aises \u00e9taient d\u00e9sar\u00e7onn\u00e9es. Elles n\u2019avaient pas l\u2019habitude d\u2019une telle mobilisation. Ce n\u2019\u00e9tait pas comme Mai 68 face \u00e0 des \u00e9tudiants qui balan\u00e7aient des pav\u00e9s. Qu\u2019est-ce qu\u2019elles allaient faire face \u00e0 des familles et personnes \u00e2g\u00e9es<small class=\"fine d-inline\">\u00a0<\/small>?<small class=\"fine d-inline\">\u00a0<\/small>\u00bb<\/i><\/p>\n<p>Des sympathisants de toute l\u2019Alsace descendent \u00e0 <i>\u00ab<small class=\"fine d-inline\">\u00a0<\/small>Marcko<small class=\"fine d-inline\">\u00a0<\/small>\u00bb<\/i>. Comme Frantz Bernardt, originaire de Ribeauvill\u00e9, dans le Haut-Rhin. Alors \u00e9tudiant au lyc\u00e9e technique de la Meinau, \u00e0 Strasbourg, le jeune homme enfourche sa mobylette le vendredi soir pour passer ses week-ends sur le camp. Au sein de la Frendschaft\u2019s Huss, la maison de l\u2019amiti\u00e9, construite en dur sur le site, on joue de la musique et on discute beaucoup.<\/p>\n<div class=\"spip_document_88793 spip_document spip_documents spip_document_image spip_documents_center spip_document_center spip_document_avec_legende\" data-legende-len=\"73\" data-legende-lenx=\"xx\">\n<figure class=\"spip_doc_inner\">\n      <picture><source type=\"image\/webp\" srcset=\"https:\/\/reporterre.net\/local\/cache-vignettes\/L1050xH698\/250215_rptr_zad_marckolsheim-13-0094c.jpg@.webp?1739777291\"><img decoding=\"async\" src=\"https:\/\/reporterre.net\/IMG\/jpg\/250215_rptr_zad_marckolsheim-13.jpg\" width=\"1200\" height=\"798\" loading=\"lazy\" alt=\"\"\/><br \/>\n    <\/source><\/picture><figcaption class=\"spip_doc_legende\">\n<p>Frantz Bernardt, ancien occupant de la zad.<br \/>\n<i>\u00a9 Adrien Labit \/ Reporterre<\/i><\/p>\n<\/figcaption><\/figure>\n<\/p><\/div>\n<p><i>\u00ab<small class=\"fine d-inline\">\u00a0<\/small>On se disait que l\u2019argent \u00e9tait derri\u00e8re tous ces projets, qu\u2019il fallait faire attention \u00e0 ce que l\u2019industrialisation ne bousille pas tout, et que notre opposition ne pouvait fonctionner que si l\u2019on faisait front avec les Allemands.<small class=\"fine d-inline\">\u00a0<\/small>\u00bb<\/i> Ces derniers sont d\u2019ailleurs nombreux \u00e0 venir soutenir les Alsaciens sur le site. Des ponts militants se cr\u00e9ent au-dessus du Rhin, qui emm\u00e8neront les Alsaciens soutenir leurs voisins dans la contestation d\u2019un projet de centrale nucl\u00e9aire \u00e0 Wyhl.<\/p>\n<p>\u00c0 l\u2019ouest du fleuve, la mobilisation de Marckolsheim s\u2019ach\u00e8ve \u00e0 la fin f\u00e9vrier 1975, lorsque l\u2019\u00c9tat renonce au projet d\u2019usine. En 1990, les Alsaciens seront en revanche contraints d\u2019accepter l\u2019installation du fabricant d\u2019acide citrique Jungbunzlauer sur le m\u00eame site, avec un d\u00e9frichage r\u00e9duit \u00e0 27\u00a0hectares. Mais ils obtiendront la protection d\u00e9finitive des for\u00eats alluviales rh\u00e9nanes, longtemps class\u00e9es zones industrielles dans les sch\u00e9mas d\u2019am\u00e9nagement du territoire adopt\u00e9s dans les ann\u00e9es 1960. <i>\u00ab<small class=\"fine d-inline\">\u00a0<\/small>C\u2019est ce que l\u2019on retiendra sous le nom des accords de Marckolsheim<small class=\"fine d-inline\">\u00a0<\/small>\u00bb<\/i>, conclut Andr\u00e9e Buchmann. Ratifi\u00e9 par l\u2019association Alsace Nature (ex-<span class=\"caps\">AFRPN<\/span>), il aujourd\u2019hui toujours en vigueur.<\/p>\n<p><center><br \/>\n  <\/p>\n<p><\/center><\/p>\n<aside class=\"boite_encarts\">\n<div class=\"encart encart_gris noprint\">\n<p><strong>Puisque vous \u00eates l\u00e0&#8230;<\/strong><\/p>\n<p>&#8230; nous avons un petit service \u00e0 vous demander.<br class=\"autobr\"\/><br \/>\nEntre la pr\u00e9sence d\u2019un climatosceptique \u00e0 la t\u00eate de la premi\u00e8re puissance mondiale, un gouvernement fran\u00e7ais qui flirte avec l\u2019extr\u00eame-droite, et les catastrophes climatiques qui s\u2019enchainent&#8230; Faire vivre l\u2019\u00e9cologie dans le d\u00e9bat public est un enjeu crucial.<\/p>\n<p>Personne ne modifie ce que nous publions. Nous n\u2019avons ni actionnaire, ni propri\u00e9taire milliardaire \u2014 seulement une \u00e9quipe d\u2019irr\u00e9ductibles journalistes, pleine de d\u00e9termination.<\/p>\n<p>Nous avons la conviction que l\u2019urgence \u00e9cologique est l\u2019enjeu majeur de notre \u00e9poque. Et comme plus de 2 millions de lectrices et lecteurs chaque mois, vous partagez sans doute cette conviction&#8230;<\/p>\n<p><strong>Depuis 12 ans, nous publions des articles de qualit\u00e9 sur l\u2019\u00e9cologie, en acc\u00e8s libre et sans publicit\u00e9, pour tous.<\/strong><br class=\"autobr\"\/><br \/>\nMais ce travail demande beaucoup de temps et de ressources.<\/p>\n<p>Alors, si vous en avez les moyens, sachez qu\u2019un don, m\u00eame d\u20191\u20ac, est un acte de soutien fort pour l\u2019\u00e9cologie et le journalisme ind\u00e9pendant.<br class=\"autobr\"\/><br \/>\n(Et \u00e7a vous prendra moins de temps que la lecture de ce texte).<\/p>\n<p><strong>Si vous le pouvez, choisissez un soutien mensuel. Merci.<\/strong><\/p>\n<p><a target=\"_blank\" href=\"https:\/\/reporterre.net\/dons\" class=\"bt_soutenir\">Je soutiens <i>Reporterre<\/i><\/a><\/p>\n<\/p><\/div>\n<div class=\"encart encart_vert noprint montre_1023\">\n<div class=\"infolettre-form-container noprint\">\n<p>Abonnez-vous \u00e0 la lettre d\u2019info de Reporterre<\/p>\n<\/div><\/div>\n<\/aside>\n<aside class=\"boite_apresarticle encart_note\">\n<\/aside>\n<aside class=\"boite_complement texte\">\n<p>      <!-- zone_forum --><br \/>\n          <\/aside>\n<aside class=\"boite_lireaussi noprint\">\n<\/aside>\n<aside class=\"colonne\">\n<div class=\"article_info cache_1023 noprint\">\n<p>    <span class=\"date\">17 f\u00e9vrier 2025  \u00e0 09h55<\/span><\/p>\n<p class=\"duree_lecture\">\n        Dur\u00e9e de lecture : 3 minutes\n      <\/p>\n<\/p><\/div>\n<div class=\"bloc_infolettre\">\n<div class=\"infolettre-form-container noprint\">\n<p>Abonnez-vous \u00e0 la lettre d\u2019info de Reporterre<\/p>\n<\/div><\/div>\n<\/aside><\/div>\n<p><br \/>\n<br \/><a href=\"https:\/\/reporterre.net\/Zad-de-Marcko-il-y-a-cinquante-ans-une-foret-l-emportait-sur-le-plomb\" target=\"_blank\"\">Source link <\/a><\/p>\n","protected":false},"excerpt":{"rendered":"<p>17 f\u00e9vrier 2025 \u00e0 09h55 Dur\u00e9e de lecture : 3 minutes Marckolsheim (Bas-Rhin), reportage D\u2019un c\u00f4t\u00e9 de la route, la for\u00eat alluviale rh\u00e9nane pr\u00e9serv\u00e9e. De l\u2019autre, des milliers de voitures&hellip; <\/p>\n","protected":false},"author":1,"featured_media":2788,"comment_status":"open","ping_status":"open","sticky":false,"template":"","format":"standard","meta":{"footnotes":""},"categories":[1],"tags":[],"class_list":["post-2787","post","type-post","status-publish","format-standard","has-post-thumbnail","hentry","category-non-classe"],"_links":{"self":[{"href":"https:\/\/monde25.info\/index.php\/wp-json\/wp\/v2\/posts\/2787","targetHints":{"allow":["GET"]}}],"collection":[{"href":"https:\/\/monde25.info\/index.php\/wp-json\/wp\/v2\/posts"}],"about":[{"href":"https:\/\/monde25.info\/index.php\/wp-json\/wp\/v2\/types\/post"}],"author":[{"embeddable":true,"href":"https:\/\/monde25.info\/index.php\/wp-json\/wp\/v2\/users\/1"}],"replies":[{"embeddable":true,"href":"https:\/\/monde25.info\/index.php\/wp-json\/wp\/v2\/comments?post=2787"}],"version-history":[{"count":0,"href":"https:\/\/monde25.info\/index.php\/wp-json\/wp\/v2\/posts\/2787\/revisions"}],"wp:featuredmedia":[{"embeddable":true,"href":"https:\/\/monde25.info\/index.php\/wp-json\/wp\/v2\/media\/2788"}],"wp:attachment":[{"href":"https:\/\/monde25.info\/index.php\/wp-json\/wp\/v2\/media?parent=2787"}],"wp:term":[{"taxonomy":"category","embeddable":true,"href":"https:\/\/monde25.info\/index.php\/wp-json\/wp\/v2\/categories?post=2787"},{"taxonomy":"post_tag","embeddable":true,"href":"https:\/\/monde25.info\/index.php\/wp-json\/wp\/v2\/tags?post=2787"}],"curies":[{"name":"wp","href":"https:\/\/api.w.org\/{rel}","templated":true}]}}