{"id":2789,"date":"2025-02-17T10:47:18","date_gmt":"2025-02-17T09:47:18","guid":{"rendered":"https:\/\/monde25.info\/index.php\/2025\/02\/17\/double-augmentation-des-retraites-en-2025-le-nouveau-calcul-qui-va-changer-votre-pension\/"},"modified":"2025-02-17T10:47:18","modified_gmt":"2025-02-17T09:47:18","slug":"double-augmentation-des-retraites-en-2025-le-nouveau-calcul-qui-va-changer-votre-pension","status":"publish","type":"post","link":"https:\/\/monde25.info\/index.php\/2025\/02\/17\/double-augmentation-des-retraites-en-2025-le-nouveau-calcul-qui-va-changer-votre-pension\/","title":{"rendered":"Double augmentation des retraites en 2025 : Le nouveau calcul qui va changer votre pension"},"content":{"rendered":"<p> <br \/>\n<\/p>\n<div>\n<ol class=\"campaign-loop campaign-list\">\n<li id=\"campaign-433393\" class=\"post-433393 campaign type-campaign status-publish hentry campaign-has-goal campaign-has-not-achieved-goal campaign-has-end-date campaign-has-not-ended\">\n\t<a target=\"_blank\" href=\"https:\/\/reseauinternational.net\/campaigns\/campagne-de-dons-decembre-2024\/\"><\/p>\n<h3>Soutenez R\u00e9seau International.<\/h3>\n<p>\t\t\t<\/a><\/p>\n<p>\n\tChers amis lecteurs, C\u2019est gr\u00e2ce \u00e0 vos dons que nous pouvons garder notre ind\u00e9pendance et\u00a0 vous fournir le meilleur de l\u2019information internationale alternative. Votre soutien nous est indispensable; nous comptons sur vous.<\/p>\n<\/li>\n<\/ol>\n<p>par <strong>MoneyRadar<\/strong><\/p>\n<p><strong>Retraites 2025 : un versement exceptionnel va bouleverser le quotidien de 13,5 millions de Fran\u00e7ais. Face \u00e0 l\u2019inflation, le gouvernement lance une mesure historique qui combine une double augmentation et une r\u00e9gularisation r\u00e9troactive sur trois mois. Les retrait\u00e9s du priv\u00e9 sont particuli\u00e8rement concern\u00e9s par cette r\u00e9volution qui modifie en profondeur le calcul des pensions. Entre nouveaux taux de CSG et calendrier de versements, d\u00e9couvrez si vous faites partie des b\u00e9n\u00e9ficiaires de cette transformation majeure du syst\u00e8me de retraite fran\u00e7ais.<\/strong><\/p>\n<p>Dans un contexte \u00e9conomique marqu\u00e9 par <strong>une inflation tenace<\/strong>, le syst\u00e8me des retraites fran\u00e7ais s\u2019appr\u00eate \u00e0 conna\u00eetre <strong>une transformation significative<\/strong>. L\u2019ann\u00e9e 2025 inaugure une nouvelle dynamique avec <strong>l\u2019introduction d\u2019une mesure financi\u00e8re d\u2019envergure<\/strong> touchant plus de <strong>13,5 millions d\u2019anciens salari\u00e9s<\/strong>. Cette initiative, fruit d\u2019une r\u00e9organisation en profondeur des m\u00e9canismes de calcul des pensions, r\u00e9v\u00e8le une adaptation n\u00e9cessaire aux <strong>r\u00e9alit\u00e9s \u00e9conomiques actuelles<\/strong>.<\/p>\n<p>Les analystes financiers de <em>MoneyRadar<\/em> ont examin\u00e9 les implications de cette \u00e9volution qui transcende le cadre classique <strong>des revalorisations annuelles<\/strong>. Au-del\u00e0 d\u2019un simple ajustement technique, cette mesure annonce <strong>une modification structurelle du syst\u00e8me de calcul des pensions<\/strong>, notamment pour les b\u00e9n\u00e9ficiaires du <strong>r\u00e9gime Agirc-Arrco<\/strong>.<\/p>\n<h5 class=\"wp-block-heading\"><strong>13,5 millions de retrait\u00e9s face \u00e0 une r\u00e9volution financi\u00e8re sans pr\u00e9c\u00e9dent<\/strong><\/h5>\n<p><strong>Le syst\u00e8me des retraites<\/strong> s\u2019engage dans une transformation majeure en ce d\u00e9but 2025. La premi\u00e8re vague de modifications, initi\u00e9e par la revalorisation du r\u00e9gime g\u00e9n\u00e9ral index\u00e9e sur l\u2019inflation, pr\u00e9figure une s\u00e9rie d\u2019ajustements substantiels. Cette \u00e9volution vise \u00e0 unifier les diff\u00e9rents dispositifs tout en <strong>s\u00e9curisant le pouvoir d\u2019achat des pensionn\u00e9s<\/strong> face aux variations \u00e9conomiques.<\/p>\n<p>Cette r\u00e9forme se distingue par son d\u00e9ploiement \u00e9chelonn\u00e9 et sa dimension r\u00e9troactive. Le nouveau m\u00e9canisme int\u00e8gre une composante corrective qui s\u2019adapte aux variations de situation individuelle des retrait\u00e9s. Cette m\u00e9thodologie permet <strong>un calibrage pr\u00e9cis des prestations<\/strong> selon les r\u00e9alit\u00e9s \u00e9conomiques de chaque b\u00e9n\u00e9ficiaire.<\/p>\n<p>Les sp\u00e9cialistes du secteur soulignent l\u2019innovation de ce dispositif qui s\u2019\u00e9loigne des mod\u00e8les traditionnels. <strong>L\u2019ancien syst\u00e8me<\/strong>, fond\u00e9 sur des ajustements uniformes, ne r\u00e9pondait plus \u00e0 <strong>la diversit\u00e9 des parcours des retrait\u00e9s<\/strong>. La nouvelle configuration offre une pr\u00e9cision accrue dans l\u2019analyse des dossiers, int\u00e9grant les carri\u00e8res mixtes et les sources de revenus multiples. Cette transformation <strong>s\u2019accompagne d\u2019une digitalisation des proc\u00e9dures<\/strong> administratives. L\u2019int\u00e9gration d\u2019outils num\u00e9riques avanc\u00e9s garantit une actualisation instantan\u00e9e des droits. Cette modernisation technique, transparente pour les usagers, constitue une avanc\u00e9e d\u00e9terminante dans l\u2019administration des pensions.<\/p>\n<h5 class=\"wp-block-heading\"><strong>Le myst\u00e8re du virement surprise enfin \u00e9lucid\u00e9<\/strong><\/h5>\n<p>Le dispositif repose sur un \u00e9quilibre minutieux entre param\u00e8tres fiscaux et sociaux. L\u2019administration fiscale a effectu\u00e9 une actualisation int\u00e9grale des ressources au 1er janvier, exploitant les donn\u00e9es de <strong>l\u2019ann\u00e9e N-2 issues des avis d\u2019imposition 2024<\/strong>. Cette mise \u00e0 jour \u00e9tablit les fondements d\u2019un nouveau mode de calcul incluant <strong>quatre taux de CSG distincts<\/strong>, dont le bar\u00e8me enregistre une progression de 4,8% depuis janvier.<\/p>\n<p>Cette \u00e9volution s\u2019accompagne d\u2019une red\u00e9finition <strong>des crit\u00e8res d\u2019attribution des taux de CSG<\/strong>. Le m\u00e9canisme, plus nuanc\u00e9, optimise l\u2019\u00e9valuation des situations personnelles. Les variations de taux int\u00e8grent d\u00e9sormais l\u2019ensemble des param\u00e8tres : <strong>\u00e9volution du foyer fiscal, revenus additionnels, cr\u00e9ant une analyse plus fine des profils<\/strong>.<\/p>\n<p>Le syst\u00e8me introduit un m\u00e9canisme de compensation dynamique remarquable. L\u2019\u00e9valuation des revenus s\u2019effectue sur 24 mois glissants, permettant d\u2019att\u00e9nuer l\u2019impact des variations temporaires. Cette perspective \u00e9tendue renforce la protection contre les effets de seuil qui affectaient certains retrait\u00e9s.<\/p>\n<h5 class=\"wp-block-heading\"><strong>Votre profil fait-il partie des plus avantag\u00e9s ?<\/strong><\/h5>\n<p>L\u2019examen des r\u00e9percussions d\u00e9voile <strong>des variations significatives selon les situations individuelles<\/strong>. Les b\u00e9n\u00e9ficiaires situ\u00e9s dans les tranches inf\u00e9rieures de CSG verront une augmentation notable de leur pension, cons\u00e9quence directe des nouveaux bar\u00e8mes. Cette valorisation inclut un rattrapage sur <strong>le premier trimestre 2025<\/strong>, multipliant l\u2019impact positif sur leur situation financi\u00e8re.<\/p>\n<p>En revanche, certaines cat\u00e9gories pourraient observer une r\u00e9vision de leurs allocations. L\u2019\u00e9volution de la structure familiale ou l\u2019ajout de revenus suppl\u00e9mentaires peut d\u00e9clencher <strong>une modification du taux de CSG applicable<\/strong>. Cette adaptation, malgr\u00e9 son impact imm\u00e9diat potentiellement n\u00e9gatif, s\u2019inscrit dans une d\u00e9marche d\u2019\u00e9quilibre du syst\u00e8me de retraite.<\/p>\n<p><strong>L\u2019\u00e9tude des donn\u00e9es d\u00e9mographiques<\/strong> met en lumi\u00e8re des \u00e9carts territoriaux dans le d\u00e9ploiement de cette mesure. Les centres urbains concentrant d\u2019anciens salari\u00e9s du priv\u00e9 devraient enregistrer des retomb\u00e9es \u00e9conomiques plus marqu\u00e9es. Les territoires \u00e0 forte tradition industrielle observeront <strong>une concentration plus \u00e9lev\u00e9e de b\u00e9n\u00e9ficiaires<\/strong>, g\u00e9n\u00e9rant un effet multiplicateur sur l\u2019\u00e9conomie locale.<\/p>\n<p>Les situations sp\u00e9cifiques, notamment des retrait\u00e9s relevant de plusieurs r\u00e9gimes, b\u00e9n\u00e9ficient d\u2019un traitement d\u00e9di\u00e9. Un syst\u00e8me de coordination entre les diff\u00e9rentes caisses <strong>garantit une coh\u00e9rence dans les calculs<\/strong>, \u00e9vitant les doubles ajustements. Cette synchronisation repr\u00e9sente une am\u00e9lioration d\u00e9cisive pour les parcours professionnels diversifi\u00e9s.<\/p>\n<h5 class=\"wp-block-heading\"><strong>Mars 2025 : Le mois qui va tout changer pour les retrait\u00e9s<\/strong><\/h5>\n<p>Le calendrier de mise en \u0153uvre suit une s\u00e9quence pr\u00e9cise et m\u00e9thodique. <strong>Le 3 mars 2025<\/strong> marque le premier versement int\u00e9grant les ajustements et r\u00e9gularisations. Ce moment d\u00e9cisif inaugure une nouvelle phase dans l\u2019administration des pensions compl\u00e9mentaires, avec des r\u00e9percussions directes sur la tr\u00e9sorerie des b\u00e9n\u00e9ficiaires.<\/p>\n<p>L\u2019\u00e9quilibre du dispositif <strong>prendra effet en avril 2025<\/strong>, ouvrant une p\u00e9riode de stabilit\u00e9 semestrielle. Cette phase, s\u2019\u00e9tendant jusqu\u2019en novembre, offre aux retrait\u00e9s une visibilit\u00e9 accrue pour leur gestion budg\u00e9taire. <strong>L\u2019automne 2025 annonce la prochaine r\u00e9vision des pensions Agirc-Arrco<\/strong>, illustrant la dynamique d\u2019ajustement continu aux indicateurs \u00e9conomiques.<\/p>\n<p>Le dispositif innove avec <strong>l\u2019introduction d\u2019alertes personnalis\u00e9es<\/strong>. Les b\u00e9n\u00e9ficiaires recevront un pr\u00e9avis d\u00e9taill\u00e9 trente jours avant toute modification substantielle, incluant une projection pr\u00e9cise des changements. Cette transparence renforc\u00e9e facilite l\u2019anticipation des variations de revenus.<\/p>\n<p>Les cycles de revalorisation \u00e9voluent pour \u00e9pouser les fluctuations \u00e9conomiques. <strong>Le passage \u00e0 deux r\u00e9visions annuelles<\/strong> remplace l\u2019unique ajustement traditionnel, permettant une meilleure r\u00e9activit\u00e9 face aux variations de l\u2019inflation. Cette souplesse constitue une r\u00e9ponse calibr\u00e9e aux enjeux de <strong>pr\u00e9servation du pouvoir d\u2019achat<\/strong>.<\/p>\n<p>Cette r\u00e9organisation du syst\u00e8me des pensions repr\u00e9sente <strong>une \u00e9volution significative dans la gestion des retraites en France<\/strong>. L\u2019initiative d\u00e9montre une adaptation n\u00e9cessaire aux enjeux \u00e9conomiques contemporains, son efficacit\u00e9 reposant sur la personnalisation du traitement des situations individuelles. Notre analyse sugg\u00e8re que cette m\u00e9thode diff\u00e9renci\u00e9e, associ\u00e9e au <strong>m\u00e9canisme de r\u00e9gularisation r\u00e9troactive<\/strong>, offre une solution adapt\u00e9e face \u00e0 l\u2019inflation actuelle.<\/p>\n<p>Le v\u00e9ritable atout de cette mesure r\u00e9side dans <strong>sa m\u00e9thodologie d\u2019application<\/strong>. L\u2019introduction d\u2019un syst\u00e8me d\u2019ajustement modulable, rempla\u00e7ant la revalorisation uniforme, t\u00e9moigne d\u2019une \u00e9volution pertinente dans la gestion des fonds de retraite. Face aux d\u00e9fis d\u00e9mographiques qui se profilent, cette souplesse nouvelle pourrait <strong>\u00e9tablir de nouveaux standards<\/strong> en mati\u00e8re de gestion des pensions.<\/p>\n<p>source\u00a0: <a target=\"_blank\" href=\"https:\/\/moneyradar.org\/articles-votre-argent\/double-augmentation-retraites-en-2025\/\" target=\"_blank\" rel=\"noopener\" title=\"\">MoneyRadar<\/a><\/p>\n<div class=\"sharedaddy sd-block sd-like jetpack-likes-widget-wrapper jetpack-likes-widget-unloaded\" id=\"like-post-wrapper-237719536-444118-67b304f105607\" data-src=\"https:\/\/widgets.wp.com\/likes\/?ver=14.2.1#blog_id=237719536&amp;post_id=444118&amp;origin=reseauinternational.net&amp;obj_id=237719536-444118-67b304f105607&amp;n=1\" data-name=\"like-post-frame-237719536-444118-67b304f105607\" data-title=\"Aimer ou rebloguer\">\n<h3 class=\"sd-title\">J\u2019aime \u00e7a\u00a0:<\/h3>\n<p><span class=\"button\"><span>J\u2019aime<\/span><\/span> <span class=\"loading\">chargement\u2026<\/span><\/p>\n<p><span class=\"sd-text-color\"\/><a target=\"_blank\" class=\"sd-link-color\"\/><\/div>\n<p><meta itemscope=\"\" itemprop=\"mainEntityOfPage\" itemtype=\"https:\/\/schema.org\/WebPage\" itemid=\"https:\/\/reseauinternational.net\/double-augmentation-des-retraites-en-2025-le-nouveau-calcul-qui-va-changer-votre-pension\/\"\/><meta itemprop=\"headline\" content=\"Double augmentation des retraites en 2025 : Le nouveau calcul qui va changer votre pension\"\/><span style=\"display: none;\" itemprop=\"author\" itemscope=\"\" itemtype=\"https:\/\/schema.org\/Person\"><meta itemprop=\"name\" content=\"R\u00e9seau International\"\/><\/span><span style=\"display: none;\" itemprop=\"image\" itemscope=\"\" itemtype=\"https:\/\/schema.org\/ImageObject\"><meta itemprop=\"url\" content=\"https:\/\/i0.wp.com\/reseauinternational.net\/wp-content\/uploads\/2025\/02\/Sans-titre-25-6.png?fit=800%2C467&amp;quality=100&amp;ssl=1\"\/><meta itemprop=\"width\" content=\"800\"\/><meta itemprop=\"height\" content=\"467\"\/><\/span><span style=\"display: none;\" itemprop=\"publisher\" itemscope=\"\" itemtype=\"https:\/\/schema.org\/Organization\"><span style=\"display: none;\" itemprop=\"logo\" itemscope=\"\" itemtype=\"https:\/\/schema.org\/ImageObject\"><meta itemprop=\"url\" content=\"https:\/\/reseauinternational.net\/wp-content\/uploads\/2022\/06\/Capture-de\u0301cran-2022-06-14-a\u0300-16.51.07.png\"\/><\/span><meta itemprop=\"name\" content=\"R\u00e9seau International\"\/><\/span><meta itemprop=\"datePublished\" content=\"2025-02-17T10:30:19+00:00\"\/><meta itemprop=\"dateModified\" content=\"2025-02-17T10:30:33+00:00\"\/><\/div>\n<p><br \/>\n<br \/><a href=\"https:\/\/reseauinternational.net\/double-augmentation-des-retraites-en-2025-le-nouveau-calcul-qui-va-changer-votre-pension\/\" target=\"_blank\"\">Source link <\/a><\/p>\n","protected":false},"excerpt":{"rendered":"<p>Soutenez R\u00e9seau International. Chers amis lecteurs, C\u2019est gr\u00e2ce \u00e0 vos dons que nous pouvons garder notre ind\u00e9pendance et\u00a0 vous fournir le meilleur de l\u2019information internationale alternative. Votre soutien nous est&hellip; <\/p>\n","protected":false},"author":1,"featured_media":2790,"comment_status":"open","ping_status":"open","sticky":false,"template":"","format":"standard","meta":{"footnotes":""},"categories":[1],"tags":[],"class_list":["post-2789","post","type-post","status-publish","format-standard","has-post-thumbnail","hentry","category-non-classe"],"_links":{"self":[{"href":"https:\/\/monde25.info\/index.php\/wp-json\/wp\/v2\/posts\/2789","targetHints":{"allow":["GET"]}}],"collection":[{"href":"https:\/\/monde25.info\/index.php\/wp-json\/wp\/v2\/posts"}],"about":[{"href":"https:\/\/monde25.info\/index.php\/wp-json\/wp\/v2\/types\/post"}],"author":[{"embeddable":true,"href":"https:\/\/monde25.info\/index.php\/wp-json\/wp\/v2\/users\/1"}],"replies":[{"embeddable":true,"href":"https:\/\/monde25.info\/index.php\/wp-json\/wp\/v2\/comments?post=2789"}],"version-history":[{"count":0,"href":"https:\/\/monde25.info\/index.php\/wp-json\/wp\/v2\/posts\/2789\/revisions"}],"wp:featuredmedia":[{"embeddable":true,"href":"https:\/\/monde25.info\/index.php\/wp-json\/wp\/v2\/media\/2790"}],"wp:attachment":[{"href":"https:\/\/monde25.info\/index.php\/wp-json\/wp\/v2\/media?parent=2789"}],"wp:term":[{"taxonomy":"category","embeddable":true,"href":"https:\/\/monde25.info\/index.php\/wp-json\/wp\/v2\/categories?post=2789"},{"taxonomy":"post_tag","embeddable":true,"href":"https:\/\/monde25.info\/index.php\/wp-json\/wp\/v2\/tags?post=2789"}],"curies":[{"name":"wp","href":"https:\/\/api.w.org\/{rel}","templated":true}]}}