{"id":2795,"date":"2025-02-17T12:28:04","date_gmt":"2025-02-17T11:28:04","guid":{"rendered":"https:\/\/monde25.info\/index.php\/2025\/02\/17\/il-ne-saurait-etre-question-de-faire-des-concessions-territoriales-a-lukraine-dans-le-cadre-du-processus-de-reglement-rt-en-francais\/"},"modified":"2025-02-17T12:28:04","modified_gmt":"2025-02-17T11:28:04","slug":"il-ne-saurait-etre-question-de-faire-des-concessions-territoriales-a-lukraine-dans-le-cadre-du-processus-de-reglement-rt-en-francais","status":"publish","type":"post","link":"https:\/\/monde25.info\/index.php\/2025\/02\/17\/il-ne-saurait-etre-question-de-faire-des-concessions-territoriales-a-lukraine-dans-le-cadre-du-processus-de-reglement-rt-en-francais\/","title":{"rendered":"il ne saurait \u00eatre question de faire des concessions territoriales \u00e0 l&rsquo;Ukraine dans le cadre du processus de r\u00e8glement \u2014 RT en fran\u00e7ais"},"content":{"rendered":"<p> <br \/>\n<br \/><img decoding=\"async\" src=\"https:\/\/mf.b37mrtl.ru\/french\/images\/2025.02\/thumbnail\/67b3173a6f7ccc36e30f9836.jpg\" \/><\/p>\n<div>\n<p class=\"text__summary\">\n                                        Sergue\u00ef Lavrov, ministre russe des Affaires \u00e9trang\u00e8res, a d\u00e9clar\u00e9 qu\u2019aucune concession territoriale \u00e0 l&rsquo;Ukraine n&rsquo;\u00e9tait possible \u00e0 cause des atrocit\u00e9s commises par le r\u00e9gime de Kiev.\n                                    <\/p>\n<p>Sergue\u00ef Lavrov, ministre russe des Affaires \u00e9trang\u00e8res, a pr\u00e9venu que la Russie s&rsquo;opposera \u00e0 toute concession territoriale \u00e0 l&rsquo;Ukraine, afin de ne pas laisser la population\u00a0sans protection compte tenu des crimes commis par le r\u00e9gime de Kiev.<\/p>\n<p>D\u00c9TAILS \u00c0 SUIVRE&#8230;<\/p>\n<\/div>\n<p><br \/>\n<br \/><a href=\"https:\/\/francais.rt.com\/russie\/116954-lavrov-il-ne-saurait-etre-question-faire-concessions-territoriales-a-ukraine-dans-cadre-reglement\" target=\"_blank\"\">Source link <\/a><\/p>\n","protected":false},"excerpt":{"rendered":"<p>Sergue\u00ef Lavrov, ministre russe des Affaires \u00e9trang\u00e8res, a d\u00e9clar\u00e9 qu\u2019aucune concession territoriale \u00e0 l&rsquo;Ukraine n&rsquo;\u00e9tait possible \u00e0 cause des atrocit\u00e9s commises par le r\u00e9gime de Kiev. Sergue\u00ef Lavrov, ministre russe&hellip; <\/p>\n","protected":false},"author":1,"featured_media":2796,"comment_status":"open","ping_status":"open","sticky":false,"template":"","format":"standard","meta":{"footnotes":""},"categories":[1],"tags":[],"class_list":["post-2795","post","type-post","status-publish","format-standard","has-post-thumbnail","hentry","category-non-classe"],"_links":{"self":[{"href":"https:\/\/monde25.info\/index.php\/wp-json\/wp\/v2\/posts\/2795","targetHints":{"allow":["GET"]}}],"collection":[{"href":"https:\/\/monde25.info\/index.php\/wp-json\/wp\/v2\/posts"}],"about":[{"href":"https:\/\/monde25.info\/index.php\/wp-json\/wp\/v2\/types\/post"}],"author":[{"embeddable":true,"href":"https:\/\/monde25.info\/index.php\/wp-json\/wp\/v2\/users\/1"}],"replies":[{"embeddable":true,"href":"https:\/\/monde25.info\/index.php\/wp-json\/wp\/v2\/comments?post=2795"}],"version-history":[{"count":0,"href":"https:\/\/monde25.info\/index.php\/wp-json\/wp\/v2\/posts\/2795\/revisions"}],"wp:featuredmedia":[{"embeddable":true,"href":"https:\/\/monde25.info\/index.php\/wp-json\/wp\/v2\/media\/2796"}],"wp:attachment":[{"href":"https:\/\/monde25.info\/index.php\/wp-json\/wp\/v2\/media?parent=2795"}],"wp:term":[{"taxonomy":"category","embeddable":true,"href":"https:\/\/monde25.info\/index.php\/wp-json\/wp\/v2\/categories?post=2795"},{"taxonomy":"post_tag","embeddable":true,"href":"https:\/\/monde25.info\/index.php\/wp-json\/wp\/v2\/tags?post=2795"}],"curies":[{"name":"wp","href":"https:\/\/api.w.org\/{rel}","templated":true}]}}