{"id":2802,"date":"2025-02-17T14:41:20","date_gmt":"2025-02-17T13:41:20","guid":{"rendered":"https:\/\/monde25.info\/index.php\/2025\/02\/17\/une-solastalgie-palestinienne-enfant-de-la-societe-sott-net\/"},"modified":"2025-02-17T14:41:20","modified_gmt":"2025-02-17T13:41:20","slug":"une-solastalgie-palestinienne-enfant-de-la-societe-sott-net","status":"publish","type":"post","link":"https:\/\/monde25.info\/index.php\/2025\/02\/17\/une-solastalgie-palestinienne-enfant-de-la-societe-sott-net\/","title":{"rendered":"une solastalgie palestinienne \u2014 Enfant de la Soci\u00e9t\u00e9 \u2014 Sott.net"},"content":{"rendered":"<p> <br \/>\n<\/p>\n<div>\n      Nous sommes faits de terre. Le Coran nous dit que l&rsquo;homme a \u00e9t\u00e9 cr\u00e9\u00e9 \u00e0 partir de l&rsquo;argile et la Bible nous rappelle que \u00ab tu es poussi\u00e8re et tu retourneras \u00e0 la poussi\u00e8re \u00bb. La science confirme ce que les \u00c9critures proclament po\u00e9tiquement : les \u00e9l\u00e9ments de notre corps \u2014 le carbone, l&rsquo;azote, l&rsquo;oxyg\u00e8ne \u2014 sont les m\u00eames que ceux qui se trouvent dans le sol sous nos pieds.<br \/>\n<\/p>\n<div class=\"article-image-super to-center\"><a target=\"_blank\" href=\"https:\/\/fr.sott.net\/image\/s36\/722647\/full\/_MG_1702.jpg\" target=\"_blank\"><img decoding=\"async\" src=\"https:\/\/fr.sott.net\/image\/s36\/722647\/super\/_MG_1702.jpg\" alt=\"jhgfd\" title=\"Cliquer pour agrandir\"\/><\/a><\/div>\n<p>Mais que se passe-t-il lorsque la terre qui nous a faits nous est arrach\u00e9e ? Lorsque la poussi\u00e8re de nos anc\u00eatres, m\u00eal\u00e9e au sol de notre enfance, est ras\u00e9e au bulldozer ? Que se passe-t-il lorsque la terre elle-m\u00eame hurle de douleur ?<\/p>\n<p>Les Palestiniens ne connaissent que trop bien la r\u00e9ponse. Nous souffrons de la guerre, de la d\u00e9possession et du si\u00e8ge, mais nous souffrons aussi de quelque chose de plus fondamental, que j&rsquo;appelle \u00ab la douleur de la terre \u00bb.<\/p>\n<p>En termes psychologiques, il s&rsquo;agit de la <em>solastalgie<\/em>, la d\u00e9tresse caus\u00e9e par la destruction de l&rsquo;environnement, les d\u00e9placements forc\u00e9s et la perte d&rsquo;une patrie qui nous soutenait autrefois, physiquement et spirituellement.<\/p>\n<p>Contrairement \u00e0 la nostalgie, qui est le d\u00e9sir d&rsquo;un foyer laiss\u00e9 derri\u00e8re soi, la solastalgie est l&rsquo;angoisse d&rsquo;assister \u00e0 la destruction de son foyer alors que l&rsquo;on y vivait.<\/p>\n<p><span class=\"BoldGrey\">La Terre n&rsquo;est pas indiff\u00e9rente<\/span><\/p>\n<p>En Palestine, la terre n&rsquo;est pas seulement un ensemble g\u00e9ographique ; c&rsquo;est une identit\u00e9, une histoire et un h\u00e9ritage.<\/p>\n<p>L&rsquo;olivier n&rsquo;est pas seulement un arbre, c&rsquo;est un grand-parent, un conteur, un vieil homme obstin\u00e9 qui refuse de s&rsquo;incliner.<\/p>\n<p>Le sol n&rsquo;est pas seulement fait de terre, c&rsquo;est la tombe de nos anc\u00eatres, le berceau de notre enfance, le tapis de pri\u00e8re pour notre front.<\/p>\n<p>Alors quand cette terre est vol\u00e9e, d\u00e9racin\u00e9e, br\u00fbl\u00e9e, mur\u00e9e, empoisonn\u00e9e, ce n&rsquo;est pas seulement un crime \u00e9cologique, c&rsquo;est un crime mental. C&rsquo;est une guerre contre la m\u00e9moire, contre l&rsquo;enracinement, contre l&rsquo;argile m\u00eame qui nous forme.\n<\/p>\n<blockquote class=\"typ1\"><p>\nLa <a target=\"_blank\" href=\"https:\/\/www.chroniquepalestine.com\/tag\/nakba\">Nakba<\/a> n&rsquo;est pas seulement une expulsion, c&rsquo;est une coupure entre un peuple et un lieu, une rupture de la symbiose entre l&rsquo;homme et la terre.\n<\/p><\/blockquote>\n<p>Depuis, l&rsquo;assaut se poursuit chaque jour : terres confisqu\u00e9es, routes bloqu\u00e9es, <a target=\"_blank\" href=\"https:\/\/www.chroniquepalestine.com\/israel-multiplie-atrocites-a-gaza-vol-organes-fosses-communes-profanation-cimetieres\/\">cimeti\u00e8res profan\u00e9s<\/a>, maisons d\u00e9molies. La d\u00e9sertification de la Palestine n&rsquo;est pas seulement une <a target=\"_blank\" href=\"https:\/\/www.chroniquepalestine.com\/environnement\">crise environnementale<\/a>, c&rsquo;est une crise psychologique, une blessure existentielle.<\/p>\n<p><span class=\"BoldGrey\">Des hommes faits d&rsquo;argile et aux \u00e2mes bris\u00e9es<\/span><\/p>\n<p>Dans la po\u00e9sie arabe traditionnelle, l&rsquo;amant se languit de sa patrie comme d&rsquo;une bien-aim\u00e9e perdue, murmurant apr\u00e8s les ruines laiss\u00e9es derri\u00e8re lui. Mais en Palestine, les ruines ne sont pas seulement une source de chagrin, elles sont un lieu de r\u00e9sistance.<\/p>\n<p>Comme des vases d&rsquo;argile cuits au four, nous sommes craquel\u00e9s, mais endurcis. Nous sommes \u00e0 la fois fissur\u00e9s et intacts, fractur\u00e9s et debout.<\/p>\n<p>La terre \u00e9tait cens\u00e9e nous maintenir r\u00e9unis, nous ancrer, mais lorsqu&rsquo;elle est bris\u00e9e, nous h\u00e9ritons de son chagrin.<\/p>\n<p>Certains d&rsquo;entre nous portent ce chagrin dans leur poitrine, le vent fait de poussi\u00e8re des maisons d\u00e9molies se d\u00e9posant en eux. D&rsquo;autres le portent dans leur dos, courb\u00e9 par l&rsquo;exil. D&rsquo;autres le portent dans leurs yeux, toujours fix\u00e9s vers un horizon perdu.<\/p>\n<p>Et d&rsquo;autres le portent en silence, leurs mots devenant des pierres.<\/p>\n<p><span class=\"BoldGrey\">La terre se rebelle<\/span><\/p>\n<p>Mais la terre, comme son peuple, r\u00e9siste.<\/p>\n<p>Malgr\u00e9 l&rsquo;occupation, malgr\u00e9 le b\u00e9ton et l&rsquo;acier, malgr\u00e9 les plantations coloniales destin\u00e9es \u00e0 effacer la flore indig\u00e8ne, le <em>za&rsquo;atar<\/em> sauvage pousse toujours dans les fissures.<\/p>\n<p>Les cactus plant\u00e9s par les villageois palestiniens il y a des d\u00e9cennies, pour marquer leur terre, sont toujours l\u00e0, m\u00eame apr\u00e8s l&rsquo;expulsion de leurs propri\u00e9taires.<\/p>\n<p>Le bl\u00e9 se balance encore dans des champs que certains pr\u00e9f\u00e9reraient voir st\u00e9riles.<\/p>\n<p>C&rsquo;est la le\u00e7on de la terre : rien ne dispara\u00eet compl\u00e8tement. M\u00eame en exil, la terre de Palestine reste dans la peau des paysans, dans le go\u00fbt des olives, dans la m\u00e9moire des odeurs qui traversent les g\u00e9n\u00e9rations.<\/p>\n<p>Ainsi, si nous souffrons de la douleur de la terre, c&rsquo;est aussi elle qui nous gu\u00e9rit. Nous enfon\u00e7ons nos pieds dans le sol, nous enla\u00e7ons l&rsquo;\u00e9corce des oliviers, nous respirons le parfum du thym et des citrons.<\/p>\n<p>Nous plantons, sachant que ceux qui plantent ne vivront peut-\u00eatre pas pour voir la r\u00e9colte, mais confiants que quelqu&rsquo;un le fera.<\/p>\n<p>C&rsquo;est ainsi que nous d\u00e9fions la solastalgie.<\/p>\n<p>En nous r\u00e9appropriant la terre de toutes les mani\u00e8res possibles : par la po\u00e9sie, par la nourriture, par la m\u00e9moire, par la r\u00e9sistance. En refusant de rompre notre lien avec le sol, m\u00eame lorsqu&rsquo;il nous est interdit. En r\u00e9affirmant que, m\u00eame si la terre est bless\u00e9e, elle est toujours vivante, et nous aussi.<\/p>\n<p>&#8212;<\/p>\n<div class=\"article-image-small to-left\"><a target=\"_blank\" href=\"https:\/\/fr.sott.net\/image\/s36\/722648\/full\/00_16.jpg\" target=\"_blank\"><img decoding=\"async\" loading=\"lazy\" src=\"https:\/\/fr.sott.net\/image\/s36\/722648\/pod\/00_16.jpg\" alt=\"jhgf\" title=\"Cliquer pour agrandir\"\/><\/a><\/div>\n<blockquote><p>\n<strong>Samah Jabr<\/strong> est m\u00e9decin-psychiatre et exerce \u00e0 J\u00e9rusalem-Est et en Cisjordanie. Elle est actuellement responsable de l&rsquo;Unit\u00e9 de sant\u00e9 mentale au sein du Minist\u00e8re palestinien de la Sant\u00e9. Elle a enseign\u00e9 dans des universit\u00e9s palestiniennes et internationales. Le Dr Jabr est fr\u00e9quemment consultante pour des organisations internationales en mati\u00e8re de d\u00e9veloppement de la sant\u00e9 mentale. Elle est Professeur adjoint de clinique, \u00e0 George Washington.<br \/>\n<br \/>Elle est \u00e9galement une femme \u00e9crivain prolifique. Son dernier livre paru en fran\u00e7ais : <a target=\"_blank\" href=\"http:\/\/www.chroniquepalestine.com\/derriere-fronts-chroniques-dune-psychiatre-psychotherapeute-palestinienne-occupation\/\">Derri\u00e8re les fronts<\/a> &#8211; Chroniques d&rsquo;une psychiatre psychoth\u00e9rapeute palestinienne sous occupation.\n<\/p><\/blockquote><\/div>\n<p><br \/>\n<br \/><a href=\"https:\/\/fr.sott.net\/article\/44220-La-douleur-de-la-terre-une-solastalgie-palestinienne\" target=\"_blank\"\">Source link <\/a><\/p>\n","protected":false},"excerpt":{"rendered":"<p>Nous sommes faits de terre. Le Coran nous dit que l&rsquo;homme a \u00e9t\u00e9 cr\u00e9\u00e9 \u00e0 partir de l&rsquo;argile et la Bible nous rappelle que \u00ab tu es poussi\u00e8re et tu&hellip; <\/p>\n","protected":false},"author":1,"featured_media":2803,"comment_status":"open","ping_status":"open","sticky":false,"template":"","format":"standard","meta":{"footnotes":""},"categories":[1],"tags":[],"class_list":["post-2802","post","type-post","status-publish","format-standard","has-post-thumbnail","hentry","category-non-classe"],"_links":{"self":[{"href":"https:\/\/monde25.info\/index.php\/wp-json\/wp\/v2\/posts\/2802","targetHints":{"allow":["GET"]}}],"collection":[{"href":"https:\/\/monde25.info\/index.php\/wp-json\/wp\/v2\/posts"}],"about":[{"href":"https:\/\/monde25.info\/index.php\/wp-json\/wp\/v2\/types\/post"}],"author":[{"embeddable":true,"href":"https:\/\/monde25.info\/index.php\/wp-json\/wp\/v2\/users\/1"}],"replies":[{"embeddable":true,"href":"https:\/\/monde25.info\/index.php\/wp-json\/wp\/v2\/comments?post=2802"}],"version-history":[{"count":0,"href":"https:\/\/monde25.info\/index.php\/wp-json\/wp\/v2\/posts\/2802\/revisions"}],"wp:featuredmedia":[{"embeddable":true,"href":"https:\/\/monde25.info\/index.php\/wp-json\/wp\/v2\/media\/2803"}],"wp:attachment":[{"href":"https:\/\/monde25.info\/index.php\/wp-json\/wp\/v2\/media?parent=2802"}],"wp:term":[{"taxonomy":"category","embeddable":true,"href":"https:\/\/monde25.info\/index.php\/wp-json\/wp\/v2\/categories?post=2802"},{"taxonomy":"post_tag","embeddable":true,"href":"https:\/\/monde25.info\/index.php\/wp-json\/wp\/v2\/tags?post=2802"}],"curies":[{"name":"wp","href":"https:\/\/api.w.org\/{rel}","templated":true}]}}