{"id":2804,"date":"2025-02-17T16:21:12","date_gmt":"2025-02-17T15:21:12","guid":{"rendered":"https:\/\/monde25.info\/index.php\/2025\/02\/17\/cet-orchestre-qui-denonce-total-le-rn-et-la-fonte-des-glaciers\/"},"modified":"2025-02-17T16:21:12","modified_gmt":"2025-02-17T15:21:12","slug":"cet-orchestre-qui-denonce-total-le-rn-et-la-fonte-des-glaciers","status":"publish","type":"post","link":"https:\/\/monde25.info\/index.php\/2025\/02\/17\/cet-orchestre-qui-denonce-total-le-rn-et-la-fonte-des-glaciers\/","title":{"rendered":"Cet orchestre qui d\u00e9nonce Total, le RN et la fonte des glaciers"},"content":{"rendered":"<p> <br \/>\n<\/p>\n<div>\n<p class=\"indication_lieu\">Paris, reportage<\/p>\n<p>Dans la salle des f\u00eates de l\u2019Acad\u00e9mie du climat, \u00e0 Paris, l\u2019Orchestre du nouveau monde (<span class=\"caps\">ONM<\/span>) s\u2019appr\u00eate \u00e0 jouer sa cr\u00e9ation, <i>Fracas<\/i>. La moiti\u00e9 des chaises de l\u2019orchestre est vide. <i>Le Printemps<\/i> de Vivaldi r\u00e9sonne gaiement. Le public est confortablement install\u00e9 quand soudain, des cris de d\u00e9tresse se font entendre \u00e0 l\u2019ext\u00e9rieur. Un vent de panique souffle sur la salle, plusieurs spectateurs se l\u00e8vent apeur\u00e9s. <i>\u00ab<small class=\"fine d-inline\">\u00a0<\/small>Tout va bien<small class=\"fine d-inline\">\u00a0<\/small>\u00bb<\/i>, les rassure Ma\u00e9, membre de l\u2019orchestre. Dans le couloir, les musiciens jouant des vents, encore invisibles aux yeux du public, tapent sur des casseroles. C\u2019est la r\u00e9volte. Ils se mettent \u00e0 frapper sur les portes en rythme, couvrant la musique. Les portes c\u00e8dent\u00a0: les fl\u00fbtistes, trombonistes, clarinettistes, trompettistes, cornistes rentrent sous le regard mi-enjou\u00e9 mi-angoiss\u00e9 du public. Un air martial mena\u00e7ant retentit, <i>Mars<\/i>, <i>Les Belliqueux<\/i> de Gustav Holst.<\/p>\n<p>Pari r\u00e9ussi pour ces jeunes musiciens qui voulaient transmettre au public leur angoisse face au monde actuel. L\u2019<span class=\"caps\">ONM<\/span> n\u2019est pas un orchestre comme les autres. Ces 75\u00a0musiciens habitu\u00e9s des conservatoires ont d\u00e9cid\u00e9 de sortir de l\u2019ombre feutr\u00e9e des grandes salles pour faire de la musique classique un <i>\u00ab<small class=\"fine d-inline\">\u00a0<\/small>objet de lutte<small class=\"fine d-inline\">\u00a0<\/small>\u00bb<\/i>, explique leur manifeste.<\/p>\n<div class=\"spip_document_88555 spip_document spip_documents spip_document_image spip_documents_center spip_document_center spip_document_avec_legende\" data-legende-len=\"66\" data-legende-lenx=\"xx\">\n<figure class=\"spip_doc_inner\">\n      <picture><source type=\"image\/webp\" srcset=\"https:\/\/reporterre.net\/local\/cache-vignettes\/L1050xH700\/20250201_reporterre_orchestre_nouveau_monde_mg_008-d49a4.jpg@.webp?1738945217\"><img decoding=\"async\" src=\"https:\/\/reporterre.net\/IMG\/jpg\/20250201_reporterre_orchestre_nouveau_monde_mg_008.jpg\" width=\"1200\" height=\"800\" loading=\"lazy\" alt=\"\"\/><br \/>\n    <\/source><\/picture><figcaption class=\"spip_doc_legende\">\n<p>75 musiciens forment cet orchestre.<br \/>\n<i>\u00a9 Mathieu G\u00e9non \/ Reporterre<\/i><\/p>\n<\/figcaption><\/figure>\n<\/p><\/div>\n<p>Une fois le d\u00e9cor plant\u00e9, l\u2019angoisse pass\u00e9e, les musiciens encha\u00eenent avec la <i>Symphonie du nouveau monde<\/i>, d\u2019Anton\u00edn Dvo\u0159\u00e1k. Ce morceau flamboyant r\u00e9conforte les spectateurs. <i>\u00ab<small class=\"fine d-inline\">\u00a0<\/small>J\u2019ai d\u2019abord ressenti quelque chose de tr\u00e8s actuel, tr\u00e8s d\u00e9rangeant et tr\u00e8s noir<\/i>, dit Sophie, 39\u00a0ans, venue les \u00e9couter pour la cinqui\u00e8me fois. <i>Apr\u00e8s, c\u2019\u00e9tait apaisant, comme un voyage.<small class=\"fine d-inline\">\u00a0<\/small>\u00bb<\/i> <i>\u00ab<small class=\"fine d-inline\">\u00a0<\/small>On a voulu vous procurer un sentiment de r\u00e9alit\u00e9, puis amener des avenirs diff\u00e9rents de ceux qu\u2019il y a devant nous<small class=\"fine d-inline\">\u00a0<\/small>\u00bb<\/i>, explique \u00c9tienne Jarrier, le chef d\u2019orchestre de 23\u00a0ans, \u00e0 la fin du concert.<\/p>\n<div class=\"spip_document_88559 spip_document spip_documents spip_document_image spip_documents_center spip_document_center spip_document_avec_legende\" data-legende-len=\"89\" data-legende-lenx=\"xx\">\n<figure class=\"spip_doc_inner\">\n      <picture><source type=\"image\/webp\" srcset=\"https:\/\/reporterre.net\/local\/cache-vignettes\/L1050xH700\/20250201_reporterre_orchestre_nouveau_monde_mg_020-118e4.jpg@.webp?1738945161\"><img decoding=\"async\" src=\"https:\/\/reporterre.net\/IMG\/jpg\/20250201_reporterre_orchestre_nouveau_monde_mg_020.jpg\" width=\"1200\" height=\"800\" loading=\"lazy\" alt=\"\"\/><br \/>\n    <\/source><\/picture><figcaption class=\"spip_doc_legende\">\n<p>\u00ab<small class=\"fine d-inline\">\u00a0<\/small><small class=\"fine d-inline\">\u00a0<\/small>Fracas<small class=\"fine d-inline\">\u00a0<\/small><small class=\"fine d-inline\">\u00a0<\/small>\u00bb d\u00e9bute notamment avec des bruits de casseroles.<br \/>\n<i>\u00a9 Mathieu G\u00e9non \/ Reporterre<\/i><\/p>\n<\/figcaption><\/figure>\n<\/p><\/div>\n<p>En m\u00e9langeant des \u0153uvres, en chantant, en mettant en sc\u00e8ne l\u2019arriv\u00e9e des vents, l\u2019orchestre bouscule les r\u00e8gles de la musique classique. Les morceaux de musique ont soigneusement \u00e9t\u00e9 choisis pour raconter l\u2019histoire <i>\u00ab<small class=\"fine d-inline\">\u00a0<\/small>d\u2019un monde qui ne tourne plus<small class=\"fine d-inline\">\u00a0<\/small>\u00bb<\/i>, affirme \u00c9tienne Cognet, joueur de tuba, en pointant du doigt <i>\u00ab<small class=\"fine d-inline\">\u00a0<\/small>le syst\u00e8me capitaliste qui accro\u00eet les in\u00e9galit\u00e9s sociales et climatiques<small class=\"fine d-inline\">\u00a0<\/small>\u00bb<\/i>. Vivaldi pour incarner une bourgeoisie d\u00e9connect\u00e9e de la r\u00e9alit\u00e9 et l\u2019entr\u00e9e des vents pour repr\u00e9senter la r\u00e9volte du peuple qui gronde.<\/p>\n<p>\u00c2g\u00e9s de 16 \u00e0 27 ans, ces musiciens professionnels et amateurs ont envie, \u00e0 travers leur art, d\u2019inventer un nouveau monde plus durable. <i>\u00ab<small class=\"fine d-inline\">\u00a0<\/small>La musique classique a souvent \u00e9t\u00e9 du c\u00f4t\u00e9 des puissants<\/i>, affirme le chef d\u2019orchestre, <i>on veut montrer une autre voie, on pousse \u00e0 gauche.<small class=\"fine d-inline\">\u00a0<\/small>\u00bb<\/i><\/p>\n<div class=\"spip_document_88554 spip_document spip_documents spip_document_image spip_documents_center spip_document_center spip_document_avec_legende\" data-legende-len=\"67\" data-legende-lenx=\"xx\">\n<figure class=\"spip_doc_inner\">\n      <picture><source type=\"image\/webp\" srcset=\"https:\/\/reporterre.net\/local\/cache-vignettes\/L1050xH700\/20250201_reporterre_orchestre_nouveau_monde_mg_001_etienne_jarrier_-c47e5.jpg@.webp?1738945160\"><img decoding=\"async\" src=\"https:\/\/reporterre.net\/IMG\/jpg\/20250201_reporterre_orchestre_nouveau_monde_mg_001_etienne_jarrier_.jpg\" width=\"1200\" height=\"800\" loading=\"lazy\" alt=\"\"\/><br \/>\n    <\/source><\/picture><figcaption class=\"spip_doc_legende\">\n<p>Le chef d\u2019orchestre \u00c9tienne Jarrier.<br \/>\n<i>\u00a9 Mathieu G\u00e9non \/ Reporterre<\/i><\/p>\n<\/figcaption><\/figure>\n<\/p><\/div>\n<h2 class=\"spip\">D\u00e9noncer le <span class=\"caps\">RN<\/span>, Total et la fonte des glaciers<\/h2>\n<p>Cr\u00e9\u00e9 en 2022, l\u2019<span class=\"caps\">ONM<\/span> est avant tout <i>\u00ab<small class=\"fine d-inline\">\u00a0<\/small>une bande de copains<small class=\"fine d-inline\">\u00a0<\/small>\u00bb<\/i>, r\u00e9sume \u00c9tienne Jarrier, qui s\u2019est rencontr\u00e9e \u00e0 l\u2019Orchestre des Petites mains symphoniques. <i>\u00ab<small class=\"fine d-inline\">\u00a0<\/small>On aimait jouer ensemble, on \u00e9tait content de se retrouver<\/i>, raconte \u00c9tienne, qui \u00e9tait clarinettiste avant d\u2019apprendre sur le tas \u00e0 diriger l\u2019orchestre. <i>Mais \u00e7a ne nous parlait pas de faire de la musique pour faire de la musique.<small class=\"fine d-inline\">\u00a0<\/small>\u00bb<\/i> La quinzaine de musiciens r\u00eave d\u2019un orchestre militant qui se <i>\u00ab<small class=\"fine d-inline\">\u00a0<\/small>d\u00e9cloisonne<small class=\"fine d-inline\">\u00a0<\/small>\u00bb<\/i>, et sort les violons dans la rue.<\/p>\n<p>Une ambition qui a tr\u00e8s vite \u00e9t\u00e9 soutenue par des figures de la lutte contre le <a target=\"_blank\" href=\"Qu-est-ce-que-le-rechauffement-climatique\">r\u00e9chauffement climatique<\/a>. En partenariat avec l\u2019activiste Camille \u00c9tienne et l\u2019orchestre Curieux, ils ont jou\u00e9 au pied d\u2019un glacier en train de fondre en 2022 pour alerter sur l\u2019urgence climatique. <i>\u00ab<small class=\"fine d-inline\">\u00a0<\/small>C\u2019est le premier projet qui nous a fait croire en nous<small class=\"fine d-inline\">\u00a0<\/small>\u00bb<\/i>, affirme \u00c9tienne Jarrier.<\/p>\n<p><iframe loading=\"lazy\" title=\"GLACIER - [court-m\u00e9trage]\" width=\"1110\" height=\"624\" src=\"https:\/\/www.youtube.com\/embed\/BfZgooo8_m0?feature=oembed\" frameborder=\"0\" allow=\"accelerometer; autoplay; clipboard-write; encrypted-media; gyroscope; picture-in-picture; web-share\" referrerpolicy=\"strict-origin-when-cross-origin\" allowfullscreen><\/iframe><\/p>\n<p>Progressivement, le groupe s\u2019est \u00e9largi, attirant des militants comme des musiciens moins engag\u00e9s. Pour Laure Sichel, violoniste, \u00e9tudiante au conservatoire de Boulogne, l\u2019<span class=\"caps\">ONM<\/span> a \u00e9t\u00e9 <i>\u00ab<small class=\"fine d-inline\">\u00a0<\/small>une porte vers l\u2019engagement<small class=\"fine d-inline\">\u00a0<\/small>\u00bb<\/i>. Loin du militantisme, la jeune femme de 22 ans a depuis manifest\u00e9 en musique lors des derni\u00e8res \u00e9lections l\u00e9gislatives. De son c\u00f4t\u00e9, \u00c9tienne Cognet, militant Les \u00c9cologistes et syndicaliste, a rejoint l\u2019orchestre, apr\u00e8s les avoir vus au Climat Lib\u00e9 Tour, pour allier sa vie militante et sa passion pour la musique.<\/p>\n<div class=\"spip_document_88557 spip_document spip_documents spip_document_image spip_documents_center spip_document_center spip_document_avec_legende\" data-legende-len=\"106\" data-legende-lenx=\"xx\">\n<figure class=\"spip_doc_inner\">\n      <picture><source type=\"image\/webp\" srcset=\"https:\/\/reporterre.net\/local\/cache-vignettes\/L1050xH700\/20250201_reporterre_orchestre_nouveau_monde_mg_015-de3c4.jpg@.webp?1738945161\"><img decoding=\"async\" src=\"https:\/\/reporterre.net\/IMG\/jpg\/20250201_reporterre_orchestre_nouveau_monde_mg_015.jpg\" width=\"1200\" height=\"800\" loading=\"lazy\" alt=\"\"\/><br \/>\n    <\/source><\/picture><figcaption class=\"spip_doc_legende\">\n<p>\u00ab<small class=\"fine d-inline\">\u00a0<\/small><small class=\"fine d-inline\">\u00a0<\/small>\u00c7a ne nous parlait pas de faire de la musique pour faire de la musique.<small class=\"fine d-inline\">\u00a0<\/small><small class=\"fine d-inline\">\u00a0<\/small>\u00bb<br \/>\n<i>\u00a9 Mathieu G\u00e9non \/ Reporterre<\/i><\/p>\n<\/figcaption><\/figure>\n<\/p><\/div>\n<p><i>\u00ab<small class=\"fine d-inline\">\u00a0<\/small>Bien s\u00fbr, on ne fera pas baisser les degr\u00e9s avec des violons<small class=\"fine d-inline\">\u00a0<\/small>\u00bb<\/i>, reconna\u00eet \u00c9tienne qui a appris le tuba au sein d\u2019une harmonie municipale, mais l\u2019orchestre veut apporter sa pierre \u00e0 l\u2019\u00e9difice. Face aux associations militantes parfois anxiog\u00e8nes, la musique <i>\u00ab<small class=\"fine d-inline\">\u00a0<\/small>est un message plus doux, plus joyeux, plus accessible<small class=\"fine d-inline\">\u00a0<\/small>\u00bb<\/i>, affirme Laure. <i>\u00ab<small class=\"fine d-inline\">\u00a0<\/small>On touche un public plus large<small class=\"fine d-inline\">\u00a0<\/small>\u00bb<\/i>, ajoute-t-elle.<\/p>\n<p>L\u2019orchestre multiplie les actions coups-de-poing et les spectacles. En juin 2022, ils interrompent la conf\u00e9rence du directeur num\u00e9rique de TotalEnergies lors du salon Vivatech en interpr\u00e9tant <i>Dies ir\u00e6<\/i>, du <i>Requiem<\/i> de Mozart, pour d\u00e9noncer <a target=\"_blank\" href=\"https:\/\/reporterre.net\/Eacop-le-projet-climaticide-de-TotalEnergies-en-6-chiffres\">son projet climaticide Eacop<\/a>. Ils donnent plusieurs concerts pour le climat dans des ch\u00e2teaux de la Loire avant de participer au Climat Lib\u00e9 Tour en 2023.<\/p>\n<div class=\"spip_document_88553 spip_document spip_documents spip_document_image spip_documents_center spip_document_center spip_document_avec_legende\" data-legende-len=\"86\" data-legende-lenx=\"xx\">\n<figure class=\"spip_doc_inner\">\n      <picture><source type=\"image\/webp\" srcset=\"https:\/\/reporterre.net\/local\/cache-vignettes\/L1050xH700\/20250201_reporterre_orchestre_nouveau_monde_mg_003-08147.jpg@.webp?1738945161\"><img decoding=\"async\" src=\"https:\/\/reporterre.net\/IMG\/jpg\/20250201_reporterre_orchestre_nouveau_monde_mg_003.jpg\" width=\"1200\" height=\"800\" loading=\"lazy\" alt=\"\"\/><br \/>\n    <\/source><\/picture><figcaption class=\"spip_doc_legende\">\n<p>Ils joueront \u00ab<small class=\"fine d-inline\">\u00a0<\/small><small class=\"fine d-inline\">\u00a0<\/small>Fracas<small class=\"fine d-inline\">\u00a0<\/small><small class=\"fine d-inline\">\u00a0<\/small>\u00bb le 15\u00a0mars prochain \u00e0 l\u2019Unesco.<br \/>\n<i>\u00a9 Mathieu G\u00e9non \/ Reporterre<\/i><\/p>\n<\/figcaption><\/figure>\n<\/p><\/div>\n<p>Le 3\u00a0juillet dernier, pendant l\u2019entre-deux-tours des l\u00e9gislatives, les musiciens se rejoignent, dans le plus grand secret, \u00e0 la porte de Saint-Cloud. L\u2019op\u00e9ration est millim\u00e9tr\u00e9e. Chemise blanche et costume, instrument en main pr\u00eat \u00e0 jouer, ils prennent un bus. Celui-ci s\u2019arr\u00eate en face du si\u00e8ge du Rassemblement national (<span class=\"caps\">RN<\/span>) et repart, d\u00e9couvrant les 60\u00a0musiciens en rang d\u2019oignon sur le trottoir. Sur la chauss\u00e9e, \u00c9tienne donne le top d\u00e9part. L\u2019<span class=\"caps\">ONM<\/span> entonne l\u2019hymne p\u00e9tainiste r\u00e9\u00e9crit pour l\u2019occasion, appelant \u00e0 faire barrage \u00e0 l\u2019extr\u00eame droite\u00a0: <i>\u00ab<small class=\"fine d-inline\">\u00a0<\/small>Mar\u00e9chal les voil\u00e0<small class=\"fine d-inline\">\u00a0<\/small>!<small class=\"fine d-inline\">\u00a0<\/small>\u00bb<\/i><\/p>\n<p>Furieux, Louis Aliot, maire <span class=\"caps\">RN<\/span> de Perpignan, se pr\u00e9cipite hors du si\u00e8ge du parti, en brandissant sous le nez des musiciens une image de Fran\u00e7ois Mitterrand d\u00e9cor\u00e9 par le mar\u00e9chal P\u00e9tain. <i>\u00ab<small class=\"fine d-inline\">\u00a0<\/small>C\u2019est quand m\u00eame fou de voir les \u00e9motions qu\u2019on a suscit\u00e9es juste en jouant<small class=\"fine d-inline\">\u00a0<\/small>\u00bb<\/i>, rigole S\u00e9bastien, tromboniste, casquette blanche sur la t\u00eate, en montrant la photo sur son t\u00e9l\u00e9phone.<\/p>\n<h2 class=\"spip\">Des actions vot\u00e9es d\u00e9mocratiquement <\/h2>\n<p>Depuis septembre 2023, l\u2019<span class=\"caps\">ONM<\/span> est en r\u00e9sidence \u00e0 l\u2019Acad\u00e9mie du climat, \u00e0 Paris. Un endroit qui leur permet de c\u00f4toyer et de monter des projets avec d\u2019autres artistes engag\u00e9s comme le <a target=\"_blank\" href=\"https:\/\/reporterre.net\/Minuit-12-ces-femmes-qui-dansent-pour-le-climat\">collectif de danse Minuit 12<\/a>. Les musiciens s\u2019y retrouvent un dimanche sur deux pour r\u00e9p\u00e9ter dans une atmosph\u00e8re tr\u00e8s conviviale. <i>\u00ab<small class=\"fine d-inline\">\u00a0<\/small>Soyez en mode \u201ckiffance\u201d<small class=\"fine d-inline\">\u00a0<\/small>\u00bb<\/i>, s\u2019\u00e9crie \u00c9tienne, qui dirige les musiciens avec de grands gestes souples.<\/p>\n<p>L\u2019<span class=\"caps\">ONM<\/span> veut d\u00e9construire <i>\u00ab<small class=\"fine d-inline\">\u00a0<\/small>les rapports de force structurant la soci\u00e9t\u00e9 qui font mal aux humains et aux \u00e9cosyst\u00e8mes<small class=\"fine d-inline\">\u00a0<\/small>\u00bb<\/i>, explique \u00c9tienne Jarrier. Et cette d\u00e9construction passe aussi par un fonctionnement d\u2019orchestre singulier. <i>\u00ab<small class=\"fine d-inline\">\u00a0<\/small>L\u2019<span class=\"caps\">ONM<\/span> n\u2019est pas un orchestre, c\u2019est un lieu d\u2019exp\u00e9rimentation o\u00f9 chacun peut s\u2019\u00e9manciper<small class=\"fine d-inline\">\u00a0<\/small>\u00bb<\/i>, affirme le jeune maestro. Dans un esprit d\u00e9mocratique, les musiciens votent les futures actions \u00e0 mener ensemble.<\/p>\n<div class=\"spip_document_88563 spip_document spip_documents spip_document_image spip_documents_center spip_document_center spip_document_avec_legende\" data-legende-len=\"90\" data-legende-lenx=\"xx\">\n<figure class=\"spip_doc_inner\">\n      <picture><source type=\"image\/webp\" srcset=\"https:\/\/reporterre.net\/local\/cache-vignettes\/L1050xH700\/20250201_reporterre_orchestre_nouveau_monde_mg_042-d69e3.jpg@.webp?1738945218\"><img decoding=\"async\" src=\"https:\/\/reporterre.net\/IMG\/jpg\/20250201_reporterre_orchestre_nouveau_monde_mg_042.jpg\" width=\"1200\" height=\"800\" loading=\"lazy\" alt=\"\"\/><br \/>\n    <\/source><\/picture><figcaption class=\"spip_doc_legende\">\n<p>L\u2019orchestre refuse tout financement d\u2019entreprises \u00e9cocides.<br \/>\n<i>\u00a9 Mathieu G\u00e9non \/ Reporterre<\/i><\/p>\n<\/figcaption><\/figure>\n<\/p><\/div>\n<p>En plus des 75 musiciens, l\u2019<span class=\"caps\">ONM<\/span>, c\u2019est aussi une quinzaine de personnes qui s\u2019occupent de la logistique, la communication de leurs actions sur les r\u00e9seaux sociaux et l\u2019organisation de nouveaux projets. Dans la rue, d\u00e9ploy\u00e9s autour des musiciens, ils veillent \u00e0 ce que tout se passe sans accroc.<\/p>\n<p>Scrupuleux sur ses sources de financement, l\u2019orchestre enqu\u00eate sur la provenance de l\u2019argent qui lui est allou\u00e9. Ils ont d\u00e9j\u00e0 \u00e9t\u00e9 aid\u00e9s par le Crous et seront subventionn\u00e9s en 2025 par le fonds de dotation de l\u2019Universit\u00e9 de la Terre. <i>\u00ab<small class=\"fine d-inline\">\u00a0<\/small>C\u2019est tr\u00e8s dur dans la musique classique d\u2019avoir des financements quand on se bat contre Rolex ou <span class=\"caps\">LVMH<\/span><small class=\"fine d-inline\">\u00a0<\/small>\u00bb<\/i>, affirme le chef d\u2019orchestre, invitant le public \u00e0 acheter des affiches \u00e0 la fin de leur concert.<\/p>\n<p>L\u2019Orchestre du nouveau monde jouera de nouveau son <i>Fracas<\/i>, le 15\u00a0mars \u00e0 l\u2019Unesco, pour cl\u00f4turer l\u2019Universit\u00e9 de la Terre. <i>\u00ab<small class=\"fine d-inline\">\u00a0<\/small>Un autre monde est possible<\/i>, estime \u00c9tienne Jarrier, <i>nous voulons donner des points d\u2019accroche pour le construire.<small class=\"fine d-inline\">\u00a0<\/small>\u00bb<\/i><\/p>\n<p><center><br \/>\n  <\/p>\n<p><\/center><\/p>\n<aside class=\"boite_encarts\">\n<div class=\"encart encart_gris noprint\">\n<p><strong>Puisque vous \u00eates l\u00e0&#8230;<\/strong><\/p>\n<p>&#8230; nous avons un petit service \u00e0 vous demander.<br class=\"autobr\"\/><br \/>\nEntre la pr\u00e9sence d\u2019un climatosceptique \u00e0 la t\u00eate de la premi\u00e8re puissance mondiale, un gouvernement fran\u00e7ais qui flirte avec l\u2019extr\u00eame-droite, et les catastrophes climatiques qui s\u2019enchainent&#8230; Faire vivre l\u2019\u00e9cologie dans le d\u00e9bat public est un enjeu crucial.<\/p>\n<p>Personne ne modifie ce que nous publions. Nous n\u2019avons ni actionnaire, ni propri\u00e9taire milliardaire \u2014 seulement une \u00e9quipe d\u2019irr\u00e9ductibles journalistes, pleine de d\u00e9termination.<\/p>\n<p>Nous avons la conviction que l\u2019urgence \u00e9cologique est l\u2019enjeu majeur de notre \u00e9poque. Et comme plus de 2 millions de lectrices et lecteurs chaque mois, vous partagez sans doute cette conviction&#8230;<\/p>\n<p><strong>Depuis 12 ans, nous publions des articles de qualit\u00e9 sur l\u2019\u00e9cologie, en acc\u00e8s libre et sans publicit\u00e9, pour tous.<\/strong><br class=\"autobr\"\/><br \/>\nMais ce travail demande beaucoup de temps et de ressources.<\/p>\n<p>Alors, si vous en avez les moyens, sachez qu\u2019un don, m\u00eame d\u20191\u20ac, est un acte de soutien fort pour l\u2019\u00e9cologie et le journalisme ind\u00e9pendant.<br class=\"autobr\"\/><br \/>\n(Et \u00e7a vous prendra moins de temps que la lecture de ce texte).<\/p>\n<p><strong>Si vous le pouvez, choisissez un soutien mensuel. Merci.<\/strong><\/p>\n<p><a target=\"_blank\" href=\"https:\/\/reporterre.net\/dons\" class=\"bt_soutenir\">Je soutiens <i>Reporterre<\/i><\/a><\/p>\n<\/p><\/div>\n<div class=\"encart encart_vert noprint montre_1023\">\n<div class=\"infolettre-form-container noprint\">\n<p>Abonnez-vous \u00e0 la lettre d\u2019info de Reporterre<\/p>\n<\/div><\/div>\n<\/aside>\n<aside class=\"boite_apresarticle encart_note\">\n<h4>Apr\u00e8s cet article<\/h4>\n<p>      <a target=\"_blank\" href=\"https:\/\/reporterre.net\/Minuit-12-ces-femmes-qui-dansent-pour-le-climat\" class=\"lien_article\">\n      <picture class=\"vignette_gauche\"><source type=\"image\/webp\" srcset=\"https:\/\/reporterre.net\/local\/cache-vignettes\/L450xH300\/arton30501-a870a.jpg@.webp?1737370569\"><img decoding=\"async\" src=\"https:\/\/reporterre.net\/local\/cache-vignettes\/L450xH300\/arton30501-a870a.jpg?1737370569\" width=\"450\" height=\"300\" alt=\"\" class=\"marge12\" loading=\"lazy\"\/><br \/>\n<\/source><\/picture>\n<p class=\"libelle\">\n<p>          Portrait \u2014<\/p>\n<p>      Culture\n    <\/p>\n<p class=\"titre pol20\">Minuit 12, ces femmes qui dansent pour le climat<\/p>\n<p>      <\/a><br \/>\n    <\/aside>\n<aside class=\"boite_complement texte\">\n<p>      <!-- zone_forum --><br \/>\n          <\/aside>\n<aside class=\"boite_lireaussi noprint\">\n<\/aside>\n<aside class=\"colonne\">\n<div class=\"article_info cache_1023 noprint\">\n<p>    <span class=\"date\">17 f\u00e9vrier 2025  \u00e0 16h00<\/span><\/p>\n<p class=\"duree_lecture\">\n        Dur\u00e9e de lecture : 7 minutes\n      <\/p>\n<\/p><\/div>\n<div class=\"bloc_infolettre\">\n<div class=\"infolettre-form-container noprint\">\n<p>Abonnez-vous \u00e0 la lettre d\u2019info de Reporterre<\/p>\n<\/div><\/div>\n<\/aside><\/div>\n<p><br \/>\n<br \/><a href=\"https:\/\/reporterre.net\/Cet-orchestre-qui-denonce-Total-le-RN-et-la-fonte-des-glaciers\" target=\"_blank\"\">Source link <\/a><\/p>\n","protected":false},"excerpt":{"rendered":"<p>Paris, reportage Dans la salle des f\u00eates de l\u2019Acad\u00e9mie du climat, \u00e0 Paris, l\u2019Orchestre du nouveau monde (ONM) s\u2019appr\u00eate \u00e0 jouer sa cr\u00e9ation, Fracas. La moiti\u00e9 des chaises de l\u2019orchestre&hellip; <\/p>\n","protected":false},"author":1,"featured_media":2805,"comment_status":"open","ping_status":"open","sticky":false,"template":"","format":"standard","meta":{"footnotes":""},"categories":[1],"tags":[],"class_list":["post-2804","post","type-post","status-publish","format-standard","has-post-thumbnail","hentry","category-non-classe"],"_links":{"self":[{"href":"https:\/\/monde25.info\/index.php\/wp-json\/wp\/v2\/posts\/2804","targetHints":{"allow":["GET"]}}],"collection":[{"href":"https:\/\/monde25.info\/index.php\/wp-json\/wp\/v2\/posts"}],"about":[{"href":"https:\/\/monde25.info\/index.php\/wp-json\/wp\/v2\/types\/post"}],"author":[{"embeddable":true,"href":"https:\/\/monde25.info\/index.php\/wp-json\/wp\/v2\/users\/1"}],"replies":[{"embeddable":true,"href":"https:\/\/monde25.info\/index.php\/wp-json\/wp\/v2\/comments?post=2804"}],"version-history":[{"count":0,"href":"https:\/\/monde25.info\/index.php\/wp-json\/wp\/v2\/posts\/2804\/revisions"}],"wp:featuredmedia":[{"embeddable":true,"href":"https:\/\/monde25.info\/index.php\/wp-json\/wp\/v2\/media\/2805"}],"wp:attachment":[{"href":"https:\/\/monde25.info\/index.php\/wp-json\/wp\/v2\/media?parent=2804"}],"wp:term":[{"taxonomy":"category","embeddable":true,"href":"https:\/\/monde25.info\/index.php\/wp-json\/wp\/v2\/categories?post=2804"},{"taxonomy":"post_tag","embeddable":true,"href":"https:\/\/monde25.info\/index.php\/wp-json\/wp\/v2\/tags?post=2804"}],"curies":[{"name":"wp","href":"https:\/\/api.w.org\/{rel}","templated":true}]}}